{"id":11649,"date":"2011-10-27T09:53:56","date_gmt":"2011-10-27T09:53:56","guid":{"rendered":"https:\/\/fieldhockey.ca\/fr\/2011\/10\/27\/Sue-Neill-nomme-secrtaire-gnral-honoraire-vie-par-la-PAHF\/"},"modified":"2011-10-27T09:53:56","modified_gmt":"2011-10-27T09:53:56","slug":"Sue-Neill-nomme-secrtaire-gnral-honoraire-vie-par-la-PAHF","status":"publish","type":"post","link":"https:\/\/fieldhockey.ca\/fr\/Sue-Neill-nomme-secrtaire-gnral-honoraire-vie-par-la-PAHF\/","title":{"rendered":"Sue Neill nomm\u00e9e secr\u00e9taire g\u00e9n\u00e9ral honoraire \u00e0 vie par la PAHF"},"content":{"rendered":"<p class=\"yiv123586683msonormal\">Le D<sup>r<\/sup> Sue Neill a &eacute;t&eacute; nomm&eacute;e secr&eacute;taire g&eacute;n&eacute;ral honoraire &agrave; vie par la Pan American Hockey Federation au cours du congr&egrave;s de la PAHF &agrave; Guadalajara, au Mexique. Cet honneur souligne la contribution de Neill au d&eacute;veloppement du hockey sur gazon dans les Am&eacute;riques au cours des 25 derni&egrave;res ann&eacute;es.<\/p>\n<p class=\"yiv123586683msonormal\">&nbsp;Sue Neill a &eacute;t&eacute; &eacute;lue au conseil d&rsquo;administration de la PAHF en 1983. Elle a &eacute;t&eacute; pr&eacute;sidente des comit&eacute;s de comp&eacute;tition et du d&eacute;veloppement et a &eacute;t&eacute; &eacute;lue secr&eacute;taire g&eacute;n&eacute;ral en 1995. Durant la p&eacute;riode o&ugrave; elle a occup&eacute; ce poste, elle a &oelig;uvr&eacute; avec Tony von Ondarza, pr&eacute;sident de la PAHF qui d&eacute;crit Sue comme &laquo;&nbsp;sa main droite et sa main gauche&nbsp;&raquo;. D<sup>r<\/sup> Neill poursuivra son engagement &agrave; la PAHF alors que cette derni&egrave;re effectue la transition &agrave; un nouveau secr&eacute;taire g&eacute;n&eacute;ral. De plus, Sue demeure membre du conseil ex&eacute;cutif de la F&eacute;d&eacute;ration internationale de hockey.<\/p>\n<p class=\"yiv123586683msonormal\">Au cours des ann&eacute;es, Sue a non seulement apport&eacute; d&rsquo;&eacute;normes contributions au niveau international, elle a aussi fait montre de leadership incroyable pour le sport au Canada. Au nom de toute la communaut&eacute; de hockey sur gazon canadienne&nbsp;: f&eacute;licitations Sue!<\/p>\n","protected":false},"excerpt":{"rendered":"<p>Cet honneur souligne la contribution de Neill au d\u00e9veloppement du hockey sur gazon dans les Am\u00e9riques au cours des 25 derni\u00e8res ann\u00e9es.<\/p>\n","protected":false},"author":1,"featured_media":19837,"comment_status":"open","ping_status":"open","sticky":false,"template":"","format":"standard","meta":{"footnotes":""},"categories":[365],"tags":[],"class_list":["post-11649","post","type-post","status-publish","format-standard","has-post-thumbnail","hentry","category-non-classifiee"],"yoast_head":"<!-- This site is optimized with the Yoast SEO plugin v26.8 - https:\/\/yoast.com\/product\/yoast-seo-wordpress\/ -->\n<title>Sue Neill nomm\u00e9e secr\u00e9taire g\u00e9n\u00e9ral honoraire \u00e0 vie par la PAHF - Field Hockey Canada<\/title>\n<meta name=\"robots\" content=\"index, follow, max-snippet:-1, max-image-preview:large, max-video-preview:-1\" \/>\n<link rel=\"canonical\" href=\"https:\/\/fieldhockey.ca\/fr\/Sue-Neill-nomme-secrtaire-gnral-honoraire-vie-par-la-PAHF\/\" \/>\n<meta property=\"og:locale\" content=\"fr_CA\" \/>\n<meta property=\"og:type\" content=\"article\" \/>\n<meta property=\"og:title\" content=\"Sue Neill nomm\u00e9e secr\u00e9taire g\u00e9n\u00e9ral honoraire \u00e0 vie par la PAHF - Field Hockey Canada\" \/>\n<meta property=\"og:description\" content=\"Cet honneur souligne la contribution de Neill au d\u00e9veloppement du hockey sur gazon dans les Am\u00e9riques au cours des 25 derni\u00e8res ann\u00e9es.\" \/>\n<meta property=\"og:url\" content=\"https:\/\/fieldhockey.ca\/fr\/Sue-Neill-nomme-secrtaire-gnral-honoraire-vie-par-la-PAHF\/\" \/>\n<meta property=\"og:site_name\" content=\"Field Hockey Canada\" \/>\n<meta property=\"article:published_time\" content=\"2011-10-27T09:53:56+00:00\" \/>\n<meta property=\"og:image\" content=\"https:\/\/fieldhockey.ca\/wp-content\/uploads\/News%20Article%20Graphics\/Sue%20Neill%202_web.jpg\" \/>\n\t<meta property=\"og:image:width\" content=\"550\" \/>\n\t<meta property=\"og:image:height\" content=\"365\" \/>\n\t<meta property=\"og:image:type\" content=\"image\/jpeg\" \/>\n<meta name=\"author\" content=\"Field Hockey Canada\" \/>\n<meta name=\"twitter:card\" content=\"summary_large_image\" \/>\n<meta name=\"twitter:label1\" content=\"\u00c9crit par\" \/>\n\t<meta name=\"twitter:data1\" content=\"Field Hockey Canada\" \/>\n\t<meta name=\"twitter:label2\" content=\"Estimation du temps de lecture\" \/>\n\t<meta name=\"twitter:data2\" content=\"1 minute\" \/>\n<script type=\"application\/ld+json\" class=\"yoast-schema-graph\">{\"@context\":\"https:\/\/schema.org\",\"@graph\":[{\"@type\":\"Article\",\"@id\":\"https:\/\/fieldhockey.ca\/fr\/Sue-Neill-nomme-secrtaire-gnral-honoraire-vie-par-la-PAHF\/#article\",\"isPartOf\":{\"@id\":\"https:\/\/fieldhockey.ca\/fr\/Sue-Neill-nomme-secrtaire-gnral-honoraire-vie-par-la-PAHF\/\"},\"author\":{\"name\":\"Field Hockey Canada\",\"@id\":\"https:\/\/fieldhockey.ca\/#\/schema\/person\/605f0a83a02f7d0ad4ccb4b1beaac576\"},\"headline\":\"Sue Neill nomm\u00e9e secr\u00e9taire g\u00e9n\u00e9ral honoraire \u00e0 vie par la PAHF\",\"datePublished\":\"2011-10-27T09:53:56+00:00\",\"mainEntityOfPage\":{\"@id\":\"https:\/\/fieldhockey.ca\/fr\/Sue-Neill-nomme-secrtaire-gnral-honoraire-vie-par-la-PAHF\/\"},\"wordCount\":282,\"commentCount\":0,\"image\":{\"@id\":\"https:\/\/fieldhockey.ca\/fr\/Sue-Neill-nomme-secrtaire-gnral-honoraire-vie-par-la-PAHF\/#primaryimage\"},\"thumbnailUrl\":\"https:\/\/fieldhockey.ca\/wp-content\/uploads\/News Article Graphics\/Sue Neill 2_web.jpg\",\"articleSection\":[\"Non classifi\u00e9(e)\"],\"inLanguage\":\"fr-CA\",\"potentialAction\":[{\"@type\":\"CommentAction\",\"name\":\"Comment\",\"target\":[\"https:\/\/fieldhockey.ca\/fr\/Sue-Neill-nomme-secrtaire-gnral-honoraire-vie-par-la-PAHF\/#respond\"]}]},{\"@type\":\"WebPage\",\"@id\":\"https:\/\/fieldhockey.ca\/fr\/Sue-Neill-nomme-secrtaire-gnral-honoraire-vie-par-la-PAHF\/\",\"url\":\"https:\/\/fieldhockey.ca\/fr\/Sue-Neill-nomme-secrtaire-gnral-honoraire-vie-par-la-PAHF\/\",\"name\":\"Sue Neill nomm\u00e9e secr\u00e9taire g\u00e9n\u00e9ral honoraire \u00e0 vie par la PAHF - Field Hockey Canada\",\"isPartOf\":{\"@id\":\"https:\/\/fieldhockey.ca\/#website\"},\"primaryImageOfPage\":{\"@id\":\"https:\/\/fieldhockey.ca\/fr\/Sue-Neill-nomme-secrtaire-gnral-honoraire-vie-par-la-PAHF\/#primaryimage\"},\"image\":{\"@id\":\"https:\/\/fieldhockey.ca\/fr\/Sue-Neill-nomme-secrtaire-gnral-honoraire-vie-par-la-PAHF\/#primaryimage\"},\"thumbnailUrl\":\"https:\/\/fieldhockey.ca\/wp-content\/uploads\/News Article Graphics\/Sue Neill 2_web.jpg\",\"datePublished\":\"2011-10-27T09:53:56+00:00\",\"author\":{\"@id\":\"https:\/\/fieldhockey.ca\/#\/schema\/person\/605f0a83a02f7d0ad4ccb4b1beaac576\"},\"breadcrumb\":{\"@id\":\"https:\/\/fieldhockey.ca\/fr\/Sue-Neill-nomme-secrtaire-gnral-honoraire-vie-par-la-PAHF\/#breadcrumb\"},\"inLanguage\":\"fr-CA\",\"potentialAction\":[{\"@type\":\"ReadAction\",\"target\":[\"https:\/\/fieldhockey.ca\/fr\/Sue-Neill-nomme-secrtaire-gnral-honoraire-vie-par-la-PAHF\/\"]}]},{\"@type\":\"ImageObject\",\"inLanguage\":\"fr-CA\",\"@id\":\"https:\/\/fieldhockey.ca\/fr\/Sue-Neill-nomme-secrtaire-gnral-honoraire-vie-par-la-PAHF\/#primaryimage\",\"url\":\"https:\/\/fieldhockey.ca\/wp-content\/uploads\/News Article Graphics\/Sue Neill 2_web.jpg\",\"contentUrl\":\"https:\/\/fieldhockey.ca\/wp-content\/uploads\/News Article Graphics\/Sue Neill 2_web.jpg\",\"width\":550,\"height\":365},{\"@type\":\"BreadcrumbList\",\"@id\":\"https:\/\/fieldhockey.ca\/fr\/Sue-Neill-nomme-secrtaire-gnral-honoraire-vie-par-la-PAHF\/#breadcrumb\",\"itemListElement\":[{\"@type\":\"ListItem\",\"position\":1,\"name\":\"Home\",\"item\":\"https:\/\/fieldhockey.ca\/fr\/\"},{\"@type\":\"ListItem\",\"position\":2,\"name\":\"Sue Neill nomm\u00e9e secr\u00e9taire g\u00e9n\u00e9ral honoraire \u00e0 vie par la PAHF\"}]},{\"@type\":\"WebSite\",\"@id\":\"https:\/\/fieldhockey.ca\/#website\",\"url\":\"https:\/\/fieldhockey.ca\/\",\"name\":\"Field Hockey Canada\",\"description\":\"Canada\u2019s governing body for field hockey\",\"potentialAction\":[{\"@type\":\"SearchAction\",\"target\":{\"@type\":\"EntryPoint\",\"urlTemplate\":\"https:\/\/fieldhockey.ca\/?s={search_term_string}\"},\"query-input\":{\"@type\":\"PropertyValueSpecification\",\"valueRequired\":true,\"valueName\":\"search_term_string\"}}],\"inLanguage\":\"fr-CA\"},{\"@type\":\"Person\",\"@id\":\"https:\/\/fieldhockey.ca\/#\/schema\/person\/605f0a83a02f7d0ad4ccb4b1beaac576\",\"name\":\"Field Hockey Canada\",\"image\":{\"@type\":\"ImageObject\",\"inLanguage\":\"fr-CA\",\"@id\":\"https:\/\/fieldhockey.ca\/#\/schema\/person\/image\/\",\"url\":\"https:\/\/secure.gravatar.com\/avatar\/a4f9beb90d43ae518e817bfdba9a6519366ce75cd0860c92e6184f84364c6a53?s=96&d=mm&r=g\",\"contentUrl\":\"https:\/\/secure.gravatar.com\/avatar\/a4f9beb90d43ae518e817bfdba9a6519366ce75cd0860c92e6184f84364c6a53?s=96&d=mm&r=g\",\"caption\":\"Field Hockey Canada\"},\"url\":\"https:\/\/fieldhockey.ca\/fr\/author\/fhc_admin_user\/\"}]}<\/script>\n<!-- \/ Yoast SEO plugin. -->","yoast_head_json":{"title":"Sue Neill nomm\u00e9e secr\u00e9taire g\u00e9n\u00e9ral honoraire \u00e0 vie par la PAHF - Field Hockey Canada","robots":{"index":"index","follow":"follow","max-snippet":"max-snippet:-1","max-image-preview":"max-image-preview:large","max-video-preview":"max-video-preview:-1"},"canonical":"https:\/\/fieldhockey.ca\/fr\/Sue-Neill-nomme-secrtaire-gnral-honoraire-vie-par-la-PAHF\/","og_locale":"fr_CA","og_type":"article","og_title":"Sue Neill nomm\u00e9e secr\u00e9taire g\u00e9n\u00e9ral honoraire \u00e0 vie par la PAHF - Field Hockey Canada","og_description":"Cet honneur souligne la contribution de Neill au d\u00e9veloppement du hockey sur gazon dans les Am\u00e9riques au cours des 25 derni\u00e8res ann\u00e9es.","og_url":"https:\/\/fieldhockey.ca\/fr\/Sue-Neill-nomme-secrtaire-gnral-honoraire-vie-par-la-PAHF\/","og_site_name":"Field Hockey Canada","article_published_time":"2011-10-27T09:53:56+00:00","og_image":[{"width":550,"height":365,"url":"https:\/\/fieldhockey.ca\/wp-content\/uploads\/News Article Graphics\/Sue Neill 2_web.jpg","type":"image\/jpeg"}],"author":"Field Hockey Canada","twitter_card":"summary_large_image","twitter_misc":{"\u00c9crit par":"Field Hockey Canada","Estimation du temps de lecture":"1 minute"},"schema":{"@context":"https:\/\/schema.org","@graph":[{"@type":"Article","@id":"https:\/\/fieldhockey.ca\/fr\/Sue-Neill-nomme-secrtaire-gnral-honoraire-vie-par-la-PAHF\/#article","isPartOf":{"@id":"https:\/\/fieldhockey.ca\/fr\/Sue-Neill-nomme-secrtaire-gnral-honoraire-vie-par-la-PAHF\/"},"author":{"name":"Field Hockey Canada","@id":"https:\/\/fieldhockey.ca\/#\/schema\/person\/605f0a83a02f7d0ad4ccb4b1beaac576"},"headline":"Sue Neill nomm\u00e9e secr\u00e9taire g\u00e9n\u00e9ral honoraire \u00e0 vie par la PAHF","datePublished":"2011-10-27T09:53:56+00:00","mainEntityOfPage":{"@id":"https:\/\/fieldhockey.ca\/fr\/Sue-Neill-nomme-secrtaire-gnral-honoraire-vie-par-la-PAHF\/"},"wordCount":282,"commentCount":0,"image":{"@id":"https:\/\/fieldhockey.ca\/fr\/Sue-Neill-nomme-secrtaire-gnral-honoraire-vie-par-la-PAHF\/#primaryimage"},"thumbnailUrl":"https:\/\/fieldhockey.ca\/wp-content\/uploads\/News Article Graphics\/Sue Neill 2_web.jpg","articleSection":["Non classifi\u00e9(e)"],"inLanguage":"fr-CA","potentialAction":[{"@type":"CommentAction","name":"Comment","target":["https:\/\/fieldhockey.ca\/fr\/Sue-Neill-nomme-secrtaire-gnral-honoraire-vie-par-la-PAHF\/#respond"]}]},{"@type":"WebPage","@id":"https:\/\/fieldhockey.ca\/fr\/Sue-Neill-nomme-secrtaire-gnral-honoraire-vie-par-la-PAHF\/","url":"https:\/\/fieldhockey.ca\/fr\/Sue-Neill-nomme-secrtaire-gnral-honoraire-vie-par-la-PAHF\/","name":"Sue Neill nomm\u00e9e secr\u00e9taire g\u00e9n\u00e9ral honoraire \u00e0 vie par la PAHF - Field Hockey Canada","isPartOf":{"@id":"https:\/\/fieldhockey.ca\/#website"},"primaryImageOfPage":{"@id":"https:\/\/fieldhockey.ca\/fr\/Sue-Neill-nomme-secrtaire-gnral-honoraire-vie-par-la-PAHF\/#primaryimage"},"image":{"@id":"https:\/\/fieldhockey.ca\/fr\/Sue-Neill-nomme-secrtaire-gnral-honoraire-vie-par-la-PAHF\/#primaryimage"},"thumbnailUrl":"https:\/\/fieldhockey.ca\/wp-content\/uploads\/News Article Graphics\/Sue Neill 2_web.jpg","datePublished":"2011-10-27T09:53:56+00:00","author":{"@id":"https:\/\/fieldhockey.ca\/#\/schema\/person\/605f0a83a02f7d0ad4ccb4b1beaac576"},"breadcrumb":{"@id":"https:\/\/fieldhockey.ca\/fr\/Sue-Neill-nomme-secrtaire-gnral-honoraire-vie-par-la-PAHF\/#breadcrumb"},"inLanguage":"fr-CA","potentialAction":[{"@type":"ReadAction","target":["https:\/\/fieldhockey.ca\/fr\/Sue-Neill-nomme-secrtaire-gnral-honoraire-vie-par-la-PAHF\/"]}]},{"@type":"ImageObject","inLanguage":"fr-CA","@id":"https:\/\/fieldhockey.ca\/fr\/Sue-Neill-nomme-secrtaire-gnral-honoraire-vie-par-la-PAHF\/#primaryimage","url":"https:\/\/fieldhockey.ca\/wp-content\/uploads\/News Article Graphics\/Sue Neill 2_web.jpg","contentUrl":"https:\/\/fieldhockey.ca\/wp-content\/uploads\/News Article Graphics\/Sue Neill 2_web.jpg","width":550,"height":365},{"@type":"BreadcrumbList","@id":"https:\/\/fieldhockey.ca\/fr\/Sue-Neill-nomme-secrtaire-gnral-honoraire-vie-par-la-PAHF\/#breadcrumb","itemListElement":[{"@type":"ListItem","position":1,"name":"Home","item":"https:\/\/fieldhockey.ca\/fr\/"},{"@type":"ListItem","position":2,"name":"Sue Neill nomm\u00e9e secr\u00e9taire g\u00e9n\u00e9ral honoraire \u00e0 vie par la PAHF"}]},{"@type":"WebSite","@id":"https:\/\/fieldhockey.ca\/#website","url":"https:\/\/fieldhockey.ca\/","name":"Field Hockey Canada","description":"Canada\u2019s governing body for field hockey","potentialAction":[{"@type":"SearchAction","target":{"@type":"EntryPoint","urlTemplate":"https:\/\/fieldhockey.ca\/?s={search_term_string}"},"query-input":{"@type":"PropertyValueSpecification","valueRequired":true,"valueName":"search_term_string"}}],"inLanguage":"fr-CA"},{"@type":"Person","@id":"https:\/\/fieldhockey.ca\/#\/schema\/person\/605f0a83a02f7d0ad4ccb4b1beaac576","name":"Field Hockey Canada","image":{"@type":"ImageObject","inLanguage":"fr-CA","@id":"https:\/\/fieldhockey.ca\/#\/schema\/person\/image\/","url":"https:\/\/secure.gravatar.com\/avatar\/a4f9beb90d43ae518e817bfdba9a6519366ce75cd0860c92e6184f84364c6a53?s=96&d=mm&r=g","contentUrl":"https:\/\/secure.gravatar.com\/avatar\/a4f9beb90d43ae518e817bfdba9a6519366ce75cd0860c92e6184f84364c6a53?s=96&d=mm&r=g","caption":"Field Hockey Canada"},"url":"https:\/\/fieldhockey.ca\/fr\/author\/fhc_admin_user\/"}]}},"_links":{"self":[{"href":"https:\/\/fieldhockey.ca\/fr\/wp-json\/wp\/v2\/posts\/11649","targetHints":{"allow":["GET"]}}],"collection":[{"href":"https:\/\/fieldhockey.ca\/fr\/wp-json\/wp\/v2\/posts"}],"about":[{"href":"https:\/\/fieldhockey.ca\/fr\/wp-json\/wp\/v2\/types\/post"}],"author":[{"embeddable":true,"href":"https:\/\/fieldhockey.ca\/fr\/wp-json\/wp\/v2\/users\/1"}],"replies":[{"embeddable":true,"href":"https:\/\/fieldhockey.ca\/fr\/wp-json\/wp\/v2\/comments?post=11649"}],"version-history":[{"count":0,"href":"https:\/\/fieldhockey.ca\/fr\/wp-json\/wp\/v2\/posts\/11649\/revisions"}],"wp:featuredmedia":[{"embeddable":true,"href":"https:\/\/fieldhockey.ca\/fr\/wp-json\/wp\/v2\/media\/19837"}],"wp:attachment":[{"href":"https:\/\/fieldhockey.ca\/fr\/wp-json\/wp\/v2\/media?parent=11649"}],"wp:term":[{"taxonomy":"category","embeddable":true,"href":"https:\/\/fieldhockey.ca\/fr\/wp-json\/wp\/v2\/categories?post=11649"},{"taxonomy":"post_tag","embeddable":true,"href":"https:\/\/fieldhockey.ca\/fr\/wp-json\/wp\/v2\/tags?post=11649"}],"curies":[{"name":"wp","href":"https:\/\/api.w.org\/{rel}","templated":true}]}}