{"id":11814,"date":"2012-09-21T12:03:58","date_gmt":"2012-09-21T12:03:58","guid":{"rendered":"https:\/\/fieldhockey.ca\/fr\/2012\/09\/21\/La-formation-Target-2017-de-lquipe-nationale-junior-fminine-est-annonce\/"},"modified":"2012-09-21T12:03:58","modified_gmt":"2012-09-21T12:03:58","slug":"La-formation-Target-2017-de-lquipe-nationale-junior-fminine-est-annonce","status":"publish","type":"post","link":"https:\/\/fieldhockey.ca\/fr\/La-formation-Target-2017-de-lquipe-nationale-junior-fminine-est-annonce\/","title":{"rendered":"La formation Target 2017 de l\u2019\u00e9quipe nationale junior f\u00e9minine est annonc\u00e9e"},"content":{"rendered":"<p>La formation Target 2017 de l&rsquo;&eacute;quipe nationale junior f&eacute;minine est annonc&eacute;e<\/p>\n<p>63 athl&egrave;tes identifi&eacute;es<\/p>\n<p>Hockey sur gazon Canada est fi&egrave;re d&rsquo;annoncer les 63 athl&egrave;tes nomm&eacute;es &agrave; sa formation f&eacute;minine junior Target 2017. La formation Target 2017 est le groupe d&rsquo;athl&egrave;tes admissibles &agrave; participer &agrave; la Coupe du monde junior de 2017, dont plusieurs athl&egrave;tes ne sont admissibles &agrave; participer qu&rsquo;&agrave; l&rsquo;&eacute;preuve de qualification pour la Coupe du monde junior en 2016.<\/p>\n<p>Krista Thompson, entra&icirc;neure-chef, a nomm&eacute; les membres de sa formation plus t&ocirc;t cette semaine. Les athl&egrave;tes ont &eacute;t&eacute; identifi&eacute;es et choisies pour leur performance dans le cadre du USA-Canada Challenge du mois d&rsquo;avril et des championnats nationaux 2012 senior, U18 et U16 de cet &eacute;t&eacute;. F&eacute;licitations &agrave; toutes les athl&egrave;tes choisies.&nbsp;<\/p>\n<p>&nbsp;<\/p>\n<h5 style=\"text-align: center;\">La formation Target 2017<\/h5>\n<p> <\/p>\n<table class=\"table_altius_blue hover\" style=\"width: 350px;\" border=\"0\" cellspacing=\"0\" cellpadding=\"0\" align=\"center\">\n<colgroup>\n<col width=\"263\"><\/col>\n<col width=\"95\"><\/col>\n<\/colgroup>\n<tbody>\n<tr height=\"21\">\n<td class=\"xl63\" style=\"text-align: left;\" width=\"263\" height=\"21\">Abbey   McLennan<\/td>\n<td class=\"xl64\" width=\"88\">PEI<\/td>\n<\/tr>\n<tr height=\"21\">\n<td class=\"xl63\" height=\"21\">Adrea Donaldson<\/td>\n<td class=\"xl64\">BC<\/td>\n<\/tr>\n<tr height=\"21\">\n<td class=\"xl63\" height=\"21\">Alexis DeArmond<\/td>\n<td class=\"xl64\">BC<\/td>\n<\/tr>\n<tr height=\"21\">\n<td class=\"xl63\" height=\"21\">Allegra Whistler<\/td>\n<td class=\"xl64\">BC<\/td>\n<\/tr>\n<tr height=\"21\">\n<td class=\"xl63\" height=\"21\"><a href=\"\/en\/athletes-99-alyssa-bull\">Alyssa Bull&nbsp;<\/a><\/td>\n<td class=\"xl64\">Ontario<\/td>\n<\/tr>\n<tr height=\"21\">\n<td class=\"xl63\" height=\"21\">Amber Sandhu<\/td>\n<td class=\"xl64\">BC<\/td>\n<\/tr>\n<tr height=\"21\">\n<td class=\"xl63\" height=\"21\">Anna Ewasechko&nbsp;<\/td>\n<td class=\"xl64\">AB<\/td>\n<\/tr>\n<tr height=\"21\">\n<td class=\"xl63\" height=\"21\">Annie Walters-Shumka<\/td>\n<td class=\"xl64\">BC<\/td>\n<\/tr>\n<tr height=\"21\">\n<td class=\"xl63\" height=\"21\">Annika Taylor (gk)<\/td>\n<td class=\"xl64\">BC<\/td>\n<\/tr>\n<tr height=\"21\">\n<td class=\"xl63\" height=\"21\">Ashley Donaldson<\/td>\n<td class=\"xl64\">BC<\/td>\n<\/tr>\n<tr height=\"21\">\n<td class=\"xl63\" height=\"21\"><a href=\"\/en\/athletes-274-ashley-kristen\">Ashley Kristen&nbsp;<\/a><\/td>\n<td class=\"xl64\">BC<\/td>\n<\/tr>\n<tr height=\"21\">\n<td class=\"xl63\" height=\"21\">Ashley Mendonca&nbsp;<\/td>\n<td class=\"xl64\">Ontario<\/td>\n<\/tr>\n<tr height=\"21\">\n<td class=\"xl63\" height=\"21\">Brittany Avery&nbsp;<\/td>\n<td class=\"xl64\">NS<\/td>\n<\/tr>\n<tr height=\"21\">\n<td class=\"xl63\" height=\"21\">Cailean Meredith&nbsp;<\/td>\n<td class=\"xl64\">BC<\/td>\n<\/tr>\n<tr height=\"21\">\n<td class=\"xl63\" height=\"21\">Casey Crowley&nbsp;<\/td>\n<td class=\"xl64\">BC<\/td>\n<\/tr>\n<tr height=\"21\">\n<td class=\"xl63\" height=\"21\">Cassidy Bremner&nbsp;<\/td>\n<td class=\"xl64\">BC<\/td>\n<\/tr>\n<tr height=\"21\">\n<td class=\"xl63\" height=\"21\">Chelcie Mendonca&nbsp;<\/td>\n<td class=\"xl64\">Ontario<\/td>\n<\/tr>\n<tr height=\"21\">\n<td class=\"xl63\" height=\"21\">Chelsey Cleemoff<\/td>\n<td class=\"xl64\">BC<\/td>\n<\/tr>\n<tr height=\"21\">\n<td class=\"xl63\" height=\"21\">Ciara Condon<\/td>\n<td class=\"xl64\">Ontario<\/td>\n<\/tr>\n<tr height=\"21\">\n<td class=\"xl63\" height=\"21\">Claire Seeliger&nbsp;<\/td>\n<td class=\"xl64\">BC<\/td>\n<\/tr>\n<tr height=\"21\">\n<td class=\"xl63\" height=\"21\">Danielle Aviani<\/td>\n<td class=\"xl64\">BC<\/td>\n<\/tr>\n<tr height=\"21\">\n<td class=\"xl63\" height=\"21\">Ella Mosky&nbsp;<\/td>\n<td class=\"xl64\">BC<\/td>\n<\/tr>\n<tr height=\"21\">\n<td class=\"xl63\" height=\"21\">Ellie Cookson&nbsp;<\/td>\n<td class=\"xl64\">Ontario<\/td>\n<\/tr>\n<tr height=\"21\">\n<td class=\"xl63\" height=\"21\">Elspeth McGillivray<\/td>\n<td class=\"xl64\">BC<\/td>\n<\/tr>\n<tr height=\"21\">\n<td class=\"xl63\" height=\"21\">Emma Cochrane (gk)&nbsp;<\/td>\n<td class=\"xl64\">BC<\/td>\n<\/tr>\n<tr height=\"21\">\n<td class=\"xl63\" height=\"21\">Emma Mackie&nbsp;<\/td>\n<td class=\"xl64\">BC<\/td>\n<\/tr>\n<tr height=\"21\">\n<td class=\"xl63\" height=\"21\">Gillian Kirkpatrick<\/td>\n<td class=\"xl64\">BC<\/td>\n<\/tr>\n<tr height=\"21\">\n<td class=\"xl63\" height=\"21\">Grace Sullivan (gk)<\/td>\n<td class=\"xl64\">PEI<\/td>\n<\/tr>\n<tr height=\"21\">\n<td class=\"xl63\" height=\"21\">Gwenyth Erhardt (gk)&nbsp;<\/td>\n<td class=\"xl64\">Ontario<\/td>\n<\/tr>\n<tr height=\"21\">\n<td class=\"xl63\" height=\"21\">Hailey Reeves<\/td>\n<td class=\"xl64\">BC<\/td>\n<\/tr>\n<tr height=\"21\">\n<td class=\"xl63\" height=\"21\">Holly Scherer&nbsp;<\/td>\n<td class=\"xl64\">Ontario<\/td>\n<\/tr>\n<tr height=\"21\">\n<td class=\"xl63\" height=\"21\">Jenna Dhillon&nbsp;<\/td>\n<td class=\"xl64\">BC<\/td>\n<\/tr>\n<tr height=\"21\">\n<td class=\"xl63\" height=\"21\">Katarina Angus&nbsp;<\/td>\n<td class=\"xl64\">BC<\/td>\n<\/tr>\n<tr height=\"21\">\n<td class=\"xl63\" height=\"21\">Krista Jensen (gk)&nbsp;<\/td>\n<td class=\"xl64\">BC<\/td>\n<\/tr>\n<tr height=\"21\">\n<td class=\"xl63\" height=\"21\">Kristen Hunt (gk)<\/td>\n<td class=\"xl64\">MB<\/td>\n<\/tr>\n<tr height=\"21\">\n<td class=\"xl63\" height=\"21\">Kristen Taylor&nbsp;<\/td>\n<td class=\"xl64\">BC<\/td>\n<\/tr>\n<tr height=\"21\">\n<td class=\"xl63\" height=\"21\">Kristina Walters &ndash;   Shumka&nbsp;<\/td>\n<td class=\"xl64\">BC<\/td>\n<\/tr>\n<tr height=\"21\">\n<td class=\"xl63\" height=\"21\">Laura MacLachlan&nbsp;<\/td>\n<td class=\"xl64\">BC<\/td>\n<\/tr>\n<tr height=\"21\">\n<td class=\"xl63\" height=\"21\">Lauren Archibald&nbsp;<\/td>\n<td class=\"xl64\">Ontario<\/td>\n<\/tr>\n<tr height=\"21\">\n<td class=\"xl63\" height=\"21\">Lauren Perry&nbsp;<\/td>\n<td class=\"xl64\">AB<\/td>\n<\/tr>\n<tr height=\"21\">\n<td class=\"xl63\" height=\"21\">Leah Frome<\/td>\n<td class=\"xl64\">BC<\/td>\n<\/tr>\n<tr height=\"21\">\n<td class=\"xl63\" height=\"21\">Libby Riedl&nbsp;<\/td>\n<td class=\"xl64\">BC<\/td>\n<\/tr>\n<tr height=\"21\">\n<td class=\"xl63\" height=\"21\">Madison Thompson<\/td>\n<td class=\"xl64\">Ontario<\/td>\n<\/tr>\n<tr height=\"21\">\n<td class=\"xl63\" height=\"21\">Natalie Stewart&nbsp;<\/td>\n<td class=\"xl64\">BC<\/td>\n<\/tr>\n<tr height=\"21\">\n<td class=\"xl63\" height=\"21\">Nikki Woodcroft<\/td>\n<td class=\"xl64\">Ontario<\/td>\n<\/tr>\n<tr height=\"21\">\n<td class=\"xl63\" height=\"21\">Paige Hamilton&nbsp;<\/td>\n<td class=\"xl64\">BC<\/td>\n<\/tr>\n<tr height=\"21\">\n<td class=\"xl63\" height=\"21\">Paige Vincent&nbsp;<\/td>\n<td class=\"xl64\">NS<\/td>\n<\/tr>\n<tr height=\"21\">\n<td class=\"xl63\" height=\"21\">Priya Randhawa<\/td>\n<td class=\"xl64\">BC<\/td>\n<\/tr>\n<tr height=\"21\">\n<td class=\"xl63\" height=\"21\">Rachel Raffard (gk)&nbsp;<\/td>\n<td class=\"xl64\">BC<\/td>\n<\/tr>\n<tr height=\"21\">\n<td class=\"xl63\" height=\"21\">Samantha Gomes<\/td>\n<td class=\"xl64\">Ontario<\/td>\n<\/tr>\n<tr height=\"21\">\n<td class=\"xl63\" height=\"21\">Samantha McIlwrick<\/td>\n<td class=\"xl64\">BC<\/td>\n<\/tr>\n<tr height=\"21\">\n<td class=\"xl63\" height=\"21\">Shanelle Fernando (gk)&nbsp;<\/td>\n<td class=\"xl64\">Ontario<\/td>\n<\/tr>\n<tr height=\"21\">\n<td class=\"xl63\" height=\"21\">Shannon Eby&nbsp;<\/td>\n<td class=\"xl64\">Ontario<\/td>\n<\/tr>\n<tr height=\"21\">\n<td class=\"xl63\" height=\"21\">Sheridan Goodmanson (gk)&nbsp;<\/td>\n<td class=\"xl64\">BC<\/td>\n<\/tr>\n<tr height=\"21\">\n<td class=\"xl63\" height=\"21\">Shinai Sorensen (gk)&nbsp;<\/td>\n<td class=\"xl64\">BC<\/td>\n<\/tr>\n<tr height=\"21\">\n<td class=\"xl63\" height=\"21\"><a href=\"\/en\/athletes-121-harleen-sofia-walia\">Sofia Walia&nbsp;<\/a><\/td>\n<td class=\"xl64\">BC<\/td>\n<\/tr>\n<tr height=\"21\">\n<td class=\"xl63\" height=\"21\">Sophie Plasteras&nbsp;<\/td>\n<td class=\"xl64\">BC<\/td>\n<\/tr>\n<tr height=\"21\">\n<td class=\"xl63\" height=\"21\">Stefanie Langkammer<\/td>\n<td class=\"xl64\">BC<\/td>\n<\/tr>\n<tr height=\"21\">\n<td class=\"xl63\" height=\"21\"><a href=\"\/en\/athletes-273-stephanie-norlander\">Stephanie Norlander<\/a><\/td>\n<td class=\"xl64\">BC<\/td>\n<\/tr>\n<tr height=\"21\">\n<td class=\"xl63\" height=\"21\">Sydney Stavert<\/td>\n<td class=\"xl64\">PEI<\/td>\n<\/tr>\n<tr height=\"21\">\n<td class=\"xl63\" height=\"21\"><a href=\"\/en\/athletes-275-sydney-veljacic\">Sydney Veljacic&nbsp;<\/a><\/td>\n<td class=\"xl64\">BC<\/td>\n<\/tr>\n<tr height=\"21\">\n<td class=\"xl63\" height=\"21\">Taylor Pearson<\/td>\n<td class=\"xl64\">BC<\/td>\n<\/tr>\n<tr height=\"21\">\n<td class=\"xl63\" height=\"21\">Vanessa Pearson&nbsp;<\/td>\n<td class=\"xl64\">BC<\/td>\n<\/tr>\n<\/tbody>\n<\/table>\n","protected":false},"excerpt":{"rendered":"<p>La formation Target 2017 est le groupe d\u2019athl\u00e8tes admissibles \u00e0 participer \u00e0 la Coupe du monde junior de 2017, dont plusieurs athl\u00e8tes ne sont admissibles \u00e0 participer qu\u2019\u00e0 l\u2019\u00e9preuve de qualification pour la Coupe du monde junior en 2016.<\/p>\n","protected":false},"author":1,"featured_media":20002,"comment_status":"open","ping_status":"open","sticky":false,"template":"","format":"standard","meta":{"footnotes":""},"categories":[365],"tags":[],"class_list":["post-11814","post","type-post","status-publish","format-standard","has-post-thumbnail","hentry","category-non-classifiee"],"yoast_head":"<!-- This site is optimized with the Yoast SEO plugin v26.8 - https:\/\/yoast.com\/product\/yoast-seo-wordpress\/ -->\n<title>La formation Target 2017 de l\u2019\u00e9quipe nationale junior f\u00e9minine est annonc\u00e9e - Field Hockey Canada<\/title>\n<meta name=\"robots\" content=\"index, follow, max-snippet:-1, max-image-preview:large, max-video-preview:-1\" \/>\n<link rel=\"canonical\" href=\"https:\/\/fieldhockey.ca\/fr\/La-formation-Target-2017-de-lquipe-nationale-junior-fminine-est-annonce\/\" \/>\n<meta property=\"og:locale\" content=\"fr_CA\" \/>\n<meta property=\"og:type\" content=\"article\" \/>\n<meta property=\"og:title\" content=\"La formation Target 2017 de l\u2019\u00e9quipe nationale junior f\u00e9minine est annonc\u00e9e - Field Hockey Canada\" \/>\n<meta property=\"og:description\" content=\"La formation Target 2017 est le groupe d\u2019athl\u00e8tes admissibles \u00e0 participer \u00e0 la Coupe du monde junior de 2017, dont plusieurs athl\u00e8tes ne sont admissibles \u00e0 participer qu\u2019\u00e0 l\u2019\u00e9preuve de qualification pour la Coupe du monde junior en 2016.\" \/>\n<meta property=\"og:url\" content=\"https:\/\/fieldhockey.ca\/fr\/La-formation-Target-2017-de-lquipe-nationale-junior-fminine-est-annonce\/\" \/>\n<meta property=\"og:site_name\" content=\"Field Hockey Canada\" \/>\n<meta property=\"article:published_time\" content=\"2012-09-21T12:03:58+00:00\" \/>\n<meta property=\"og:image\" content=\"https:\/\/fieldhockey.ca\/wp-content\/uploads\/News%20Article%20Graphics\/2012\/September\/9.21_2017.JPG\" \/>\n\t<meta property=\"og:image:width\" content=\"1312\" \/>\n\t<meta property=\"og:image:height\" content=\"1050\" \/>\n\t<meta property=\"og:image:type\" content=\"image\/jpeg\" \/>\n<meta name=\"author\" content=\"Field Hockey Canada\" \/>\n<meta name=\"twitter:card\" content=\"summary_large_image\" \/>\n<meta name=\"twitter:label1\" content=\"\u00c9crit par\" \/>\n\t<meta name=\"twitter:data1\" content=\"Field Hockey Canada\" \/>\n\t<meta name=\"twitter:label2\" content=\"Estimation du temps de lecture\" \/>\n\t<meta name=\"twitter:data2\" content=\"2 minutes\" \/>\n<script type=\"application\/ld+json\" class=\"yoast-schema-graph\">{\"@context\":\"https:\/\/schema.org\",\"@graph\":[{\"@type\":\"Article\",\"@id\":\"https:\/\/fieldhockey.ca\/fr\/La-formation-Target-2017-de-lquipe-nationale-junior-fminine-est-annonce\/#article\",\"isPartOf\":{\"@id\":\"https:\/\/fieldhockey.ca\/fr\/La-formation-Target-2017-de-lquipe-nationale-junior-fminine-est-annonce\/\"},\"author\":{\"name\":\"Field Hockey Canada\",\"@id\":\"https:\/\/fieldhockey.ca\/#\/schema\/person\/605f0a83a02f7d0ad4ccb4b1beaac576\"},\"headline\":\"La formation Target 2017 de l\u2019\u00e9quipe nationale junior f\u00e9minine est annonc\u00e9e\",\"datePublished\":\"2012-09-21T12:03:58+00:00\",\"mainEntityOfPage\":{\"@id\":\"https:\/\/fieldhockey.ca\/fr\/La-formation-Target-2017-de-lquipe-nationale-junior-fminine-est-annonce\/\"},\"wordCount\":421,\"commentCount\":0,\"image\":{\"@id\":\"https:\/\/fieldhockey.ca\/fr\/La-formation-Target-2017-de-lquipe-nationale-junior-fminine-est-annonce\/#primaryimage\"},\"thumbnailUrl\":\"https:\/\/fieldhockey.ca\/wp-content\/uploads\/News Article Graphics\/2012\/September\/9.21_2017.JPG\",\"articleSection\":[\"Non classifi\u00e9(e)\"],\"inLanguage\":\"fr-CA\",\"potentialAction\":[{\"@type\":\"CommentAction\",\"name\":\"Comment\",\"target\":[\"https:\/\/fieldhockey.ca\/fr\/La-formation-Target-2017-de-lquipe-nationale-junior-fminine-est-annonce\/#respond\"]}]},{\"@type\":\"WebPage\",\"@id\":\"https:\/\/fieldhockey.ca\/fr\/La-formation-Target-2017-de-lquipe-nationale-junior-fminine-est-annonce\/\",\"url\":\"https:\/\/fieldhockey.ca\/fr\/La-formation-Target-2017-de-lquipe-nationale-junior-fminine-est-annonce\/\",\"name\":\"La formation Target 2017 de l\u2019\u00e9quipe nationale junior f\u00e9minine est annonc\u00e9e - Field Hockey Canada\",\"isPartOf\":{\"@id\":\"https:\/\/fieldhockey.ca\/#website\"},\"primaryImageOfPage\":{\"@id\":\"https:\/\/fieldhockey.ca\/fr\/La-formation-Target-2017-de-lquipe-nationale-junior-fminine-est-annonce\/#primaryimage\"},\"image\":{\"@id\":\"https:\/\/fieldhockey.ca\/fr\/La-formation-Target-2017-de-lquipe-nationale-junior-fminine-est-annonce\/#primaryimage\"},\"thumbnailUrl\":\"https:\/\/fieldhockey.ca\/wp-content\/uploads\/News Article Graphics\/2012\/September\/9.21_2017.JPG\",\"datePublished\":\"2012-09-21T12:03:58+00:00\",\"author\":{\"@id\":\"https:\/\/fieldhockey.ca\/#\/schema\/person\/605f0a83a02f7d0ad4ccb4b1beaac576\"},\"breadcrumb\":{\"@id\":\"https:\/\/fieldhockey.ca\/fr\/La-formation-Target-2017-de-lquipe-nationale-junior-fminine-est-annonce\/#breadcrumb\"},\"inLanguage\":\"fr-CA\",\"potentialAction\":[{\"@type\":\"ReadAction\",\"target\":[\"https:\/\/fieldhockey.ca\/fr\/La-formation-Target-2017-de-lquipe-nationale-junior-fminine-est-annonce\/\"]}]},{\"@type\":\"ImageObject\",\"inLanguage\":\"fr-CA\",\"@id\":\"https:\/\/fieldhockey.ca\/fr\/La-formation-Target-2017-de-lquipe-nationale-junior-fminine-est-annonce\/#primaryimage\",\"url\":\"https:\/\/fieldhockey.ca\/wp-content\/uploads\/News Article Graphics\/2012\/September\/9.21_2017.JPG\",\"contentUrl\":\"https:\/\/fieldhockey.ca\/wp-content\/uploads\/News Article Graphics\/2012\/September\/9.21_2017.JPG\",\"width\":1312,\"height\":1050},{\"@type\":\"BreadcrumbList\",\"@id\":\"https:\/\/fieldhockey.ca\/fr\/La-formation-Target-2017-de-lquipe-nationale-junior-fminine-est-annonce\/#breadcrumb\",\"itemListElement\":[{\"@type\":\"ListItem\",\"position\":1,\"name\":\"Home\",\"item\":\"https:\/\/fieldhockey.ca\/fr\/\"},{\"@type\":\"ListItem\",\"position\":2,\"name\":\"La formation Target 2017 de l\u2019\u00e9quipe nationale junior f\u00e9minine est annonc\u00e9e\"}]},{\"@type\":\"WebSite\",\"@id\":\"https:\/\/fieldhockey.ca\/#website\",\"url\":\"https:\/\/fieldhockey.ca\/\",\"name\":\"Field Hockey Canada\",\"description\":\"Canada\u2019s governing body for field hockey\",\"potentialAction\":[{\"@type\":\"SearchAction\",\"target\":{\"@type\":\"EntryPoint\",\"urlTemplate\":\"https:\/\/fieldhockey.ca\/?s={search_term_string}\"},\"query-input\":{\"@type\":\"PropertyValueSpecification\",\"valueRequired\":true,\"valueName\":\"search_term_string\"}}],\"inLanguage\":\"fr-CA\"},{\"@type\":\"Person\",\"@id\":\"https:\/\/fieldhockey.ca\/#\/schema\/person\/605f0a83a02f7d0ad4ccb4b1beaac576\",\"name\":\"Field Hockey Canada\",\"image\":{\"@type\":\"ImageObject\",\"inLanguage\":\"fr-CA\",\"@id\":\"https:\/\/fieldhockey.ca\/#\/schema\/person\/image\/\",\"url\":\"https:\/\/secure.gravatar.com\/avatar\/a4f9beb90d43ae518e817bfdba9a6519366ce75cd0860c92e6184f84364c6a53?s=96&d=mm&r=g\",\"contentUrl\":\"https:\/\/secure.gravatar.com\/avatar\/a4f9beb90d43ae518e817bfdba9a6519366ce75cd0860c92e6184f84364c6a53?s=96&d=mm&r=g\",\"caption\":\"Field Hockey Canada\"},\"url\":\"https:\/\/fieldhockey.ca\/fr\/author\/fhc_admin_user\/\"}]}<\/script>\n<!-- \/ Yoast SEO plugin. -->","yoast_head_json":{"title":"La formation Target 2017 de l\u2019\u00e9quipe nationale junior f\u00e9minine est annonc\u00e9e - Field Hockey Canada","robots":{"index":"index","follow":"follow","max-snippet":"max-snippet:-1","max-image-preview":"max-image-preview:large","max-video-preview":"max-video-preview:-1"},"canonical":"https:\/\/fieldhockey.ca\/fr\/La-formation-Target-2017-de-lquipe-nationale-junior-fminine-est-annonce\/","og_locale":"fr_CA","og_type":"article","og_title":"La formation Target 2017 de l\u2019\u00e9quipe nationale junior f\u00e9minine est annonc\u00e9e - Field Hockey Canada","og_description":"La formation Target 2017 est le groupe d\u2019athl\u00e8tes admissibles \u00e0 participer \u00e0 la Coupe du monde junior de 2017, dont plusieurs athl\u00e8tes ne sont admissibles \u00e0 participer qu\u2019\u00e0 l\u2019\u00e9preuve de qualification pour la Coupe du monde junior en 2016.","og_url":"https:\/\/fieldhockey.ca\/fr\/La-formation-Target-2017-de-lquipe-nationale-junior-fminine-est-annonce\/","og_site_name":"Field Hockey Canada","article_published_time":"2012-09-21T12:03:58+00:00","og_image":[{"width":1312,"height":1050,"url":"https:\/\/fieldhockey.ca\/wp-content\/uploads\/News Article Graphics\/2012\/September\/9.21_2017.JPG","type":"image\/jpeg"}],"author":"Field Hockey Canada","twitter_card":"summary_large_image","twitter_misc":{"\u00c9crit par":"Field Hockey Canada","Estimation du temps de lecture":"2 minutes"},"schema":{"@context":"https:\/\/schema.org","@graph":[{"@type":"Article","@id":"https:\/\/fieldhockey.ca\/fr\/La-formation-Target-2017-de-lquipe-nationale-junior-fminine-est-annonce\/#article","isPartOf":{"@id":"https:\/\/fieldhockey.ca\/fr\/La-formation-Target-2017-de-lquipe-nationale-junior-fminine-est-annonce\/"},"author":{"name":"Field Hockey Canada","@id":"https:\/\/fieldhockey.ca\/#\/schema\/person\/605f0a83a02f7d0ad4ccb4b1beaac576"},"headline":"La formation Target 2017 de l\u2019\u00e9quipe nationale junior f\u00e9minine est annonc\u00e9e","datePublished":"2012-09-21T12:03:58+00:00","mainEntityOfPage":{"@id":"https:\/\/fieldhockey.ca\/fr\/La-formation-Target-2017-de-lquipe-nationale-junior-fminine-est-annonce\/"},"wordCount":421,"commentCount":0,"image":{"@id":"https:\/\/fieldhockey.ca\/fr\/La-formation-Target-2017-de-lquipe-nationale-junior-fminine-est-annonce\/#primaryimage"},"thumbnailUrl":"https:\/\/fieldhockey.ca\/wp-content\/uploads\/News Article Graphics\/2012\/September\/9.21_2017.JPG","articleSection":["Non classifi\u00e9(e)"],"inLanguage":"fr-CA","potentialAction":[{"@type":"CommentAction","name":"Comment","target":["https:\/\/fieldhockey.ca\/fr\/La-formation-Target-2017-de-lquipe-nationale-junior-fminine-est-annonce\/#respond"]}]},{"@type":"WebPage","@id":"https:\/\/fieldhockey.ca\/fr\/La-formation-Target-2017-de-lquipe-nationale-junior-fminine-est-annonce\/","url":"https:\/\/fieldhockey.ca\/fr\/La-formation-Target-2017-de-lquipe-nationale-junior-fminine-est-annonce\/","name":"La formation Target 2017 de l\u2019\u00e9quipe nationale junior f\u00e9minine est annonc\u00e9e - Field Hockey Canada","isPartOf":{"@id":"https:\/\/fieldhockey.ca\/#website"},"primaryImageOfPage":{"@id":"https:\/\/fieldhockey.ca\/fr\/La-formation-Target-2017-de-lquipe-nationale-junior-fminine-est-annonce\/#primaryimage"},"image":{"@id":"https:\/\/fieldhockey.ca\/fr\/La-formation-Target-2017-de-lquipe-nationale-junior-fminine-est-annonce\/#primaryimage"},"thumbnailUrl":"https:\/\/fieldhockey.ca\/wp-content\/uploads\/News Article Graphics\/2012\/September\/9.21_2017.JPG","datePublished":"2012-09-21T12:03:58+00:00","author":{"@id":"https:\/\/fieldhockey.ca\/#\/schema\/person\/605f0a83a02f7d0ad4ccb4b1beaac576"},"breadcrumb":{"@id":"https:\/\/fieldhockey.ca\/fr\/La-formation-Target-2017-de-lquipe-nationale-junior-fminine-est-annonce\/#breadcrumb"},"inLanguage":"fr-CA","potentialAction":[{"@type":"ReadAction","target":["https:\/\/fieldhockey.ca\/fr\/La-formation-Target-2017-de-lquipe-nationale-junior-fminine-est-annonce\/"]}]},{"@type":"ImageObject","inLanguage":"fr-CA","@id":"https:\/\/fieldhockey.ca\/fr\/La-formation-Target-2017-de-lquipe-nationale-junior-fminine-est-annonce\/#primaryimage","url":"https:\/\/fieldhockey.ca\/wp-content\/uploads\/News Article Graphics\/2012\/September\/9.21_2017.JPG","contentUrl":"https:\/\/fieldhockey.ca\/wp-content\/uploads\/News Article Graphics\/2012\/September\/9.21_2017.JPG","width":1312,"height":1050},{"@type":"BreadcrumbList","@id":"https:\/\/fieldhockey.ca\/fr\/La-formation-Target-2017-de-lquipe-nationale-junior-fminine-est-annonce\/#breadcrumb","itemListElement":[{"@type":"ListItem","position":1,"name":"Home","item":"https:\/\/fieldhockey.ca\/fr\/"},{"@type":"ListItem","position":2,"name":"La formation Target 2017 de l\u2019\u00e9quipe nationale junior f\u00e9minine est annonc\u00e9e"}]},{"@type":"WebSite","@id":"https:\/\/fieldhockey.ca\/#website","url":"https:\/\/fieldhockey.ca\/","name":"Field Hockey Canada","description":"Canada\u2019s governing body for field hockey","potentialAction":[{"@type":"SearchAction","target":{"@type":"EntryPoint","urlTemplate":"https:\/\/fieldhockey.ca\/?s={search_term_string}"},"query-input":{"@type":"PropertyValueSpecification","valueRequired":true,"valueName":"search_term_string"}}],"inLanguage":"fr-CA"},{"@type":"Person","@id":"https:\/\/fieldhockey.ca\/#\/schema\/person\/605f0a83a02f7d0ad4ccb4b1beaac576","name":"Field Hockey Canada","image":{"@type":"ImageObject","inLanguage":"fr-CA","@id":"https:\/\/fieldhockey.ca\/#\/schema\/person\/image\/","url":"https:\/\/secure.gravatar.com\/avatar\/a4f9beb90d43ae518e817bfdba9a6519366ce75cd0860c92e6184f84364c6a53?s=96&d=mm&r=g","contentUrl":"https:\/\/secure.gravatar.com\/avatar\/a4f9beb90d43ae518e817bfdba9a6519366ce75cd0860c92e6184f84364c6a53?s=96&d=mm&r=g","caption":"Field Hockey Canada"},"url":"https:\/\/fieldhockey.ca\/fr\/author\/fhc_admin_user\/"}]}},"_links":{"self":[{"href":"https:\/\/fieldhockey.ca\/fr\/wp-json\/wp\/v2\/posts\/11814","targetHints":{"allow":["GET"]}}],"collection":[{"href":"https:\/\/fieldhockey.ca\/fr\/wp-json\/wp\/v2\/posts"}],"about":[{"href":"https:\/\/fieldhockey.ca\/fr\/wp-json\/wp\/v2\/types\/post"}],"author":[{"embeddable":true,"href":"https:\/\/fieldhockey.ca\/fr\/wp-json\/wp\/v2\/users\/1"}],"replies":[{"embeddable":true,"href":"https:\/\/fieldhockey.ca\/fr\/wp-json\/wp\/v2\/comments?post=11814"}],"version-history":[{"count":0,"href":"https:\/\/fieldhockey.ca\/fr\/wp-json\/wp\/v2\/posts\/11814\/revisions"}],"wp:featuredmedia":[{"embeddable":true,"href":"https:\/\/fieldhockey.ca\/fr\/wp-json\/wp\/v2\/media\/20002"}],"wp:attachment":[{"href":"https:\/\/fieldhockey.ca\/fr\/wp-json\/wp\/v2\/media?parent=11814"}],"wp:term":[{"taxonomy":"category","embeddable":true,"href":"https:\/\/fieldhockey.ca\/fr\/wp-json\/wp\/v2\/categories?post=11814"},{"taxonomy":"post_tag","embeddable":true,"href":"https:\/\/fieldhockey.ca\/fr\/wp-json\/wp\/v2\/tags?post=11814"}],"curies":[{"name":"wp","href":"https:\/\/api.w.org\/{rel}","templated":true}]}}