{"id":12152,"date":"2014-12-04T12:15:32","date_gmt":"2014-12-04T12:15:32","guid":{"rendered":"https:\/\/fieldhockey.ca\/fr\/2014\/12\/04\/Le-programme-national-fminin-dvoile-les-alignements-de-lquipe-nationale-senior-et-de-lquipe-de-dveloppement\/"},"modified":"2014-12-04T12:15:32","modified_gmt":"2014-12-04T12:15:32","slug":"Le-programme-national-fminin-dvoile-les-alignements-de-lquipe-nationale-senior-et-de-lquipe-de-dveloppement","status":"publish","type":"post","link":"https:\/\/fieldhockey.ca\/fr\/Le-programme-national-fminin-dvoile-les-alignements-de-lquipe-nationale-senior-et-de-lquipe-de-dveloppement\/","title":{"rendered":"Le programme national f\u00e9minin d\u00e9voile les alignements de l\u2019\u00e9quipe nationale senior et de l\u2019\u00e9quipe de d\u00e9veloppement"},"content":{"rendered":"<p>Vancouver, C.-B. &ndash; Le Programme national canadien de hockey sur gazon f&eacute;minin a d&eacute;voil&eacute; jeudi les alignements 2015 de l&rsquo;&Eacute;quipe nationale f&eacute;minine (ENF) et de l&rsquo;&Eacute;quipe senior de d&eacute;veloppement (ESD).<\/p>\n<p>L&rsquo;&eacute;quipe nationale est compos&eacute;e de 13 athl&egrave;tes jug&eacute;es pr&ecirc;tes pour la comp&eacute;tition internationale et ce nombre augmentera alors que les athl&egrave;tes de l&rsquo;ESD et celles de l&rsquo;&Eacute;quipe junior de d&eacute;veloppement (EJD) bient&ocirc;t annonc&eacute;es seront pr&ecirc;tes pour la comp&eacute;tition.<\/p>\n<p>Quinze athl&egrave;tes ont &eacute;t&eacute; nomm&eacute;es au sein de l&rsquo;&Eacute;quipe senior de d&eacute;veloppement, r&eacute;serv&eacute;e aux joueuses qui sont consid&eacute;r&eacute;es comme &eacute;tant tout pr&egrave;s d&rsquo;une place au sein de l&rsquo;&Eacute;NF et qui r&eacute;alisent des progr&egrave;s r&eacute;guliers vers la comp&eacute;tition internationale senior.<span style=\"font-size: 12px; line-height: 1.25;\">&nbsp;<\/span><\/p>\n<p>L&rsquo;&Eacute;quipe nationale est men&eacute;e par Kate Gillis, 25 ans de Kingston en Ontario, de retour comme capitaine. L&rsquo;avant v&eacute;t&eacute;ran Thea Culley (Rossland, C.-B.) est le meneur du groupe avec 118 matchs internationaux en carri&egrave;re. &Agrave; 20 ans, Hannah Haughn (Vancouver-Nord, C.-B.) et Maddie Secco (Victoria, C.-B.) sont les plus jeunes du groupe.<\/p>\n<p>Les femmes entreprennent une ann&eacute;e de comp&eacute;tition qui comprend deux parcours de qualification vers les Jeux olympiques d&rsquo;&eacute;t&eacute; de Rio 2016. Le premier &eacute;tant la Ligue mondiale et l&rsquo;autre &eacute;tant les Jeux panam&eacute;ricains qui seront disput&eacute;s &agrave; Toronto &agrave; l&rsquo;&eacute;t&eacute; 2015.<span style=\"font-size: 12px; line-height: 1.25;\">&nbsp;<\/span><\/p>\n<p>En pr&eacute;paration pour ces deux tournois, l&rsquo;&Eacute;NF disputera plusieurs tournois amicaux en cours d&rsquo;ann&eacute;e pour lesquels des alignements sp&eacute;cifiques de tourn&eacute;es seront confirm&eacute;s, comme ce sera le cas pour la Ligue mondiale et les Jeux panam&eacute;ricains.<\/p>\n<p>&nbsp;<\/p>\n<p><strong>&Eacute;quipe nationale f&eacute;minine 2015<\/strong><span style=\"font-size: 12px; line-height: 1.25;\">&nbsp;<\/span><\/p>\n<table border=\"0\" cellspacing=\"0\" cellpadding=\"0\">\n<tbody>\n<tr>\n<td width=\"128\">\n<p><strong>Nom<\/strong><\/p>\n<\/td>\n<td width=\"78\" valign=\"top\">\n<p><strong>Position<\/strong><\/p>\n<\/td>\n<td width=\"136\" valign=\"top\">\n<p><strong>Ville   d&rsquo;origine<\/strong><\/p>\n<\/td>\n<\/tr>\n<tr>\n<td width=\"128\">\n<p>Abigail   Raye<\/p>\n<\/td>\n<td width=\"78\" valign=\"top\">\n<p>Milieu<\/p>\n<\/td>\n<td width=\"136\" valign=\"top\">\n<p>Kelowna,   C.-B.<\/p>\n<\/td>\n<\/tr>\n<tr>\n<td width=\"128\">\n<p>Brienne   Stairs<\/p>\n<\/td>\n<td width=\"78\" valign=\"top\">\n<p>Avant<\/p>\n<\/td>\n<td width=\"136\" valign=\"top\">\n<p>Kitchener,   ON<\/p>\n<\/td>\n<\/tr>\n<tr>\n<td width=\"128\">\n<p>Danielle   Hennig<\/p>\n<\/td>\n<td width=\"78\" valign=\"top\">\n<p>D&eacute;fenseur<\/p>\n<\/td>\n<td width=\"136\" valign=\"top\">\n<p>Kelowna,   C.-B.<\/p>\n<\/td>\n<\/tr>\n<tr>\n<td width=\"128\">\n<p>Hannah   Haughn<\/p>\n<\/td>\n<td width=\"78\" valign=\"top\">\n<p>Milieu<\/p>\n<\/td>\n<td width=\"136\" valign=\"top\">\n<p>Vancouver-Nord,   C.-B.<\/p>\n<\/td>\n<\/tr>\n<tr>\n<td width=\"128\">\n<p>Kaelan   Watson<\/p>\n<\/td>\n<td width=\"78\" valign=\"top\">\n<p>D&eacute;fenseur<\/p>\n<\/td>\n<td width=\"136\" valign=\"top\">\n<p>Vancouver,   C.-B.<\/p>\n<\/td>\n<\/tr>\n<tr>\n<td width=\"128\">\n<p>Kaitlyn   Williams<\/p>\n<\/td>\n<td width=\"78\" valign=\"top\">\n<p>Gardien<\/p>\n<\/td>\n<td width=\"136\" valign=\"top\">\n<p>White   Rock, C.-B.<\/p>\n<\/td>\n<\/tr>\n<tr>\n<td width=\"128\">\n<p>Karli   Johansen<\/p>\n<\/td>\n<td width=\"78\" valign=\"top\">\n<p>D&eacute;fenseur<\/p>\n<\/td>\n<td width=\"136\" valign=\"top\">\n<p>Vancouver-Nord,   C.-B.<\/p>\n<\/td>\n<\/tr>\n<tr>\n<td width=\"128\">\n<p>Kate   Gillis (Captain)<\/p>\n<\/td>\n<td width=\"78\" valign=\"top\">\n<p>Avant<\/p>\n<\/td>\n<td width=\"136\" valign=\"top\">\n<p>Kingston,   ON<\/p>\n<\/td>\n<\/tr>\n<tr>\n<td width=\"128\">\n<p>Kristine   Wishart<\/p>\n<\/td>\n<td width=\"78\" valign=\"top\">\n<p>Milieu<\/p>\n<\/td>\n<td width=\"136\" valign=\"top\">\n<p>Hamilton,   ON<\/p>\n<\/td>\n<\/tr>\n<tr>\n<td width=\"128\">\n<p>Madeline   Secco<\/p>\n<\/td>\n<td width=\"78\" valign=\"top\">\n<p>Milieu<\/p>\n<\/td>\n<td width=\"136\" valign=\"top\">\n<p>Victoria,   C.-B.<\/p>\n<\/td>\n<\/tr>\n<tr>\n<td width=\"128\">\n<p>Natalie   Sourisseau<\/p>\n<\/td>\n<td width=\"78\" valign=\"top\">\n<p>Milieu<\/p>\n<\/td>\n<td width=\"136\" valign=\"top\">\n<p>Kelowna,   C.-B.<\/p>\n<\/td>\n<\/tr>\n<tr>\n<td width=\"128\">\n<p>Sara   McManus<\/p>\n<\/td>\n<td width=\"78\" valign=\"top\">\n<p>D&eacute;fenseur<\/p>\n<\/td>\n<td width=\"136\" valign=\"top\">\n<p>Tsawwassen,   C.-B.<\/p>\n<\/td>\n<\/tr>\n<tr>\n<td width=\"128\">\n<p>Thea   Culley<\/p>\n<\/td>\n<td width=\"78\" valign=\"top\">\n<p>Avant<\/p>\n<\/td>\n<td width=\"136\" valign=\"top\">\n<p>Rossland,   C.-B.<span style=\"font-family: Helvetica, 'Helvetica Neue', Arial, sans-serif; font-size: 12px; line-height: 1.25;\">&nbsp;<\/span><\/p>\n<\/td>\n<\/tr>\n<\/tbody>\n<\/table>\n<p><strong>&Eacute;quipe senior de d&eacute;veloppement 2015<\/strong><\/p>\n<table border=\"0\" cellspacing=\"0\" cellpadding=\"0\">\n<tbody>\n<tr>\n<td width=\"128\">\n<p><strong>Nom<\/strong><\/p>\n<\/td>\n<td width=\"78\" valign=\"top\">\n<p><strong>Position<\/strong><\/p>\n<\/td>\n<td width=\"145\" valign=\"top\">\n<p><strong>Ville   d&rsquo;origine<\/strong><\/p>\n<\/td>\n<\/tr>\n<tr>\n<td width=\"128\">\n<p>Beckett   Frisch<\/p>\n<\/td>\n<td width=\"78\" valign=\"top\">\n<p>Gardien<\/p>\n<\/td>\n<td width=\"145\" valign=\"top\">\n<p>Calgary,   AB<\/p>\n<\/td>\n<\/tr>\n<tr>\n<td width=\"128\">\n<p>Lauren   Logush<\/p>\n<\/td>\n<td width=\"78\" valign=\"top\">\n<p>Gardien<\/p>\n<\/td>\n<td width=\"145\" valign=\"top\">\n<p>Richmond   Hill, ON<\/p>\n<\/td>\n<\/tr>\n<tr>\n<td width=\"128\">\n<p>Katarina   Angus<\/p>\n<\/td>\n<td width=\"78\" valign=\"top\">\n<p>D&eacute;fenseur<\/p>\n<\/td>\n<td width=\"145\" valign=\"top\">\n<p>Vancouver-Ouest,   C.-B.<\/p>\n<\/td>\n<\/tr>\n<tr>\n<td width=\"128\">\n<p>Shanlee   Johnston<\/p>\n<\/td>\n<td width=\"78\" valign=\"top\">\n<p>D&eacute;fenseur<\/p>\n<\/td>\n<td width=\"145\" valign=\"top\">\n<p>Vancouver,   C.-B.<\/p>\n<\/td>\n<\/tr>\n<tr>\n<td width=\"128\">\n<p>Kathleen   Leahy<\/p>\n<\/td>\n<td width=\"78\" valign=\"top\">\n<p>D&eacute;fenseur<\/p>\n<\/td>\n<td width=\"145\" valign=\"top\">\n<p>Victoria,   C.-B.<\/p>\n<\/td>\n<\/tr>\n<tr>\n<td width=\"128\">\n<p>Alison   Lee<\/p>\n<\/td>\n<td width=\"78\" valign=\"top\">\n<p>D&eacute;fenseur<\/p>\n<\/td>\n<td width=\"145\" valign=\"top\">\n<p>Mississauga,   ON<\/p>\n<\/td>\n<\/tr>\n<tr>\n<td width=\"128\">\n<p>Rosie   Beale<\/p>\n<\/td>\n<td width=\"78\" valign=\"top\">\n<p>D&eacute;fenseur<\/p>\n<\/td>\n<td width=\"145\" valign=\"top\">\n<p>Victoria,   C.-B.<\/p>\n<\/td>\n<\/tr>\n<tr>\n<td width=\"128\">\n<p>Amanda   Woodcroft<\/p>\n<\/td>\n<td width=\"78\" valign=\"top\">\n<p>Milieu<\/p>\n<\/td>\n<td width=\"145\" valign=\"top\">\n<p>Waterloo,   ON<\/p>\n<\/td>\n<\/tr>\n<tr>\n<td width=\"128\">\n<p>Alex   Thicke<\/p>\n<\/td>\n<td width=\"78\" valign=\"top\">\n<p>Avant<\/p>\n<\/td>\n<td width=\"145\" valign=\"top\">\n<p>Vancouver-Nord,   C.-B.<\/p>\n<\/td>\n<\/tr>\n<tr>\n<td width=\"128\">\n<p>Steph   Snyder<\/p>\n<\/td>\n<td width=\"78\" valign=\"top\">\n<p>Milieu<\/p>\n<\/td>\n<td width=\"145\" valign=\"top\">\n<p>Waterloo,   ON<\/p>\n<\/td>\n<\/tr>\n<tr>\n<td width=\"128\">\n<p>Tegan   Stairs<\/p>\n<\/td>\n<td width=\"78\" valign=\"top\">\n<p>Avant<\/p>\n<\/td>\n<td width=\"145\" valign=\"top\">\n<p>Kitchener,   ON<\/p>\n<\/td>\n<\/tr>\n<tr>\n<td width=\"128\">\n<p>Priya   Randhawa<\/p>\n<\/td>\n<td width=\"78\" valign=\"top\">\n<p>Avant<\/p>\n<\/td>\n<td width=\"145\" valign=\"top\">\n<p>Surrey,   C.-B.<\/p>\n<\/td>\n<\/tr>\n<tr>\n<td width=\"128\">\n<p>Steph   Norlander<\/p>\n<\/td>\n<td width=\"78\" valign=\"top\">\n<p>Avant<\/p>\n<\/td>\n<td width=\"145\" valign=\"top\">\n<p>Vancouver-Nord,   C.-B.<\/p>\n<\/td>\n<\/tr>\n<tr>\n<td width=\"128\">\n<p>Holly   Stewart<\/p>\n<\/td>\n<td width=\"78\" valign=\"top\">\n<p>Avant<\/p>\n<\/td>\n<td width=\"145\" valign=\"top\">\n<p>Vancouver-Nord,   C.-B.<\/p>\n<\/td>\n<\/tr>\n<tr>\n<td width=\"128\">\n<p>Nikki   Woodcroft<\/p>\n<p>&nbsp;<\/p>\n<\/td>\n<td width=\"78\" valign=\"top\">\n<p>Milieu<\/p>\n<\/td>\n<td width=\"145\" valign=\"top\">\n<p>Waterloo,   ON<\/p>\n<\/td>\n<\/tr>\n<\/tbody>\n<\/table>\n","protected":false},"excerpt":{"rendered":"<p>Le Programme national canadien de hockey sur gazon f\u00e9minin a d\u00e9voil\u00e9 jeudi les alignements 2015 de l\u2019\u00c9quipe nationale f\u00e9minine (ENF) et de l\u2019\u00c9quipe senior de d\u00e9veloppement (ESD).<\/p>\n","protected":false},"author":1,"featured_media":20340,"comment_status":"open","ping_status":"open","sticky":false,"template":"","format":"standard","meta":{"footnotes":""},"categories":[365],"tags":[],"class_list":["post-12152","post","type-post","status-publish","format-standard","has-post-thumbnail","hentry","category-non-classifiee"],"yoast_head":"<!-- This site is optimized with the Yoast SEO plugin v26.8 - https:\/\/yoast.com\/product\/yoast-seo-wordpress\/ -->\n<title>Le programme national f\u00e9minin d\u00e9voile les alignements de l\u2019\u00e9quipe nationale senior et de l\u2019\u00e9quipe de d\u00e9veloppement - Field Hockey Canada<\/title>\n<meta name=\"robots\" content=\"index, follow, max-snippet:-1, max-image-preview:large, max-video-preview:-1\" \/>\n<link rel=\"canonical\" href=\"https:\/\/fieldhockey.ca\/fr\/Le-programme-national-fminin-dvoile-les-alignements-de-lquipe-nationale-senior-et-de-lquipe-de-dveloppement\/\" \/>\n<meta property=\"og:locale\" content=\"fr_CA\" \/>\n<meta property=\"og:type\" content=\"article\" \/>\n<meta property=\"og:title\" content=\"Le programme national f\u00e9minin d\u00e9voile les alignements de l\u2019\u00e9quipe nationale senior et de l\u2019\u00e9quipe de d\u00e9veloppement - Field Hockey Canada\" \/>\n<meta property=\"og:description\" content=\"Le Programme national canadien de hockey sur gazon f\u00e9minin a d\u00e9voil\u00e9 jeudi les alignements 2015 de l\u2019\u00c9quipe nationale f\u00e9minine (ENF) et de l\u2019\u00c9quipe senior de d\u00e9veloppement (ESD).\" \/>\n<meta property=\"og:url\" content=\"https:\/\/fieldhockey.ca\/fr\/Le-programme-national-fminin-dvoile-les-alignements-de-lquipe-nationale-senior-et-de-lquipe-de-dveloppement\/\" \/>\n<meta property=\"og:site_name\" content=\"Field Hockey Canada\" \/>\n<meta property=\"article:published_time\" content=\"2014-12-04T12:15:32+00:00\" \/>\n<meta property=\"og:image\" content=\"https:\/\/fieldhockey.ca\/wp-content\/uploads\/FHC%20Logos\/FHClogo_noText.jpg\" \/>\n\t<meta property=\"og:image:width\" content=\"400\" \/>\n\t<meta property=\"og:image:height\" content=\"400\" \/>\n\t<meta property=\"og:image:type\" content=\"image\/jpeg\" \/>\n<meta name=\"author\" content=\"Field Hockey Canada\" \/>\n<meta name=\"twitter:card\" content=\"summary_large_image\" \/>\n<meta name=\"twitter:label1\" content=\"\u00c9crit par\" \/>\n\t<meta name=\"twitter:data1\" content=\"Field Hockey Canada\" \/>\n\t<meta name=\"twitter:label2\" content=\"Estimation du temps de lecture\" \/>\n\t<meta name=\"twitter:data2\" content=\"3 minutes\" \/>\n<script type=\"application\/ld+json\" class=\"yoast-schema-graph\">{\"@context\":\"https:\/\/schema.org\",\"@graph\":[{\"@type\":\"Article\",\"@id\":\"https:\/\/fieldhockey.ca\/fr\/Le-programme-national-fminin-dvoile-les-alignements-de-lquipe-nationale-senior-et-de-lquipe-de-dveloppement\/#article\",\"isPartOf\":{\"@id\":\"https:\/\/fieldhockey.ca\/fr\/Le-programme-national-fminin-dvoile-les-alignements-de-lquipe-nationale-senior-et-de-lquipe-de-dveloppement\/\"},\"author\":{\"name\":\"Field Hockey Canada\",\"@id\":\"https:\/\/fieldhockey.ca\/#\/schema\/person\/605f0a83a02f7d0ad4ccb4b1beaac576\"},\"headline\":\"Le programme national f\u00e9minin d\u00e9voile les alignements de l\u2019\u00e9quipe nationale senior et de l\u2019\u00e9quipe de d\u00e9veloppement\",\"datePublished\":\"2014-12-04T12:15:32+00:00\",\"mainEntityOfPage\":{\"@id\":\"https:\/\/fieldhockey.ca\/fr\/Le-programme-national-fminin-dvoile-les-alignements-de-lquipe-nationale-senior-et-de-lquipe-de-dveloppement\/\"},\"wordCount\":594,\"commentCount\":0,\"image\":{\"@id\":\"https:\/\/fieldhockey.ca\/fr\/Le-programme-national-fminin-dvoile-les-alignements-de-lquipe-nationale-senior-et-de-lquipe-de-dveloppement\/#primaryimage\"},\"thumbnailUrl\":\"https:\/\/fieldhockey.ca\/wp-content\/uploads\/FHC Logos\/FHClogo_noText.jpg\",\"articleSection\":[\"Non classifi\u00e9(e)\"],\"inLanguage\":\"fr-CA\",\"potentialAction\":[{\"@type\":\"CommentAction\",\"name\":\"Comment\",\"target\":[\"https:\/\/fieldhockey.ca\/fr\/Le-programme-national-fminin-dvoile-les-alignements-de-lquipe-nationale-senior-et-de-lquipe-de-dveloppement\/#respond\"]}]},{\"@type\":\"WebPage\",\"@id\":\"https:\/\/fieldhockey.ca\/fr\/Le-programme-national-fminin-dvoile-les-alignements-de-lquipe-nationale-senior-et-de-lquipe-de-dveloppement\/\",\"url\":\"https:\/\/fieldhockey.ca\/fr\/Le-programme-national-fminin-dvoile-les-alignements-de-lquipe-nationale-senior-et-de-lquipe-de-dveloppement\/\",\"name\":\"Le programme national f\u00e9minin d\u00e9voile les alignements de l\u2019\u00e9quipe nationale senior et de l\u2019\u00e9quipe de d\u00e9veloppement - Field Hockey Canada\",\"isPartOf\":{\"@id\":\"https:\/\/fieldhockey.ca\/#website\"},\"primaryImageOfPage\":{\"@id\":\"https:\/\/fieldhockey.ca\/fr\/Le-programme-national-fminin-dvoile-les-alignements-de-lquipe-nationale-senior-et-de-lquipe-de-dveloppement\/#primaryimage\"},\"image\":{\"@id\":\"https:\/\/fieldhockey.ca\/fr\/Le-programme-national-fminin-dvoile-les-alignements-de-lquipe-nationale-senior-et-de-lquipe-de-dveloppement\/#primaryimage\"},\"thumbnailUrl\":\"https:\/\/fieldhockey.ca\/wp-content\/uploads\/FHC Logos\/FHClogo_noText.jpg\",\"datePublished\":\"2014-12-04T12:15:32+00:00\",\"author\":{\"@id\":\"https:\/\/fieldhockey.ca\/#\/schema\/person\/605f0a83a02f7d0ad4ccb4b1beaac576\"},\"breadcrumb\":{\"@id\":\"https:\/\/fieldhockey.ca\/fr\/Le-programme-national-fminin-dvoile-les-alignements-de-lquipe-nationale-senior-et-de-lquipe-de-dveloppement\/#breadcrumb\"},\"inLanguage\":\"fr-CA\",\"potentialAction\":[{\"@type\":\"ReadAction\",\"target\":[\"https:\/\/fieldhockey.ca\/fr\/Le-programme-national-fminin-dvoile-les-alignements-de-lquipe-nationale-senior-et-de-lquipe-de-dveloppement\/\"]}]},{\"@type\":\"ImageObject\",\"inLanguage\":\"fr-CA\",\"@id\":\"https:\/\/fieldhockey.ca\/fr\/Le-programme-national-fminin-dvoile-les-alignements-de-lquipe-nationale-senior-et-de-lquipe-de-dveloppement\/#primaryimage\",\"url\":\"https:\/\/fieldhockey.ca\/wp-content\/uploads\/FHC Logos\/FHClogo_noText.jpg\",\"contentUrl\":\"https:\/\/fieldhockey.ca\/wp-content\/uploads\/FHC Logos\/FHClogo_noText.jpg\",\"width\":400,\"height\":400},{\"@type\":\"BreadcrumbList\",\"@id\":\"https:\/\/fieldhockey.ca\/fr\/Le-programme-national-fminin-dvoile-les-alignements-de-lquipe-nationale-senior-et-de-lquipe-de-dveloppement\/#breadcrumb\",\"itemListElement\":[{\"@type\":\"ListItem\",\"position\":1,\"name\":\"Home\",\"item\":\"https:\/\/fieldhockey.ca\/fr\/\"},{\"@type\":\"ListItem\",\"position\":2,\"name\":\"Le programme national f\u00e9minin d\u00e9voile les alignements de l\u2019\u00e9quipe nationale senior et de l\u2019\u00e9quipe de d\u00e9veloppement\"}]},{\"@type\":\"WebSite\",\"@id\":\"https:\/\/fieldhockey.ca\/#website\",\"url\":\"https:\/\/fieldhockey.ca\/\",\"name\":\"Field Hockey Canada\",\"description\":\"Canada\u2019s governing body for field hockey\",\"potentialAction\":[{\"@type\":\"SearchAction\",\"target\":{\"@type\":\"EntryPoint\",\"urlTemplate\":\"https:\/\/fieldhockey.ca\/?s={search_term_string}\"},\"query-input\":{\"@type\":\"PropertyValueSpecification\",\"valueRequired\":true,\"valueName\":\"search_term_string\"}}],\"inLanguage\":\"fr-CA\"},{\"@type\":\"Person\",\"@id\":\"https:\/\/fieldhockey.ca\/#\/schema\/person\/605f0a83a02f7d0ad4ccb4b1beaac576\",\"name\":\"Field Hockey Canada\",\"image\":{\"@type\":\"ImageObject\",\"inLanguage\":\"fr-CA\",\"@id\":\"https:\/\/fieldhockey.ca\/#\/schema\/person\/image\/\",\"url\":\"https:\/\/secure.gravatar.com\/avatar\/a4f9beb90d43ae518e817bfdba9a6519366ce75cd0860c92e6184f84364c6a53?s=96&d=mm&r=g\",\"contentUrl\":\"https:\/\/secure.gravatar.com\/avatar\/a4f9beb90d43ae518e817bfdba9a6519366ce75cd0860c92e6184f84364c6a53?s=96&d=mm&r=g\",\"caption\":\"Field Hockey Canada\"},\"url\":\"https:\/\/fieldhockey.ca\/fr\/author\/fhc_admin_user\/\"}]}<\/script>\n<!-- \/ Yoast SEO plugin. -->","yoast_head_json":{"title":"Le programme national f\u00e9minin d\u00e9voile les alignements de l\u2019\u00e9quipe nationale senior et de l\u2019\u00e9quipe de d\u00e9veloppement - Field Hockey Canada","robots":{"index":"index","follow":"follow","max-snippet":"max-snippet:-1","max-image-preview":"max-image-preview:large","max-video-preview":"max-video-preview:-1"},"canonical":"https:\/\/fieldhockey.ca\/fr\/Le-programme-national-fminin-dvoile-les-alignements-de-lquipe-nationale-senior-et-de-lquipe-de-dveloppement\/","og_locale":"fr_CA","og_type":"article","og_title":"Le programme national f\u00e9minin d\u00e9voile les alignements de l\u2019\u00e9quipe nationale senior et de l\u2019\u00e9quipe de d\u00e9veloppement - Field Hockey Canada","og_description":"Le Programme national canadien de hockey sur gazon f\u00e9minin a d\u00e9voil\u00e9 jeudi les alignements 2015 de l\u2019\u00c9quipe nationale f\u00e9minine (ENF) et de l\u2019\u00c9quipe senior de d\u00e9veloppement (ESD).","og_url":"https:\/\/fieldhockey.ca\/fr\/Le-programme-national-fminin-dvoile-les-alignements-de-lquipe-nationale-senior-et-de-lquipe-de-dveloppement\/","og_site_name":"Field Hockey Canada","article_published_time":"2014-12-04T12:15:32+00:00","og_image":[{"width":400,"height":400,"url":"https:\/\/fieldhockey.ca\/wp-content\/uploads\/FHC Logos\/FHClogo_noText.jpg","type":"image\/jpeg"}],"author":"Field Hockey Canada","twitter_card":"summary_large_image","twitter_misc":{"\u00c9crit par":"Field Hockey Canada","Estimation du temps de lecture":"3 minutes"},"schema":{"@context":"https:\/\/schema.org","@graph":[{"@type":"Article","@id":"https:\/\/fieldhockey.ca\/fr\/Le-programme-national-fminin-dvoile-les-alignements-de-lquipe-nationale-senior-et-de-lquipe-de-dveloppement\/#article","isPartOf":{"@id":"https:\/\/fieldhockey.ca\/fr\/Le-programme-national-fminin-dvoile-les-alignements-de-lquipe-nationale-senior-et-de-lquipe-de-dveloppement\/"},"author":{"name":"Field Hockey Canada","@id":"https:\/\/fieldhockey.ca\/#\/schema\/person\/605f0a83a02f7d0ad4ccb4b1beaac576"},"headline":"Le programme national f\u00e9minin d\u00e9voile les alignements de l\u2019\u00e9quipe nationale senior et de l\u2019\u00e9quipe de d\u00e9veloppement","datePublished":"2014-12-04T12:15:32+00:00","mainEntityOfPage":{"@id":"https:\/\/fieldhockey.ca\/fr\/Le-programme-national-fminin-dvoile-les-alignements-de-lquipe-nationale-senior-et-de-lquipe-de-dveloppement\/"},"wordCount":594,"commentCount":0,"image":{"@id":"https:\/\/fieldhockey.ca\/fr\/Le-programme-national-fminin-dvoile-les-alignements-de-lquipe-nationale-senior-et-de-lquipe-de-dveloppement\/#primaryimage"},"thumbnailUrl":"https:\/\/fieldhockey.ca\/wp-content\/uploads\/FHC Logos\/FHClogo_noText.jpg","articleSection":["Non classifi\u00e9(e)"],"inLanguage":"fr-CA","potentialAction":[{"@type":"CommentAction","name":"Comment","target":["https:\/\/fieldhockey.ca\/fr\/Le-programme-national-fminin-dvoile-les-alignements-de-lquipe-nationale-senior-et-de-lquipe-de-dveloppement\/#respond"]}]},{"@type":"WebPage","@id":"https:\/\/fieldhockey.ca\/fr\/Le-programme-national-fminin-dvoile-les-alignements-de-lquipe-nationale-senior-et-de-lquipe-de-dveloppement\/","url":"https:\/\/fieldhockey.ca\/fr\/Le-programme-national-fminin-dvoile-les-alignements-de-lquipe-nationale-senior-et-de-lquipe-de-dveloppement\/","name":"Le programme national f\u00e9minin d\u00e9voile les alignements de l\u2019\u00e9quipe nationale senior et de l\u2019\u00e9quipe de d\u00e9veloppement - Field Hockey Canada","isPartOf":{"@id":"https:\/\/fieldhockey.ca\/#website"},"primaryImageOfPage":{"@id":"https:\/\/fieldhockey.ca\/fr\/Le-programme-national-fminin-dvoile-les-alignements-de-lquipe-nationale-senior-et-de-lquipe-de-dveloppement\/#primaryimage"},"image":{"@id":"https:\/\/fieldhockey.ca\/fr\/Le-programme-national-fminin-dvoile-les-alignements-de-lquipe-nationale-senior-et-de-lquipe-de-dveloppement\/#primaryimage"},"thumbnailUrl":"https:\/\/fieldhockey.ca\/wp-content\/uploads\/FHC Logos\/FHClogo_noText.jpg","datePublished":"2014-12-04T12:15:32+00:00","author":{"@id":"https:\/\/fieldhockey.ca\/#\/schema\/person\/605f0a83a02f7d0ad4ccb4b1beaac576"},"breadcrumb":{"@id":"https:\/\/fieldhockey.ca\/fr\/Le-programme-national-fminin-dvoile-les-alignements-de-lquipe-nationale-senior-et-de-lquipe-de-dveloppement\/#breadcrumb"},"inLanguage":"fr-CA","potentialAction":[{"@type":"ReadAction","target":["https:\/\/fieldhockey.ca\/fr\/Le-programme-national-fminin-dvoile-les-alignements-de-lquipe-nationale-senior-et-de-lquipe-de-dveloppement\/"]}]},{"@type":"ImageObject","inLanguage":"fr-CA","@id":"https:\/\/fieldhockey.ca\/fr\/Le-programme-national-fminin-dvoile-les-alignements-de-lquipe-nationale-senior-et-de-lquipe-de-dveloppement\/#primaryimage","url":"https:\/\/fieldhockey.ca\/wp-content\/uploads\/FHC Logos\/FHClogo_noText.jpg","contentUrl":"https:\/\/fieldhockey.ca\/wp-content\/uploads\/FHC Logos\/FHClogo_noText.jpg","width":400,"height":400},{"@type":"BreadcrumbList","@id":"https:\/\/fieldhockey.ca\/fr\/Le-programme-national-fminin-dvoile-les-alignements-de-lquipe-nationale-senior-et-de-lquipe-de-dveloppement\/#breadcrumb","itemListElement":[{"@type":"ListItem","position":1,"name":"Home","item":"https:\/\/fieldhockey.ca\/fr\/"},{"@type":"ListItem","position":2,"name":"Le programme national f\u00e9minin d\u00e9voile les alignements de l\u2019\u00e9quipe nationale senior et de l\u2019\u00e9quipe de d\u00e9veloppement"}]},{"@type":"WebSite","@id":"https:\/\/fieldhockey.ca\/#website","url":"https:\/\/fieldhockey.ca\/","name":"Field Hockey Canada","description":"Canada\u2019s governing body for field hockey","potentialAction":[{"@type":"SearchAction","target":{"@type":"EntryPoint","urlTemplate":"https:\/\/fieldhockey.ca\/?s={search_term_string}"},"query-input":{"@type":"PropertyValueSpecification","valueRequired":true,"valueName":"search_term_string"}}],"inLanguage":"fr-CA"},{"@type":"Person","@id":"https:\/\/fieldhockey.ca\/#\/schema\/person\/605f0a83a02f7d0ad4ccb4b1beaac576","name":"Field Hockey Canada","image":{"@type":"ImageObject","inLanguage":"fr-CA","@id":"https:\/\/fieldhockey.ca\/#\/schema\/person\/image\/","url":"https:\/\/secure.gravatar.com\/avatar\/a4f9beb90d43ae518e817bfdba9a6519366ce75cd0860c92e6184f84364c6a53?s=96&d=mm&r=g","contentUrl":"https:\/\/secure.gravatar.com\/avatar\/a4f9beb90d43ae518e817bfdba9a6519366ce75cd0860c92e6184f84364c6a53?s=96&d=mm&r=g","caption":"Field Hockey Canada"},"url":"https:\/\/fieldhockey.ca\/fr\/author\/fhc_admin_user\/"}]}},"_links":{"self":[{"href":"https:\/\/fieldhockey.ca\/fr\/wp-json\/wp\/v2\/posts\/12152","targetHints":{"allow":["GET"]}}],"collection":[{"href":"https:\/\/fieldhockey.ca\/fr\/wp-json\/wp\/v2\/posts"}],"about":[{"href":"https:\/\/fieldhockey.ca\/fr\/wp-json\/wp\/v2\/types\/post"}],"author":[{"embeddable":true,"href":"https:\/\/fieldhockey.ca\/fr\/wp-json\/wp\/v2\/users\/1"}],"replies":[{"embeddable":true,"href":"https:\/\/fieldhockey.ca\/fr\/wp-json\/wp\/v2\/comments?post=12152"}],"version-history":[{"count":0,"href":"https:\/\/fieldhockey.ca\/fr\/wp-json\/wp\/v2\/posts\/12152\/revisions"}],"wp:featuredmedia":[{"embeddable":true,"href":"https:\/\/fieldhockey.ca\/fr\/wp-json\/wp\/v2\/media\/20340"}],"wp:attachment":[{"href":"https:\/\/fieldhockey.ca\/fr\/wp-json\/wp\/v2\/media?parent=12152"}],"wp:term":[{"taxonomy":"category","embeddable":true,"href":"https:\/\/fieldhockey.ca\/fr\/wp-json\/wp\/v2\/categories?post=12152"},{"taxonomy":"post_tag","embeddable":true,"href":"https:\/\/fieldhockey.ca\/fr\/wp-json\/wp\/v2\/tags?post=12152"}],"curies":[{"name":"wp","href":"https:\/\/api.w.org\/{rel}","templated":true}]}}