{"id":20779,"date":"2015-11-12T12:05:07","date_gmt":"2015-11-12T20:05:07","guid":{"rendered":"https:\/\/fieldhockey.ca\/fr\/?p=20779"},"modified":"2015-11-24T09:28:56","modified_gmt":"2015-11-24T17:28:56","slug":"devoilement-de-lequipe-nationale-et-de-lequipe-de-developpement-pour-2016","status":"publish","type":"post","link":"https:\/\/fieldhockey.ca\/fr\/devoilement-de-lequipe-nationale-et-de-lequipe-de-developpement-pour-2016\/","title":{"rendered":"D\u00e9voilement de l\u2019\u00c9quipe nationale et de l\u2019\u00e9quipe de d\u00e9veloppement pour 2016"},"content":{"rendered":"<p>Hockey sur gazon Canada et le Programme national senior masculin du Canada ont d\u00e9voil\u00e9 les alignements de l\u2019\u00e9quipe nationale senior masculine et de l\u2019\u00e9quipe senior masculine de d\u00e9veloppement en vue des comp\u00e9titions de 2016.<\/p>\n<p>Au total, 39 athl\u00e8tes d\u2019un peu partout au pays et poss\u00e9dant une vaste gamme de niveaux d\u2019exp\u00e9rience ont \u00e9t\u00e9 nomm\u00e9s au sein des deux \u00e9quipes.<\/p>\n<p>L\u2019alignement de l\u2019\u00c9quipe nationale est compos\u00e9 de 25 joueurs \u00e0 partir duquel les formations pour les comp\u00e9titions seront choisis. Les 16 hommes qui ont repr\u00e9sent\u00e9 le Canada aux Jeux panam\u00e9ricains 2015 \u00e0 Toronto et qui y ont remport\u00e9 la m\u00e9daille d\u2019argent figurant au sein de l\u2019\u00e9quipe nationale.<\/p>\n<p>Les v\u00e9t\u00e9rans Scott Tupper (Vancouver, C.-B.), Mark Pearson (Tsawwassen, C.-B.), Philip Wright (Vancouver, C.-B.), Dave Jameson (Vancouver, C.-B.), Richard Hildreth (Vancouver, C.-B.), et Iain Smythe (Vancouver, C.-B.) sont les joueurs d\u2019exp\u00e9rience du groupe, comptant 1013 matchs internationaux seniors ensemble \u00e0 leur fiche.<\/p>\n<p>Les \u00e9toiles montantes Adam Froese (Abbotsford, C.-B.), Gabriel Ho-Garcia (Burnaby, C.-B.), Devohn Noronha-Teixeira (Mississauga, ON), et Paul Wharton (Vancouver, C.-B.) offrent \u00e0 l\u2019\u00e9quipe un coup de jeunesse, tandis que les gardiens David Carter (Vancouver, C.-B.) et Antoni Kindler (Vancouver, C.-B.) repr\u00e9sentent aussi une richesse d\u2019exp\u00e9rience entre les poteaux.<\/p>\n<p>L\u2019\u00e9quipe senior de d\u00e9veloppement est compos\u00e9e d\u2019un m\u00e9lange de v\u00e9t\u00e9rans et de jeunes athl\u00e8tes, notamment les \u00e9toiles juniors Amrit Sidhu et Balraj Panesar qui se sont taill\u00e9 un poste.<\/p>\n<p>Les Canadiens se sont qualifi\u00e9s pour les Jeux olympiques d\u2019\u00e9t\u00e9 2016 \u00e0 Rio de Janeiro au Br\u00e9sil en ao\u00fbt prochain. La majorit\u00e9, sinon la totalit\u00e9 des athl\u00e8tes qui formeront l\u2019\u00e9quipe canadienne de hockey sur gazon au tournoi olympique seront choisis parmi les athl\u00e8tes nomm\u00e9s au sein des alignements ci-dessous.<\/p>\n<p>Dans les neuf mois menant \u00e0 Rio, les Canadiens ont un calendrier complet de comp\u00e9titions en route vers les Jeux. Le premier de ces rendez-vous sera la ronde finale de la Ligue mondiale de la F\u00e9d\u00e9ration internationale de hockey, du 27 novembre au 6 d\u00e9cembre \u00e0 Rajpur en Inde.<\/p>\n<p>&nbsp;<\/p>\n<p><strong>\u00c9quipe nationale senior masculine du Canada 2015-2016<\/strong><\/p>\n<table style=\"height: 1439px;\" width=\"629\">\n<tbody>\n<tr>\n<td width=\"112\"><strong>Nom<\/strong><\/td>\n<td width=\"54\"><strong>Position<\/strong><\/td>\n<td width=\"96\"><strong>Lieu de r\u00e9sidence<\/strong><\/td>\n<td width=\"53\"><strong>S\u00e9lections<\/strong><\/td>\n<\/tr>\n<tr>\n<td width=\"112\">Adam Froese<\/td>\n<td width=\"54\">D\u00e9fenseur<\/td>\n<td width=\"96\">Abbotsford, C.-B.<\/td>\n<td width=\"53\">119<\/td>\n<\/tr>\n<tr>\n<td width=\"112\">Antoni Kindler<\/td>\n<td width=\"54\">Gardien<\/td>\n<td width=\"96\">Vancouver, C.-B.<\/td>\n<td width=\"53\">52<\/td>\n<\/tr>\n<tr>\n<td width=\"112\">Ben Martin<\/td>\n<td width=\"54\">D\u00e9fenseur<\/td>\n<td width=\"96\">Vancouver, C.-B.<\/td>\n<td width=\"53\">83<\/td>\n<\/tr>\n<tr>\n<td width=\"112\">Brenden Bissett<\/td>\n<td width=\"54\">Attaquant<\/td>\n<td width=\"96\">New Westminster, C.-B.<\/td>\n<td width=\"53\">35<\/td>\n<\/tr>\n<tr>\n<td width=\"112\">David Carter<\/td>\n<td width=\"54\">Gardien<\/td>\n<td width=\"96\">Vancouver, C.-B.<\/td>\n<td width=\"53\">117<\/td>\n<\/tr>\n<tr>\n<td width=\"112\">David Jameson<\/td>\n<td width=\"54\">D\u00e9fenseur<\/td>\n<td width=\"96\">Vancouver, C.-B.<\/td>\n<td width=\"53\">231<\/td>\n<\/tr>\n<tr>\n<td width=\"112\">Devohn Noronha-Teixeira<\/td>\n<td width=\"54\">Attaquant<\/td>\n<td width=\"96\">Mississauga, ON<\/td>\n<td width=\"53\">54<\/td>\n<\/tr>\n<tr>\n<td width=\"112\">Gabriel Ho-Garcia<\/td>\n<td width=\"54\">Attaquant<\/td>\n<td width=\"96\">Burnaby, C.-B.<\/td>\n<td width=\"53\">62<\/td>\n<\/tr>\n<tr>\n<td width=\"112\">Gordon Johnston<\/td>\n<td width=\"54\">D\u00e9fenseur<\/td>\n<td width=\"96\">Vancouver, C.-B.<\/td>\n<td width=\"53\">73<\/td>\n<\/tr>\n<tr>\n<td width=\"112\">Hudson Stewart<\/td>\n<td width=\"54\">D\u00e9fenseur<\/td>\n<td width=\"96\">Vancouver, C.-B.<\/td>\n<td width=\"53\">82<\/td>\n<\/tr>\n<tr>\n<td width=\"112\">Iain Smythe<\/td>\n<td width=\"54\">Milieu<\/td>\n<td width=\"96\">Vancouver, C.-B.<\/td>\n<td width=\"53\">110<\/td>\n<\/tr>\n<tr>\n<td width=\"112\">Jagdish Gill<\/td>\n<td width=\"54\">Milieu<\/td>\n<td width=\"96\">Toronto, ON<\/td>\n<td width=\"53\">41<\/td>\n<\/tr>\n<tr>\n<td width=\"112\">James Kirkpatrick<\/td>\n<td width=\"54\">Attaquant<\/td>\n<td width=\"96\">Victoria, C.-B.<\/td>\n<td width=\"53\">28<\/td>\n<\/tr>\n<tr>\n<td width=\"112\">John Smythe<\/td>\n<td width=\"54\">Attaquant<\/td>\n<td width=\"96\">Vancouver, C.-B.<\/td>\n<td width=\"53\">29<\/td>\n<\/tr>\n<tr>\n<td width=\"112\">Keegan Pereira<\/td>\n<td width=\"54\">Attaquant<\/td>\n<td width=\"96\">Ajax, ON<\/td>\n<td width=\"53\">83<\/td>\n<\/tr>\n<tr>\n<td width=\"112\">Mark Pearson<\/td>\n<td width=\"54\">Milieu<\/td>\n<td width=\"96\">Tsawwassen, C.-B.<\/td>\n<td width=\"53\">182<\/td>\n<\/tr>\n<tr>\n<td width=\"112\">Matthew Guest<\/td>\n<td width=\"54\">Attaquant<\/td>\n<td width=\"96\">Calgary, AB<\/td>\n<td width=\"53\">102<\/td>\n<\/tr>\n<tr>\n<td width=\"112\">Matthew Sarmento<\/td>\n<td width=\"54\">Attaquant<\/td>\n<td width=\"96\">Vancouver, C.-B.<\/td>\n<td width=\"53\">44<\/td>\n<\/tr>\n<tr>\n<td width=\"112\">Paul Wharton<\/td>\n<td width=\"54\">Milieu<\/td>\n<td width=\"96\">Vancouver, C.-B.<\/td>\n<td width=\"53\">53<\/td>\n<\/tr>\n<tr>\n<td width=\"112\">Philip Wright<\/td>\n<td width=\"54\">Milieu<\/td>\n<td width=\"96\">Vancouver, C.-B.<\/td>\n<td width=\"53\">143<\/td>\n<\/tr>\n<tr>\n<td width=\"112\">Richard Hildreth<\/td>\n<td width=\"54\">D\u00e9fenseur<\/td>\n<td width=\"96\">Vancouver, C.-B.<\/td>\n<td width=\"53\">132<\/td>\n<\/tr>\n<tr>\n<td width=\"112\">Scott Tupper<\/td>\n<td width=\"54\">D\u00e9fenseur<\/td>\n<td width=\"96\">Vancouver, C.-B.<\/td>\n<td width=\"53\">215<\/td>\n<\/tr>\n<tr>\n<td width=\"112\">Stephen Bissett<\/td>\n<td width=\"54\">Attaquant<\/td>\n<td width=\"96\">New Westminster, C.-B.<\/td>\n<td width=\"53\">7<\/td>\n<\/tr>\n<tr>\n<td width=\"112\">Sukhi Panesar<\/td>\n<td width=\"54\">Milieu<\/td>\n<td width=\"96\">Surrey, C.-B.<\/td>\n<td width=\"53\">51<\/td>\n<\/tr>\n<tr>\n<td width=\"112\">Taylor Curran<\/td>\n<td width=\"54\">Milieu<\/td>\n<td width=\"96\">Vancouver, C.-B.<\/td>\n<td width=\"53\">97<\/td>\n<\/tr>\n<\/tbody>\n<\/table>\n<p>&nbsp;<\/p>\n<p><strong>\u00c9quipe senior masculine de d\u00e9veloppement du Canada 2015-2016<\/strong><\/p>\n<table style=\"height: 844px;\" width=\"638\">\n<tbody>\n<tr>\n<td width=\"101\"><strong>Nom<\/strong><\/td>\n<td width=\"54\"><strong>Position<\/strong><\/td>\n<td width=\"107\"><strong>Lieu de r\u00e9sidence<\/strong><\/td>\n<td width=\"32\"><strong>S\u00e9lections<\/strong><\/td>\n<\/tr>\n<tr>\n<td width=\"101\">Adrien d&rsquo;Andrade<\/td>\n<td width=\"54\">D\u00e9fenseur<\/td>\n<td width=\"107\">Coquitlam, C.-B.<\/td>\n<td width=\"32\">4<\/td>\n<\/tr>\n<tr>\n<td width=\"101\">Amrit Sidhu<\/td>\n<td width=\"54\">Attaquant<\/td>\n<td width=\"107\">Abbotsford, C.-B.<\/td>\n<td width=\"32\"><\/td>\n<\/tr>\n<tr>\n<td width=\"101\">Arif Virjee<\/td>\n<td width=\"54\">Milieu<\/td>\n<td width=\"107\">Vancouver, C.-B.<\/td>\n<td width=\"32\">7<\/td>\n<\/tr>\n<tr>\n<td width=\"101\">Balraj Panesar<\/td>\n<td width=\"54\">Milieu<\/td>\n<td width=\"107\">Surrey, C.-B.<\/td>\n<td width=\"32\"><\/td>\n<\/tr>\n<tr>\n<td width=\"101\">Harbir Sidhu<\/td>\n<td width=\"54\">Attaquant<\/td>\n<td width=\"107\">Victoria, C.-B.<\/td>\n<td width=\"32\"><\/td>\n<\/tr>\n<tr>\n<td width=\"101\">Harp Virdi<\/td>\n<td width=\"54\">Attaquant<\/td>\n<td width=\"107\">Vancouver, C.-B.<\/td>\n<td width=\"32\">6<\/td>\n<\/tr>\n<tr>\n<td width=\"101\">Josh Brown<\/td>\n<td width=\"54\">Attaquant<\/td>\n<td width=\"107\">Victoria, C.-B.<\/td>\n<td width=\"32\"><\/td>\n<\/tr>\n<tr>\n<td width=\"101\">Justin Dhaliwal<\/td>\n<td width=\"54\">Attaquant<\/td>\n<td width=\"107\">Surrey, C.-B.<\/td>\n<td width=\"32\"><\/td>\n<\/tr>\n<tr>\n<td width=\"101\">Leo Bannister<\/td>\n<td width=\"54\">Milieu<\/td>\n<td width=\"107\">Hambourg, ALL<\/td>\n<td width=\"32\">10<\/td>\n<\/tr>\n<tr>\n<td width=\"101\">Manvir Kingra<\/td>\n<td width=\"54\">D\u00e9fenseur<\/td>\n<td width=\"107\">Surrey, C.-B.<\/td>\n<td width=\"32\">4<\/td>\n<\/tr>\n<tr>\n<td width=\"101\">Oliver Scholfield<\/td>\n<td width=\"54\">Attaquant<\/td>\n<td width=\"107\">Vancouver, C.-B.<\/td>\n<td width=\"32\">16<\/td>\n<\/tr>\n<tr>\n<td width=\"101\">Sunny Ajula<\/td>\n<td width=\"54\">D\u00e9fenseur<\/td>\n<td width=\"107\">Surrey, C.-B.<\/td>\n<td width=\"32\">4<\/td>\n<\/tr>\n<tr>\n<td width=\"101\">Tristan Burgoyne<\/td>\n<td width=\"54\">Gardien<\/td>\n<td width=\"107\">Vancouver, C.-B.<\/td>\n<td width=\"32\"><\/td>\n<\/tr>\n<tr>\n<td width=\"101\">Vikram Sandhu<\/td>\n<td width=\"54\">Attaquant<\/td>\n<td width=\"107\">Vancouver, C.-B.<\/td>\n<td width=\"32\"><\/td>\n<\/tr>\n<\/tbody>\n<\/table>\n<p>&nbsp;<\/p>\n","protected":false},"excerpt":{"rendered":"<p>Hockey sur gazon Canada et le Programme national senior masculin du Canada ont d\u00e9voil\u00e9 les alignements de l\u2019\u00e9quipe nationale senior masculine et de l\u2019\u00e9quipe senior masculine de d\u00e9veloppement en vue des comp\u00e9titions de 2016.<\/p>\n","protected":false},"author":4,"featured_media":0,"comment_status":"closed","ping_status":"closed","sticky":false,"template":"","format":"standard","meta":{"footnotes":""},"categories":[],"tags":[],"class_list":["post-20779","post","type-post","status-publish","format-standard","hentry"],"yoast_head":"<!-- This site is optimized with the Yoast SEO plugin v26.8 - https:\/\/yoast.com\/product\/yoast-seo-wordpress\/ -->\n<title>D\u00e9voilement de l\u2019\u00c9quipe nationale et de l\u2019\u00e9quipe de d\u00e9veloppement pour 2016 - Field Hockey Canada<\/title>\n<meta name=\"robots\" content=\"index, follow, max-snippet:-1, max-image-preview:large, max-video-preview:-1\" \/>\n<link rel=\"canonical\" href=\"https:\/\/fieldhockey.ca\/fr\/devoilement-de-lequipe-nationale-et-de-lequipe-de-developpement-pour-2016\/\" \/>\n<meta property=\"og:locale\" content=\"fr_CA\" \/>\n<meta property=\"og:type\" content=\"article\" \/>\n<meta property=\"og:title\" content=\"D\u00e9voilement de l\u2019\u00c9quipe nationale et de l\u2019\u00e9quipe de d\u00e9veloppement pour 2016 - Field Hockey Canada\" \/>\n<meta property=\"og:description\" content=\"Hockey sur gazon Canada et le Programme national senior masculin du Canada ont d\u00e9voil\u00e9 les alignements de l\u2019\u00e9quipe nationale senior masculine et de l\u2019\u00e9quipe senior masculine de d\u00e9veloppement en vue des comp\u00e9titions de 2016.\" \/>\n<meta property=\"og:url\" content=\"https:\/\/fieldhockey.ca\/fr\/devoilement-de-lequipe-nationale-et-de-lequipe-de-developpement-pour-2016\/\" \/>\n<meta property=\"og:site_name\" content=\"Field Hockey Canada\" \/>\n<meta property=\"article:published_time\" content=\"2015-11-12T20:05:07+00:00\" \/>\n<meta property=\"article:modified_time\" content=\"2015-11-24T17:28:56+00:00\" \/>\n<meta property=\"og:image\" content=\"https:\/\/fieldhockey.ca\/wp-content\/uploads\/2015\/11\/2015-0723-M-BRA_CAN-015b.jpg\" \/>\n\t<meta property=\"og:image:width\" content=\"650\" \/>\n\t<meta property=\"og:image:height\" content=\"433\" \/>\n\t<meta property=\"og:image:type\" content=\"image\/jpeg\" \/>\n<meta name=\"author\" content=\"Shaheed Devji\" \/>\n<meta name=\"twitter:card\" content=\"summary_large_image\" \/>\n<meta name=\"twitter:label1\" content=\"\u00c9crit par\" \/>\n\t<meta name=\"twitter:data1\" content=\"Shaheed Devji\" \/>\n\t<meta name=\"twitter:label2\" content=\"Estimation du temps de lecture\" \/>\n\t<meta name=\"twitter:data2\" content=\"3 minutes\" \/>\n<script type=\"application\/ld+json\" class=\"yoast-schema-graph\">{\"@context\":\"https:\/\/schema.org\",\"@graph\":[{\"@type\":\"Article\",\"@id\":\"https:\/\/fieldhockey.ca\/fr\/devoilement-de-lequipe-nationale-et-de-lequipe-de-developpement-pour-2016\/#article\",\"isPartOf\":{\"@id\":\"https:\/\/fieldhockey.ca\/fr\/devoilement-de-lequipe-nationale-et-de-lequipe-de-developpement-pour-2016\/\"},\"author\":{\"name\":\"Shaheed Devji\",\"@id\":\"https:\/\/fieldhockey.ca\/#\/schema\/person\/50e31731c0dc1372ccbc6648eb025b69\"},\"headline\":\"D\u00e9voilement de l\u2019\u00c9quipe nationale et de l\u2019\u00e9quipe de d\u00e9veloppement pour 2016\",\"datePublished\":\"2015-11-12T20:05:07+00:00\",\"dateModified\":\"2015-11-24T17:28:56+00:00\",\"mainEntityOfPage\":{\"@id\":\"https:\/\/fieldhockey.ca\/fr\/devoilement-de-lequipe-nationale-et-de-lequipe-de-developpement-pour-2016\/\"},\"wordCount\":655,\"inLanguage\":\"fr-CA\"},{\"@type\":\"WebPage\",\"@id\":\"https:\/\/fieldhockey.ca\/fr\/devoilement-de-lequipe-nationale-et-de-lequipe-de-developpement-pour-2016\/\",\"url\":\"https:\/\/fieldhockey.ca\/fr\/devoilement-de-lequipe-nationale-et-de-lequipe-de-developpement-pour-2016\/\",\"name\":\"D\u00e9voilement de l\u2019\u00c9quipe nationale et de l\u2019\u00e9quipe de d\u00e9veloppement pour 2016 - Field Hockey Canada\",\"isPartOf\":{\"@id\":\"https:\/\/fieldhockey.ca\/#website\"},\"datePublished\":\"2015-11-12T20:05:07+00:00\",\"dateModified\":\"2015-11-24T17:28:56+00:00\",\"author\":{\"@id\":\"https:\/\/fieldhockey.ca\/#\/schema\/person\/50e31731c0dc1372ccbc6648eb025b69\"},\"breadcrumb\":{\"@id\":\"https:\/\/fieldhockey.ca\/fr\/devoilement-de-lequipe-nationale-et-de-lequipe-de-developpement-pour-2016\/#breadcrumb\"},\"inLanguage\":\"fr-CA\",\"potentialAction\":[{\"@type\":\"ReadAction\",\"target\":[\"https:\/\/fieldhockey.ca\/fr\/devoilement-de-lequipe-nationale-et-de-lequipe-de-developpement-pour-2016\/\"]}]},{\"@type\":\"BreadcrumbList\",\"@id\":\"https:\/\/fieldhockey.ca\/fr\/devoilement-de-lequipe-nationale-et-de-lequipe-de-developpement-pour-2016\/#breadcrumb\",\"itemListElement\":[{\"@type\":\"ListItem\",\"position\":1,\"name\":\"Home\",\"item\":\"https:\/\/fieldhockey.ca\/fr\/\"},{\"@type\":\"ListItem\",\"position\":2,\"name\":\"D\u00e9voilement de l\u2019\u00c9quipe nationale et de l\u2019\u00e9quipe de d\u00e9veloppement pour 2016\"}]},{\"@type\":\"WebSite\",\"@id\":\"https:\/\/fieldhockey.ca\/#website\",\"url\":\"https:\/\/fieldhockey.ca\/\",\"name\":\"Field Hockey Canada\",\"description\":\"Canada\u2019s governing body for field hockey\",\"potentialAction\":[{\"@type\":\"SearchAction\",\"target\":{\"@type\":\"EntryPoint\",\"urlTemplate\":\"https:\/\/fieldhockey.ca\/?s={search_term_string}\"},\"query-input\":{\"@type\":\"PropertyValueSpecification\",\"valueRequired\":true,\"valueName\":\"search_term_string\"}}],\"inLanguage\":\"fr-CA\"},{\"@type\":\"Person\",\"@id\":\"https:\/\/fieldhockey.ca\/#\/schema\/person\/50e31731c0dc1372ccbc6648eb025b69\",\"name\":\"Shaheed Devji\",\"image\":{\"@type\":\"ImageObject\",\"inLanguage\":\"fr-CA\",\"@id\":\"https:\/\/fieldhockey.ca\/#\/schema\/person\/image\/\",\"url\":\"https:\/\/secure.gravatar.com\/avatar\/49061c22a578dac59664dd0e0b494915a95e82e375ffbf34b9951f47077e18a9?s=96&d=mm&r=g\",\"contentUrl\":\"https:\/\/secure.gravatar.com\/avatar\/49061c22a578dac59664dd0e0b494915a95e82e375ffbf34b9951f47077e18a9?s=96&d=mm&r=g\",\"caption\":\"Shaheed Devji\"},\"url\":\"https:\/\/fieldhockey.ca\/fr\/author\/shaheed\/\"}]}<\/script>\n<!-- \/ Yoast SEO plugin. -->","yoast_head_json":{"title":"D\u00e9voilement de l\u2019\u00c9quipe nationale et de l\u2019\u00e9quipe de d\u00e9veloppement pour 2016 - Field Hockey Canada","robots":{"index":"index","follow":"follow","max-snippet":"max-snippet:-1","max-image-preview":"max-image-preview:large","max-video-preview":"max-video-preview:-1"},"canonical":"https:\/\/fieldhockey.ca\/fr\/devoilement-de-lequipe-nationale-et-de-lequipe-de-developpement-pour-2016\/","og_locale":"fr_CA","og_type":"article","og_title":"D\u00e9voilement de l\u2019\u00c9quipe nationale et de l\u2019\u00e9quipe de d\u00e9veloppement pour 2016 - Field Hockey Canada","og_description":"Hockey sur gazon Canada et le Programme national senior masculin du Canada ont d\u00e9voil\u00e9 les alignements de l\u2019\u00e9quipe nationale senior masculine et de l\u2019\u00e9quipe senior masculine de d\u00e9veloppement en vue des comp\u00e9titions de 2016.","og_url":"https:\/\/fieldhockey.ca\/fr\/devoilement-de-lequipe-nationale-et-de-lequipe-de-developpement-pour-2016\/","og_site_name":"Field Hockey Canada","article_published_time":"2015-11-12T20:05:07+00:00","article_modified_time":"2015-11-24T17:28:56+00:00","og_image":[{"width":650,"height":433,"url":"https:\/\/fieldhockey.ca\/wp-content\/uploads\/2015\/11\/2015-0723-M-BRA_CAN-015b.jpg","type":"image\/jpeg"}],"author":"Shaheed Devji","twitter_card":"summary_large_image","twitter_misc":{"\u00c9crit par":"Shaheed Devji","Estimation du temps de lecture":"3 minutes"},"schema":{"@context":"https:\/\/schema.org","@graph":[{"@type":"Article","@id":"https:\/\/fieldhockey.ca\/fr\/devoilement-de-lequipe-nationale-et-de-lequipe-de-developpement-pour-2016\/#article","isPartOf":{"@id":"https:\/\/fieldhockey.ca\/fr\/devoilement-de-lequipe-nationale-et-de-lequipe-de-developpement-pour-2016\/"},"author":{"name":"Shaheed Devji","@id":"https:\/\/fieldhockey.ca\/#\/schema\/person\/50e31731c0dc1372ccbc6648eb025b69"},"headline":"D\u00e9voilement de l\u2019\u00c9quipe nationale et de l\u2019\u00e9quipe de d\u00e9veloppement pour 2016","datePublished":"2015-11-12T20:05:07+00:00","dateModified":"2015-11-24T17:28:56+00:00","mainEntityOfPage":{"@id":"https:\/\/fieldhockey.ca\/fr\/devoilement-de-lequipe-nationale-et-de-lequipe-de-developpement-pour-2016\/"},"wordCount":655,"inLanguage":"fr-CA"},{"@type":"WebPage","@id":"https:\/\/fieldhockey.ca\/fr\/devoilement-de-lequipe-nationale-et-de-lequipe-de-developpement-pour-2016\/","url":"https:\/\/fieldhockey.ca\/fr\/devoilement-de-lequipe-nationale-et-de-lequipe-de-developpement-pour-2016\/","name":"D\u00e9voilement de l\u2019\u00c9quipe nationale et de l\u2019\u00e9quipe de d\u00e9veloppement pour 2016 - Field Hockey Canada","isPartOf":{"@id":"https:\/\/fieldhockey.ca\/#website"},"datePublished":"2015-11-12T20:05:07+00:00","dateModified":"2015-11-24T17:28:56+00:00","author":{"@id":"https:\/\/fieldhockey.ca\/#\/schema\/person\/50e31731c0dc1372ccbc6648eb025b69"},"breadcrumb":{"@id":"https:\/\/fieldhockey.ca\/fr\/devoilement-de-lequipe-nationale-et-de-lequipe-de-developpement-pour-2016\/#breadcrumb"},"inLanguage":"fr-CA","potentialAction":[{"@type":"ReadAction","target":["https:\/\/fieldhockey.ca\/fr\/devoilement-de-lequipe-nationale-et-de-lequipe-de-developpement-pour-2016\/"]}]},{"@type":"BreadcrumbList","@id":"https:\/\/fieldhockey.ca\/fr\/devoilement-de-lequipe-nationale-et-de-lequipe-de-developpement-pour-2016\/#breadcrumb","itemListElement":[{"@type":"ListItem","position":1,"name":"Home","item":"https:\/\/fieldhockey.ca\/fr\/"},{"@type":"ListItem","position":2,"name":"D\u00e9voilement de l\u2019\u00c9quipe nationale et de l\u2019\u00e9quipe de d\u00e9veloppement pour 2016"}]},{"@type":"WebSite","@id":"https:\/\/fieldhockey.ca\/#website","url":"https:\/\/fieldhockey.ca\/","name":"Field Hockey Canada","description":"Canada\u2019s governing body for field hockey","potentialAction":[{"@type":"SearchAction","target":{"@type":"EntryPoint","urlTemplate":"https:\/\/fieldhockey.ca\/?s={search_term_string}"},"query-input":{"@type":"PropertyValueSpecification","valueRequired":true,"valueName":"search_term_string"}}],"inLanguage":"fr-CA"},{"@type":"Person","@id":"https:\/\/fieldhockey.ca\/#\/schema\/person\/50e31731c0dc1372ccbc6648eb025b69","name":"Shaheed Devji","image":{"@type":"ImageObject","inLanguage":"fr-CA","@id":"https:\/\/fieldhockey.ca\/#\/schema\/person\/image\/","url":"https:\/\/secure.gravatar.com\/avatar\/49061c22a578dac59664dd0e0b494915a95e82e375ffbf34b9951f47077e18a9?s=96&d=mm&r=g","contentUrl":"https:\/\/secure.gravatar.com\/avatar\/49061c22a578dac59664dd0e0b494915a95e82e375ffbf34b9951f47077e18a9?s=96&d=mm&r=g","caption":"Shaheed Devji"},"url":"https:\/\/fieldhockey.ca\/fr\/author\/shaheed\/"}]}},"_links":{"self":[{"href":"https:\/\/fieldhockey.ca\/fr\/wp-json\/wp\/v2\/posts\/20779","targetHints":{"allow":["GET"]}}],"collection":[{"href":"https:\/\/fieldhockey.ca\/fr\/wp-json\/wp\/v2\/posts"}],"about":[{"href":"https:\/\/fieldhockey.ca\/fr\/wp-json\/wp\/v2\/types\/post"}],"author":[{"embeddable":true,"href":"https:\/\/fieldhockey.ca\/fr\/wp-json\/wp\/v2\/users\/4"}],"replies":[{"embeddable":true,"href":"https:\/\/fieldhockey.ca\/fr\/wp-json\/wp\/v2\/comments?post=20779"}],"version-history":[{"count":4,"href":"https:\/\/fieldhockey.ca\/fr\/wp-json\/wp\/v2\/posts\/20779\/revisions"}],"predecessor-version":[{"id":21135,"href":"https:\/\/fieldhockey.ca\/fr\/wp-json\/wp\/v2\/posts\/20779\/revisions\/21135"}],"wp:attachment":[{"href":"https:\/\/fieldhockey.ca\/fr\/wp-json\/wp\/v2\/media?parent=20779"}],"wp:term":[{"taxonomy":"category","embeddable":true,"href":"https:\/\/fieldhockey.ca\/fr\/wp-json\/wp\/v2\/categories?post=20779"},{"taxonomy":"post_tag","embeddable":true,"href":"https:\/\/fieldhockey.ca\/fr\/wp-json\/wp\/v2\/tags?post=20779"}],"curies":[{"name":"wp","href":"https:\/\/api.w.org\/{rel}","templated":true}]}}