{"id":21175,"date":"2015-11-25T17:42:54","date_gmt":"2015-11-26T01:42:54","guid":{"rendered":"http:\/\/www.fieldhockey.ca\/fr\/?p=21175"},"modified":"2015-11-25T17:42:54","modified_gmt":"2015-11-26T01:42:54","slug":"les-auditions-pour-rio-demarrent-cette-semaine-en-finale-de-la-ligue-mondiale","status":"publish","type":"post","link":"https:\/\/fieldhockey.ca\/fr\/les-auditions-pour-rio-demarrent-cette-semaine-en-finale-de-la-ligue-mondiale\/","title":{"rendered":"Les auditions pour Rio d\u00e9marrent cette semaine en finale de la Ligue mondiale"},"content":{"rendered":"<p>D\u00e8s que l\u2019\u00e9quipe canadienne masculine de hockey sur gazon a quitt\u00e9 Toronto et les Jeux panam\u00e9ricains de Toronto 2015 en juillet dernier, les r\u00e9flecteurs se sont tourn\u00e9s vers les Jeux olympiques de Rio, l\u2019\u00e9t\u00e9 prochain au Br\u00e9sil.<\/p>\n<p>Les Canadiens sont officiellement qualifi\u00e9s pour les Jeux de 2016, mais avant d\u2019aller au Br\u00e9sil, ils ont huit mois d\u2019entra\u00eenement et de comp\u00e9tition au menu, \u00e0 commencer par la ronde finale de la Ligue mondiale, cette semaine \u00e0 Rajpur en Inde.<\/p>\n<p>Pour plusieurs membres de l\u2019\u00e9quipe, cette ronde finale de la Ligue mondiale est une occasion de prouver une fois de plus qu\u2019ils ont leur place au sein de la formation apr\u00e8s avoir rat\u00e9 les Panam\u00e9ricains.<\/p>\n<p>\u00ab&nbsp;J\u2019\u00e9tais plut\u00f4t d\u00e9\u00e7u de rater les Panam\u00e9ricains&nbsp;\u00bb, indique James Kirkpatrick de Victoria, qui est relativement nouveau sur la sc\u00e8ne internationale avec 28 matchs \u00e0 sa fiche. \u00ab&nbsp;C\u2019est une incroyable occasion. Il y a vraiment de bonnes \u00e9quipes \u00e0 affronter. C\u2019est une v\u00e9ritable occasion pour moi de montrer ce que j\u2019ai et tenter de m\u00e9riter ma place parmi les 16 gars qui prendront l\u2019avion pour Rio.&nbsp;\u00bb<\/p>\n<p>Kirkpatrick est un de sept joueurs au sein de l\u2019\u00e9quipe canadienne pour la ronde finale de la Ligue mondiale qui n\u2019\u00e9tait pas \u00e0 Toronto cet \u00e9t\u00e9. Il sait qu\u2019il y aura un regard attentif sur lui et sur les autres joueurs dans sa situation alors que les Jeux de Rio approchent.<\/p>\n<p>\u00ab&nbsp;C\u2019est toujours une audition. Chaque entra\u00eenement et chaque match.&nbsp;\u00bb, indique l\u2019attaquant de 24 ans.&nbsp;\u00ab&nbsp;J\u2019essaie de ne pas trop y penser. Je veux simplement me concentrer sur mon r\u00f4le et faire ce que je fais de bien et le faire pour les gars. Je crois que si j\u2019y parviens, tout va tomber en place.&nbsp;\u00bb<\/p>\n<p>C\u2019est quand m\u00eame difficile d\u2019y faire abstraction.<\/p>\n<p>C\u2019est particuli\u00e8rement le cas aussi pour le v\u00e9t\u00e9ran d\u00e9fenseur Richard Hildreth qui a \u00e9t\u00e9 un t\u00e9moin attentif sur les lignes de c\u00f4t\u00e9 pour la majeure partie de l\u2019\u00e9t\u00e9.<\/p>\n<p>\u00ab&nbsp;\u00c7a fait toujours mal de ne pas \u00eatre retenu, particuli\u00e8rement quand tu es un des plus vieux du groupe&nbsp;\u00bb, raconte l\u2019athl\u00e8te de 31 ans originaire de Vancouver.<\/p>\n<p>\u00ab&nbsp;C\u2019est \u00e9videmment bien de voir les plus jeunes arriver et nous d\u00e9fier pour un poste. C\u2019est une bonne nouvelle pour notre \u00e9quipe. En m\u00eame temps, il faut \u00eatre un peu \u00e9go\u00efste et vouloir faire partie de l\u2019\u00e9quipe pour l\u2019aider \u00e0 gagner.&nbsp;\u00bb<\/p>\n<p>Hildreth a fait partie de l\u2019\u00e9quipe qui a rat\u00e9 la qualification pour les Jeux olympiques de Londres 2012, suite \u00e0 une courte d\u00e9faite aux mains de l\u2019Argentine aux Jeux panam\u00e9ricains 2011 au Mexique.<\/p>\n<p>Cette exp\u00e9rience, ainsi que les hauts et les bas d\u2019une carri\u00e8re sportive aident Hildreth \u00e0 se concentrer davantage sur le processus de jeu et non sur le fait de ressentir les effets de son rendement et celle de son \u00e9quipe en vue d\u2019une s\u00e9lection pour Rio.<\/p>\n<p>\u00ab&nbsp;Que nous soyons ou non dans une ann\u00e9e olympique, il faut sortir avec un d\u00e9sir de gagner chaque match autant que possible&nbsp;\u00bb, dit-il. \u00ab&nbsp;Il faut trouver cet \u00e9quilibre entre jouer avec un peu de libert\u00e9 et normalement, sachant ce pour quoi tu joues, dans ce cas une s\u00e9lection.&nbsp;\u00bb<\/p>\n<p>Le Canada entreprend la ronde finale de la Ligue mondiale, le samedi 28 novembre \u00e0 0 h 30 (HP) \/ 3 h 30 (HE) contre la Grande-Bretagne. Tous les matchs seront t\u00e9l\u00e9diffus\u00e9s en direct au Canada sur la cha\u00eene Cricket Plus du r\u00e9seau ATN et webdiffus\u00e9s en direct sur StarSports.com.<\/p>\n<p>L\u2019abonnement est n\u00e9cessaire pour la t\u00e9l\u00e9diffusion et pourrait \u00eatre n\u00e9cessaire pour la webdiffusion.<\/p>\n<p>Suivez les mises \u00e0 jour en direct sur Twitter <a href=\"http:\/\/twitter.com\/fieldhockeycan\">@FieldHockeyCAN<\/a> et restez \u00e0 l\u2019\u00e9coute sur <a href=\"http:\/\/fieldhockey.ca\/\">fieldhockey.ca<\/a> pour des r\u00e9sum\u00e9s de match et notre couverture du tournoi en provenance de l\u2019Inde.<\/p>\n","protected":false},"excerpt":{"rendered":"<p>D\u00e8s que l\u2019\u00e9quipe canadienne masculine de hockey sur gazon a quitt\u00e9 Toronto et les Jeux panam\u00e9ricains de Toronto 2015 en juillet dernier, les r\u00e9flecteurs se sont tourn\u00e9s vers les Jeux olympiques de Rio, l\u2019\u00e9t\u00e9 prochain au Br\u00e9sil.<\/p>\n","protected":false},"author":4,"featured_media":0,"comment_status":"closed","ping_status":"closed","sticky":false,"template":"","format":"standard","meta":{"footnotes":""},"categories":[],"tags":[],"class_list":["post-21175","post","type-post","status-publish","format-standard","hentry"],"yoast_head":"<!-- This site is optimized with the Yoast SEO plugin v26.8 - https:\/\/yoast.com\/product\/yoast-seo-wordpress\/ -->\n<title>Les auditions pour Rio d\u00e9marrent cette semaine en finale de la Ligue mondiale - Field Hockey Canada<\/title>\n<meta name=\"robots\" content=\"index, follow, max-snippet:-1, max-image-preview:large, max-video-preview:-1\" \/>\n<link rel=\"canonical\" href=\"https:\/\/fieldhockey.ca\/fr\/les-auditions-pour-rio-demarrent-cette-semaine-en-finale-de-la-ligue-mondiale\/\" \/>\n<meta property=\"og:locale\" content=\"fr_CA\" \/>\n<meta property=\"og:type\" content=\"article\" \/>\n<meta property=\"og:title\" content=\"Les auditions pour Rio d\u00e9marrent cette semaine en finale de la Ligue mondiale - Field Hockey Canada\" \/>\n<meta property=\"og:description\" content=\"D\u00e8s que l\u2019\u00e9quipe canadienne masculine de hockey sur gazon a quitt\u00e9 Toronto et les Jeux panam\u00e9ricains de Toronto 2015 en juillet dernier, les r\u00e9flecteurs se sont tourn\u00e9s vers les Jeux olympiques de Rio, l\u2019\u00e9t\u00e9 prochain au Br\u00e9sil.\" \/>\n<meta property=\"og:url\" content=\"https:\/\/fieldhockey.ca\/fr\/les-auditions-pour-rio-demarrent-cette-semaine-en-finale-de-la-ligue-mondiale\/\" \/>\n<meta property=\"og:site_name\" content=\"Field Hockey Canada\" \/>\n<meta property=\"article:published_time\" content=\"2015-11-26T01:42:54+00:00\" \/>\n<meta name=\"author\" content=\"Shaheed Devji\" \/>\n<meta name=\"twitter:card\" content=\"summary_large_image\" \/>\n<meta name=\"twitter:label1\" content=\"\u00c9crit par\" \/>\n\t<meta name=\"twitter:data1\" content=\"Shaheed Devji\" \/>\n\t<meta name=\"twitter:label2\" content=\"Estimation du temps de lecture\" \/>\n\t<meta name=\"twitter:data2\" content=\"3 minutes\" \/>\n<script type=\"application\/ld+json\" class=\"yoast-schema-graph\">{\"@context\":\"https:\/\/schema.org\",\"@graph\":[{\"@type\":\"Article\",\"@id\":\"https:\/\/fieldhockey.ca\/fr\/les-auditions-pour-rio-demarrent-cette-semaine-en-finale-de-la-ligue-mondiale\/#article\",\"isPartOf\":{\"@id\":\"https:\/\/fieldhockey.ca\/fr\/les-auditions-pour-rio-demarrent-cette-semaine-en-finale-de-la-ligue-mondiale\/\"},\"author\":{\"name\":\"Shaheed Devji\",\"@id\":\"https:\/\/fieldhockey.ca\/#\/schema\/person\/50e31731c0dc1372ccbc6648eb025b69\"},\"headline\":\"Les auditions pour Rio d\u00e9marrent cette semaine en finale de la Ligue mondiale\",\"datePublished\":\"2015-11-26T01:42:54+00:00\",\"mainEntityOfPage\":{\"@id\":\"https:\/\/fieldhockey.ca\/fr\/les-auditions-pour-rio-demarrent-cette-semaine-en-finale-de-la-ligue-mondiale\/\"},\"wordCount\":699,\"inLanguage\":\"fr-CA\"},{\"@type\":\"WebPage\",\"@id\":\"https:\/\/fieldhockey.ca\/fr\/les-auditions-pour-rio-demarrent-cette-semaine-en-finale-de-la-ligue-mondiale\/\",\"url\":\"https:\/\/fieldhockey.ca\/fr\/les-auditions-pour-rio-demarrent-cette-semaine-en-finale-de-la-ligue-mondiale\/\",\"name\":\"Les auditions pour Rio d\u00e9marrent cette semaine en finale de la Ligue mondiale - Field Hockey Canada\",\"isPartOf\":{\"@id\":\"https:\/\/fieldhockey.ca\/#website\"},\"datePublished\":\"2015-11-26T01:42:54+00:00\",\"author\":{\"@id\":\"https:\/\/fieldhockey.ca\/#\/schema\/person\/50e31731c0dc1372ccbc6648eb025b69\"},\"breadcrumb\":{\"@id\":\"https:\/\/fieldhockey.ca\/fr\/les-auditions-pour-rio-demarrent-cette-semaine-en-finale-de-la-ligue-mondiale\/#breadcrumb\"},\"inLanguage\":\"fr-CA\",\"potentialAction\":[{\"@type\":\"ReadAction\",\"target\":[\"https:\/\/fieldhockey.ca\/fr\/les-auditions-pour-rio-demarrent-cette-semaine-en-finale-de-la-ligue-mondiale\/\"]}]},{\"@type\":\"BreadcrumbList\",\"@id\":\"https:\/\/fieldhockey.ca\/fr\/les-auditions-pour-rio-demarrent-cette-semaine-en-finale-de-la-ligue-mondiale\/#breadcrumb\",\"itemListElement\":[{\"@type\":\"ListItem\",\"position\":1,\"name\":\"Home\",\"item\":\"https:\/\/fieldhockey.ca\/fr\/\"},{\"@type\":\"ListItem\",\"position\":2,\"name\":\"Les auditions pour Rio d\u00e9marrent cette semaine en finale de la Ligue mondiale\"}]},{\"@type\":\"WebSite\",\"@id\":\"https:\/\/fieldhockey.ca\/#website\",\"url\":\"https:\/\/fieldhockey.ca\/\",\"name\":\"Field Hockey Canada\",\"description\":\"Canada\u2019s governing body for field hockey\",\"potentialAction\":[{\"@type\":\"SearchAction\",\"target\":{\"@type\":\"EntryPoint\",\"urlTemplate\":\"https:\/\/fieldhockey.ca\/?s={search_term_string}\"},\"query-input\":{\"@type\":\"PropertyValueSpecification\",\"valueRequired\":true,\"valueName\":\"search_term_string\"}}],\"inLanguage\":\"fr-CA\"},{\"@type\":\"Person\",\"@id\":\"https:\/\/fieldhockey.ca\/#\/schema\/person\/50e31731c0dc1372ccbc6648eb025b69\",\"name\":\"Shaheed Devji\",\"image\":{\"@type\":\"ImageObject\",\"inLanguage\":\"fr-CA\",\"@id\":\"https:\/\/fieldhockey.ca\/#\/schema\/person\/image\/\",\"url\":\"https:\/\/secure.gravatar.com\/avatar\/49061c22a578dac59664dd0e0b494915a95e82e375ffbf34b9951f47077e18a9?s=96&d=mm&r=g\",\"contentUrl\":\"https:\/\/secure.gravatar.com\/avatar\/49061c22a578dac59664dd0e0b494915a95e82e375ffbf34b9951f47077e18a9?s=96&d=mm&r=g\",\"caption\":\"Shaheed Devji\"},\"url\":\"https:\/\/fieldhockey.ca\/fr\/author\/shaheed\/\"}]}<\/script>\n<!-- \/ Yoast SEO plugin. -->","yoast_head_json":{"title":"Les auditions pour Rio d\u00e9marrent cette semaine en finale de la Ligue mondiale - Field Hockey Canada","robots":{"index":"index","follow":"follow","max-snippet":"max-snippet:-1","max-image-preview":"max-image-preview:large","max-video-preview":"max-video-preview:-1"},"canonical":"https:\/\/fieldhockey.ca\/fr\/les-auditions-pour-rio-demarrent-cette-semaine-en-finale-de-la-ligue-mondiale\/","og_locale":"fr_CA","og_type":"article","og_title":"Les auditions pour Rio d\u00e9marrent cette semaine en finale de la Ligue mondiale - Field Hockey Canada","og_description":"D\u00e8s que l\u2019\u00e9quipe canadienne masculine de hockey sur gazon a quitt\u00e9 Toronto et les Jeux panam\u00e9ricains de Toronto 2015 en juillet dernier, les r\u00e9flecteurs se sont tourn\u00e9s vers les Jeux olympiques de Rio, l\u2019\u00e9t\u00e9 prochain au Br\u00e9sil.","og_url":"https:\/\/fieldhockey.ca\/fr\/les-auditions-pour-rio-demarrent-cette-semaine-en-finale-de-la-ligue-mondiale\/","og_site_name":"Field Hockey Canada","article_published_time":"2015-11-26T01:42:54+00:00","author":"Shaheed Devji","twitter_card":"summary_large_image","twitter_misc":{"\u00c9crit par":"Shaheed Devji","Estimation du temps de lecture":"3 minutes"},"schema":{"@context":"https:\/\/schema.org","@graph":[{"@type":"Article","@id":"https:\/\/fieldhockey.ca\/fr\/les-auditions-pour-rio-demarrent-cette-semaine-en-finale-de-la-ligue-mondiale\/#article","isPartOf":{"@id":"https:\/\/fieldhockey.ca\/fr\/les-auditions-pour-rio-demarrent-cette-semaine-en-finale-de-la-ligue-mondiale\/"},"author":{"name":"Shaheed Devji","@id":"https:\/\/fieldhockey.ca\/#\/schema\/person\/50e31731c0dc1372ccbc6648eb025b69"},"headline":"Les auditions pour Rio d\u00e9marrent cette semaine en finale de la Ligue mondiale","datePublished":"2015-11-26T01:42:54+00:00","mainEntityOfPage":{"@id":"https:\/\/fieldhockey.ca\/fr\/les-auditions-pour-rio-demarrent-cette-semaine-en-finale-de-la-ligue-mondiale\/"},"wordCount":699,"inLanguage":"fr-CA"},{"@type":"WebPage","@id":"https:\/\/fieldhockey.ca\/fr\/les-auditions-pour-rio-demarrent-cette-semaine-en-finale-de-la-ligue-mondiale\/","url":"https:\/\/fieldhockey.ca\/fr\/les-auditions-pour-rio-demarrent-cette-semaine-en-finale-de-la-ligue-mondiale\/","name":"Les auditions pour Rio d\u00e9marrent cette semaine en finale de la Ligue mondiale - Field Hockey Canada","isPartOf":{"@id":"https:\/\/fieldhockey.ca\/#website"},"datePublished":"2015-11-26T01:42:54+00:00","author":{"@id":"https:\/\/fieldhockey.ca\/#\/schema\/person\/50e31731c0dc1372ccbc6648eb025b69"},"breadcrumb":{"@id":"https:\/\/fieldhockey.ca\/fr\/les-auditions-pour-rio-demarrent-cette-semaine-en-finale-de-la-ligue-mondiale\/#breadcrumb"},"inLanguage":"fr-CA","potentialAction":[{"@type":"ReadAction","target":["https:\/\/fieldhockey.ca\/fr\/les-auditions-pour-rio-demarrent-cette-semaine-en-finale-de-la-ligue-mondiale\/"]}]},{"@type":"BreadcrumbList","@id":"https:\/\/fieldhockey.ca\/fr\/les-auditions-pour-rio-demarrent-cette-semaine-en-finale-de-la-ligue-mondiale\/#breadcrumb","itemListElement":[{"@type":"ListItem","position":1,"name":"Home","item":"https:\/\/fieldhockey.ca\/fr\/"},{"@type":"ListItem","position":2,"name":"Les auditions pour Rio d\u00e9marrent cette semaine en finale de la Ligue mondiale"}]},{"@type":"WebSite","@id":"https:\/\/fieldhockey.ca\/#website","url":"https:\/\/fieldhockey.ca\/","name":"Field Hockey Canada","description":"Canada\u2019s governing body for field hockey","potentialAction":[{"@type":"SearchAction","target":{"@type":"EntryPoint","urlTemplate":"https:\/\/fieldhockey.ca\/?s={search_term_string}"},"query-input":{"@type":"PropertyValueSpecification","valueRequired":true,"valueName":"search_term_string"}}],"inLanguage":"fr-CA"},{"@type":"Person","@id":"https:\/\/fieldhockey.ca\/#\/schema\/person\/50e31731c0dc1372ccbc6648eb025b69","name":"Shaheed Devji","image":{"@type":"ImageObject","inLanguage":"fr-CA","@id":"https:\/\/fieldhockey.ca\/#\/schema\/person\/image\/","url":"https:\/\/secure.gravatar.com\/avatar\/49061c22a578dac59664dd0e0b494915a95e82e375ffbf34b9951f47077e18a9?s=96&d=mm&r=g","contentUrl":"https:\/\/secure.gravatar.com\/avatar\/49061c22a578dac59664dd0e0b494915a95e82e375ffbf34b9951f47077e18a9?s=96&d=mm&r=g","caption":"Shaheed Devji"},"url":"https:\/\/fieldhockey.ca\/fr\/author\/shaheed\/"}]}},"_links":{"self":[{"href":"https:\/\/fieldhockey.ca\/fr\/wp-json\/wp\/v2\/posts\/21175","targetHints":{"allow":["GET"]}}],"collection":[{"href":"https:\/\/fieldhockey.ca\/fr\/wp-json\/wp\/v2\/posts"}],"about":[{"href":"https:\/\/fieldhockey.ca\/fr\/wp-json\/wp\/v2\/types\/post"}],"author":[{"embeddable":true,"href":"https:\/\/fieldhockey.ca\/fr\/wp-json\/wp\/v2\/users\/4"}],"replies":[{"embeddable":true,"href":"https:\/\/fieldhockey.ca\/fr\/wp-json\/wp\/v2\/comments?post=21175"}],"version-history":[{"count":1,"href":"https:\/\/fieldhockey.ca\/fr\/wp-json\/wp\/v2\/posts\/21175\/revisions"}],"predecessor-version":[{"id":21176,"href":"https:\/\/fieldhockey.ca\/fr\/wp-json\/wp\/v2\/posts\/21175\/revisions\/21176"}],"wp:attachment":[{"href":"https:\/\/fieldhockey.ca\/fr\/wp-json\/wp\/v2\/media?parent=21175"}],"wp:term":[{"taxonomy":"category","embeddable":true,"href":"https:\/\/fieldhockey.ca\/fr\/wp-json\/wp\/v2\/categories?post=21175"},{"taxonomy":"post_tag","embeddable":true,"href":"https:\/\/fieldhockey.ca\/fr\/wp-json\/wp\/v2\/tags?post=21175"}],"curies":[{"name":"wp","href":"https:\/\/api.w.org\/{rel}","templated":true}]}}