{"id":21396,"date":"2015-12-17T12:55:55","date_gmt":"2015-12-17T20:55:55","guid":{"rendered":"http:\/\/www.fieldhockey.ca\/fr\/?p=21396"},"modified":"2016-01-06T12:56:57","modified_gmt":"2016-01-06T20:56:57","slug":"norlander-a-temps-plein-avec-lequipe-nationale-apres-une-annee-de-percee","status":"publish","type":"post","link":"https:\/\/fieldhockey.ca\/fr\/norlander-a-temps-plein-avec-lequipe-nationale-apres-une-annee-de-percee\/","title":{"rendered":"Norlander \u00e0 temps plein avec l\u2019\u00c9quipe nationale apr\u00e8s une ann\u00e9e de perc\u00e9e"},"content":{"rendered":"<p>Stephanie Norlander vient de compl\u00e9ter sa troisi\u00e8me et derni\u00e8re saison chez les Hawkeyes de l\u2019Universit\u00e9 de l\u2019Iowa, et maintenant l\u2019attaquante de 19 ans rejoindra l\u2019\u00c9quipe nationale f\u00e9minine du Canada \u00e0 temps plein en 2016.<\/p>\n<p>Originaire de North Vancouver en Colombie-Britannique, Norlander a jou\u00e9 tous les matchs du Canada en 2015, notamment les tournois de qualification olympique de 2e et de 3e ronde de la Ligue mondiale, mais aussi les Jeux panam\u00e9ricains 2015 \u00e0 Toronto en Ontario, o\u00f9 les Canadiennes ont remport\u00e9 une m\u00e9daille de bronze.<\/p>\n<p>Son s\u00e9jour avec l\u2019\u00c9quipe nationale en 2015 lui a donn\u00e9 un aper\u00e7u de l\u2019entra\u00eenement \u00e0 temps complet et de son effet sur sa carri\u00e8re au hockey sur gazon.<\/p>\n<p>\u00ab&nbsp;En participant aux deux rondes de la Ligue mondiale puis aux Jeux panam\u00e9ricains, j\u2019ai r\u00e9alis\u00e9 combien amusant cela serait d\u2019\u00eatre \u00e0 temps plein avec le programme&nbsp;\u00bb, dit-elle.<\/p>\n<p>\u00ab&nbsp;Je suis encore une jeune joueuse et j\u2019ai beaucoup de potentiel et c\u2019est aussi un grand facteur qui m\u2019am\u00e8ne avec le programme \u00e0 temps plein. Je sais que c\u2019est le seul moyen par lequel je peux r\u00e9aliser ce potentiel.&nbsp;\u00bb<\/p>\n<p>\u00c0 19 ans, Norlander a \u00e9t\u00e9 la plus jeune joueuse nomm\u00e9e au sein de l\u2019alignement de <a href=\"http:\/\/www.fieldhockey.ca\/2015\/12\/08\/womens-national-team-and-development-squads-named-for-2016\/\">l\u2019\u00c9quipe nationale f\u00e9minine pour 2016 plus t\u00f4t en d\u00e9cembre<\/a> et elle a d\u00e9j\u00e0 jou\u00e9 32 matchs internationaux seniors pour le Canada, tout cela avant son 20<sup>e<\/sup> anniversaire de naissance, qu\u2019elle c\u00e9l\u00e9brera dans quelques jours.<\/p>\n<p>Au cours de la derni\u00e8re ann\u00e9e, elle est devenue un \u00e9l\u00e9ment cl\u00e9 de l\u2019attaque canadienne, marquant de gros buts dans des comp\u00e9titions d\u2019envergure.<\/p>\n<p>Norlander a inscrit un tour du chapeau dans le <a href=\"http:\/\/www.fieldhockey.ca\/2015\/07\/14\/canadian-women-rout-dominican-republic-in-pan-am-opener\/\">premier match du Canada aux Jeux panam\u00e9ricains (une victoire de 12-1 sur la R\u00e9publique dominicaine)<\/a> et elle a aussi marqu\u00e9 un but dans l\u2019<a href=\"http:\/\/www.fieldhockey.ca\/2015\/03\/21\/canada-wins-world-league-2-semifinal-in-shootout-to-earn-spot-in-olympic-qualifier\/\">importante fusillade contre le Chili en deuxi\u00e8me ronde de la Ligue mondiale <\/a>en mars.<\/p>\n<p>Tout cela s\u2019est produit apr\u00e8s une ann\u00e9e 2014 d\u00e9cevante o\u00f9 elle a rat\u00e9 la s\u00e9lection pour les Jeux du Commonwealth.<\/p>\n<p>\u00ab&nbsp;Apr\u00e8s v\u00e9cu cette d\u00e9ception en 2014, Steph est revenue plus forte et elle nous a forc\u00e9 la main en fin d\u2019ann\u00e9e pour l\u2019int\u00e9grer dans la formation partante&nbsp;\u00bb, indique Ian Rutledge, directeur et entra\u00eeneur-chef du Programme national f\u00e9minin du Canada. \u00ab&nbsp;Steph a \u00e9t\u00e9 une attaquante cl\u00e9 pour nous en 2015 et elle a connu quelques moments forts, v\u00e9ritable t\u00e9moignage de sa d\u00e9termination. On a toujours l\u2019impression avec Steph que quelque chose va se produire sur le jeu et cette menace constante pr\u00e9occupe nos adversaires.&nbsp;\u00bb<\/p>\n<p>Avec son passage au sein de l\u2019\u00c9quipe nationale senior apr\u00e8s avoir \u00e9t\u00e9 membre de l\u2019\u00c9quipe de d\u00e9veloppement senior en 2015, Norlander continue de franchir les \u00e9tapes de d\u00e9veloppement. Par contre, Rutledge est convaincu que nous n\u2019avons encore rien vu dans son cas.<\/p>\n<p>\u00ab&nbsp;Steph a le potentiel d\u2019\u00eatre une attaquante de classe mondiale, elle poss\u00e8de la t\u00e9nacit\u00e9 des buteurs, et elle a le courage, le d\u00e9sir et la motivation de s\u2019am\u00e9liorer chaque jour. Elle est affam\u00e9e de r\u00e9aliser son potentiel, tel qu\u2019illustr\u00e9 par sa grande \u00e9thique de travail et je crois qu\u2019elle a pris une d\u00e9cision qui la positionnera ad\u00e9quatement pour r\u00e9aliser ses objectifs de hockey, tant sur le plan individuel que collectif.&nbsp;\u00bb<\/p>\n<p>\u00ab&nbsp;\u00c0 19 ans, Steph d\u00e9montre d\u00e9j\u00e0 une maturit\u00e9 bien au-del\u00e0 de ses ann\u00e9es et elle sera un v\u00e9ritable atout pour le programme alors qu\u2019elle travaille avec le reste de l\u2019\u00e9quipe vers 2020.&nbsp;\u00bb<\/p>\n<p>Apr\u00e8s une carri\u00e8re r\u00e9ussie dans les rangs secondaires et provinciaux, remportant des titres avec l\u2019\u00c9cole secondaire Handsworth et l\u2019\u00c9quipe de la Colombie-Britannique en 2011 et 2012, Norlander s\u2019est joint \u00e0 l\u2019\u00c9quipe de d\u00e9veloppement junior du Canada en 2013. C\u2019est aussi durant cette p\u00e9riode que Norlander a entam\u00e9 son parcours avec les Hawkeyes, marquant neuf buts en 17 matchs \u00e0 sa saison recrue.<\/p>\n<p>\u00ab&nbsp;J\u2019ai eu le privil\u00e8ge de jouer beaucoup de minutes \u00e0 ma premi\u00e8re saison et cela s\u2019est poursuit dans les deux saisons suivantes&nbsp;\u00bb, dit-elle.<\/p>\n<p>Norlander a termin\u00e9 son parcours en Iowa et a \u00e9t\u00e9 deux fois choisie membre de l\u2019\u00c9quipe d\u2019\u00e9toiles nationale universitaire des \u00c9tats-Unis, attaquante par excellence de l\u2019Association Big Ten en 2015 et membre de la premi\u00e8re \u00e9quipe d\u2019\u00e9toiles de l\u2019Association Big Ten en 2014 et 2015.<\/p>\n<p>Apr\u00e8s une ann\u00e9e compl\u00e8te de hockey international en 2015 marqu\u00e9e par la conqu\u00eate de la m\u00e9daille de bronze aux Jeux panam\u00e9ricains (la premi\u00e8re m\u00e9daille canadienne \u00e0 ces jeux depuis 1999), mais aussi par la d\u00e9ception d\u2019avoir rat\u00e9 de peu la qualification olympique pour les Jeux de 2016, Norlander sait plus que jamais ce qu\u2019elle d\u00e9sire.<\/p>\n<p>\u00ab&nbsp;C\u2019\u00e9tait certainement d\u00e9cevant de ne pas nous \u00eatre qualifi\u00e9es pour Rio, mais je crois que cela me procure une motivation suppl\u00e9mentaire pour vraiment m\u2019engager \u00e0 temps plein au sein du programme pour le prochain cycle menant aux Jeux olympiques de Tokyo en 2020.&nbsp;\u00bb<\/p>\n<p>\u00ab&nbsp;Le simple fait de me retrouver dans cet environnement d\u2019entra\u00eenement quotidien avec toutes les autres filles de l\u2019\u00e9quipe \u00e0 nous pousser les unes et les autres \u00e0 \u00eatre meilleures va nous rendre meilleures comme \u00e9quipe.&nbsp;\u00bb<\/p>\n<p>\u00ab&nbsp;Je crois que je peux donner beaucoup \u00e0 cette \u00e9quipe et cela me rend tr\u00e8s enthousiaste.&nbsp;\u00bb<\/p>\n","protected":false},"excerpt":{"rendered":"<p>Stephanie Norlander vient de compl\u00e9ter sa troisi\u00e8me et derni\u00e8re saison chez les Hawkeyes de l\u2019Universit\u00e9 de l\u2019Iowa, et maintenant l\u2019attaquante de 19 ans rejoindra l\u2019\u00c9quipe nationale f\u00e9minine du Canada \u00e0 temps plein en 2016.<\/p>\n","protected":false},"author":4,"featured_media":21344,"comment_status":"closed","ping_status":"closed","sticky":false,"template":"","format":"standard","meta":{"footnotes":""},"categories":[],"tags":[],"class_list":["post-21396","post","type-post","status-publish","format-standard","has-post-thumbnail","hentry"],"yoast_head":"<!-- This site is optimized with the Yoast SEO plugin v26.8 - https:\/\/yoast.com\/product\/yoast-seo-wordpress\/ -->\n<title>Norlander \u00e0 temps plein avec l\u2019\u00c9quipe nationale apr\u00e8s une ann\u00e9e de perc\u00e9e - Field Hockey Canada<\/title>\n<meta name=\"robots\" content=\"index, follow, max-snippet:-1, max-image-preview:large, max-video-preview:-1\" \/>\n<link rel=\"canonical\" href=\"https:\/\/fieldhockey.ca\/fr\/norlander-a-temps-plein-avec-lequipe-nationale-apres-une-annee-de-percee\/\" \/>\n<meta property=\"og:locale\" content=\"fr_CA\" \/>\n<meta property=\"og:type\" content=\"article\" \/>\n<meta property=\"og:title\" content=\"Norlander \u00e0 temps plein avec l\u2019\u00c9quipe nationale apr\u00e8s une ann\u00e9e de perc\u00e9e - Field Hockey Canada\" \/>\n<meta property=\"og:description\" content=\"Stephanie Norlander vient de compl\u00e9ter sa troisi\u00e8me et derni\u00e8re saison chez les Hawkeyes de l\u2019Universit\u00e9 de l\u2019Iowa, et maintenant l\u2019attaquante de 19 ans rejoindra l\u2019\u00c9quipe nationale f\u00e9minine du Canada \u00e0 temps plein en 2016.\" \/>\n<meta property=\"og:url\" content=\"https:\/\/fieldhockey.ca\/fr\/norlander-a-temps-plein-avec-lequipe-nationale-apres-une-annee-de-percee\/\" \/>\n<meta property=\"og:site_name\" content=\"Field Hockey Canada\" \/>\n<meta property=\"article:published_time\" content=\"2015-12-17T20:55:55+00:00\" \/>\n<meta property=\"article:modified_time\" content=\"2016-01-06T20:56:57+00:00\" \/>\n<meta property=\"og:image\" content=\"https:\/\/fieldhockey.ca\/wp-content\/uploads\/2015\/12\/2015-0713-W-CAN_DOM-274a2-e1450340189382.jpg\" \/>\n\t<meta property=\"og:image:width\" content=\"850\" \/>\n\t<meta property=\"og:image:height\" content=\"566\" \/>\n\t<meta property=\"og:image:type\" content=\"image\/jpeg\" \/>\n<meta name=\"author\" content=\"Shaheed Devji\" \/>\n<meta name=\"twitter:card\" content=\"summary_large_image\" \/>\n<meta name=\"twitter:label1\" content=\"\u00c9crit par\" \/>\n\t<meta name=\"twitter:data1\" content=\"Shaheed Devji\" \/>\n\t<meta name=\"twitter:label2\" content=\"Estimation du temps de lecture\" \/>\n\t<meta name=\"twitter:data2\" content=\"5 minutes\" \/>\n<script type=\"application\/ld+json\" class=\"yoast-schema-graph\">{\"@context\":\"https:\/\/schema.org\",\"@graph\":[{\"@type\":\"Article\",\"@id\":\"https:\/\/fieldhockey.ca\/fr\/norlander-a-temps-plein-avec-lequipe-nationale-apres-une-annee-de-percee\/#article\",\"isPartOf\":{\"@id\":\"https:\/\/fieldhockey.ca\/fr\/norlander-a-temps-plein-avec-lequipe-nationale-apres-une-annee-de-percee\/\"},\"author\":{\"name\":\"Shaheed Devji\",\"@id\":\"https:\/\/fieldhockey.ca\/#\/schema\/person\/50e31731c0dc1372ccbc6648eb025b69\"},\"headline\":\"Norlander \u00e0 temps plein avec l\u2019\u00c9quipe nationale apr\u00e8s une ann\u00e9e de perc\u00e9e\",\"datePublished\":\"2015-12-17T20:55:55+00:00\",\"dateModified\":\"2016-01-06T20:56:57+00:00\",\"mainEntityOfPage\":{\"@id\":\"https:\/\/fieldhockey.ca\/fr\/norlander-a-temps-plein-avec-lequipe-nationale-apres-une-annee-de-percee\/\"},\"wordCount\":951,\"image\":{\"@id\":\"https:\/\/fieldhockey.ca\/fr\/norlander-a-temps-plein-avec-lequipe-nationale-apres-une-annee-de-percee\/#primaryimage\"},\"thumbnailUrl\":\"https:\/\/fieldhockey.ca\/wp-content\/uploads\/2015\/12\/2015-0713-W-CAN_DOM-274a2-e1450340189382.jpg\",\"inLanguage\":\"fr-CA\"},{\"@type\":\"WebPage\",\"@id\":\"https:\/\/fieldhockey.ca\/fr\/norlander-a-temps-plein-avec-lequipe-nationale-apres-une-annee-de-percee\/\",\"url\":\"https:\/\/fieldhockey.ca\/fr\/norlander-a-temps-plein-avec-lequipe-nationale-apres-une-annee-de-percee\/\",\"name\":\"Norlander \u00e0 temps plein avec l\u2019\u00c9quipe nationale apr\u00e8s une ann\u00e9e de perc\u00e9e - Field Hockey Canada\",\"isPartOf\":{\"@id\":\"https:\/\/fieldhockey.ca\/#website\"},\"primaryImageOfPage\":{\"@id\":\"https:\/\/fieldhockey.ca\/fr\/norlander-a-temps-plein-avec-lequipe-nationale-apres-une-annee-de-percee\/#primaryimage\"},\"image\":{\"@id\":\"https:\/\/fieldhockey.ca\/fr\/norlander-a-temps-plein-avec-lequipe-nationale-apres-une-annee-de-percee\/#primaryimage\"},\"thumbnailUrl\":\"https:\/\/fieldhockey.ca\/wp-content\/uploads\/2015\/12\/2015-0713-W-CAN_DOM-274a2-e1450340189382.jpg\",\"datePublished\":\"2015-12-17T20:55:55+00:00\",\"dateModified\":\"2016-01-06T20:56:57+00:00\",\"author\":{\"@id\":\"https:\/\/fieldhockey.ca\/#\/schema\/person\/50e31731c0dc1372ccbc6648eb025b69\"},\"breadcrumb\":{\"@id\":\"https:\/\/fieldhockey.ca\/fr\/norlander-a-temps-plein-avec-lequipe-nationale-apres-une-annee-de-percee\/#breadcrumb\"},\"inLanguage\":\"fr-CA\",\"potentialAction\":[{\"@type\":\"ReadAction\",\"target\":[\"https:\/\/fieldhockey.ca\/fr\/norlander-a-temps-plein-avec-lequipe-nationale-apres-une-annee-de-percee\/\"]}]},{\"@type\":\"ImageObject\",\"inLanguage\":\"fr-CA\",\"@id\":\"https:\/\/fieldhockey.ca\/fr\/norlander-a-temps-plein-avec-lequipe-nationale-apres-une-annee-de-percee\/#primaryimage\",\"url\":\"https:\/\/fieldhockey.ca\/wp-content\/uploads\/2015\/12\/2015-0713-W-CAN_DOM-274a2-e1450340189382.jpg\",\"contentUrl\":\"https:\/\/fieldhockey.ca\/wp-content\/uploads\/2015\/12\/2015-0713-W-CAN_DOM-274a2-e1450340189382.jpg\",\"width\":850,\"height\":566,\"caption\":\"Photo: Yan Huckendubler\"},{\"@type\":\"BreadcrumbList\",\"@id\":\"https:\/\/fieldhockey.ca\/fr\/norlander-a-temps-plein-avec-lequipe-nationale-apres-une-annee-de-percee\/#breadcrumb\",\"itemListElement\":[{\"@type\":\"ListItem\",\"position\":1,\"name\":\"Home\",\"item\":\"https:\/\/fieldhockey.ca\/fr\/\"},{\"@type\":\"ListItem\",\"position\":2,\"name\":\"Norlander \u00e0 temps plein avec l\u2019\u00c9quipe nationale apr\u00e8s une ann\u00e9e de perc\u00e9e\"}]},{\"@type\":\"WebSite\",\"@id\":\"https:\/\/fieldhockey.ca\/#website\",\"url\":\"https:\/\/fieldhockey.ca\/\",\"name\":\"Field Hockey Canada\",\"description\":\"Canada\u2019s governing body for field hockey\",\"potentialAction\":[{\"@type\":\"SearchAction\",\"target\":{\"@type\":\"EntryPoint\",\"urlTemplate\":\"https:\/\/fieldhockey.ca\/?s={search_term_string}\"},\"query-input\":{\"@type\":\"PropertyValueSpecification\",\"valueRequired\":true,\"valueName\":\"search_term_string\"}}],\"inLanguage\":\"fr-CA\"},{\"@type\":\"Person\",\"@id\":\"https:\/\/fieldhockey.ca\/#\/schema\/person\/50e31731c0dc1372ccbc6648eb025b69\",\"name\":\"Shaheed Devji\",\"image\":{\"@type\":\"ImageObject\",\"inLanguage\":\"fr-CA\",\"@id\":\"https:\/\/fieldhockey.ca\/#\/schema\/person\/image\/\",\"url\":\"https:\/\/secure.gravatar.com\/avatar\/49061c22a578dac59664dd0e0b494915a95e82e375ffbf34b9951f47077e18a9?s=96&d=mm&r=g\",\"contentUrl\":\"https:\/\/secure.gravatar.com\/avatar\/49061c22a578dac59664dd0e0b494915a95e82e375ffbf34b9951f47077e18a9?s=96&d=mm&r=g\",\"caption\":\"Shaheed Devji\"},\"url\":\"https:\/\/fieldhockey.ca\/fr\/author\/shaheed\/\"}]}<\/script>\n<!-- \/ Yoast SEO plugin. -->","yoast_head_json":{"title":"Norlander \u00e0 temps plein avec l\u2019\u00c9quipe nationale apr\u00e8s une ann\u00e9e de perc\u00e9e - Field Hockey Canada","robots":{"index":"index","follow":"follow","max-snippet":"max-snippet:-1","max-image-preview":"max-image-preview:large","max-video-preview":"max-video-preview:-1"},"canonical":"https:\/\/fieldhockey.ca\/fr\/norlander-a-temps-plein-avec-lequipe-nationale-apres-une-annee-de-percee\/","og_locale":"fr_CA","og_type":"article","og_title":"Norlander \u00e0 temps plein avec l\u2019\u00c9quipe nationale apr\u00e8s une ann\u00e9e de perc\u00e9e - Field Hockey Canada","og_description":"Stephanie Norlander vient de compl\u00e9ter sa troisi\u00e8me et derni\u00e8re saison chez les Hawkeyes de l\u2019Universit\u00e9 de l\u2019Iowa, et maintenant l\u2019attaquante de 19 ans rejoindra l\u2019\u00c9quipe nationale f\u00e9minine du Canada \u00e0 temps plein en 2016.","og_url":"https:\/\/fieldhockey.ca\/fr\/norlander-a-temps-plein-avec-lequipe-nationale-apres-une-annee-de-percee\/","og_site_name":"Field Hockey Canada","article_published_time":"2015-12-17T20:55:55+00:00","article_modified_time":"2016-01-06T20:56:57+00:00","og_image":[{"width":850,"height":566,"url":"https:\/\/fieldhockey.ca\/wp-content\/uploads\/2015\/12\/2015-0713-W-CAN_DOM-274a2-e1450340189382.jpg","type":"image\/jpeg"}],"author":"Shaheed Devji","twitter_card":"summary_large_image","twitter_misc":{"\u00c9crit par":"Shaheed Devji","Estimation du temps de lecture":"5 minutes"},"schema":{"@context":"https:\/\/schema.org","@graph":[{"@type":"Article","@id":"https:\/\/fieldhockey.ca\/fr\/norlander-a-temps-plein-avec-lequipe-nationale-apres-une-annee-de-percee\/#article","isPartOf":{"@id":"https:\/\/fieldhockey.ca\/fr\/norlander-a-temps-plein-avec-lequipe-nationale-apres-une-annee-de-percee\/"},"author":{"name":"Shaheed Devji","@id":"https:\/\/fieldhockey.ca\/#\/schema\/person\/50e31731c0dc1372ccbc6648eb025b69"},"headline":"Norlander \u00e0 temps plein avec l\u2019\u00c9quipe nationale apr\u00e8s une ann\u00e9e de perc\u00e9e","datePublished":"2015-12-17T20:55:55+00:00","dateModified":"2016-01-06T20:56:57+00:00","mainEntityOfPage":{"@id":"https:\/\/fieldhockey.ca\/fr\/norlander-a-temps-plein-avec-lequipe-nationale-apres-une-annee-de-percee\/"},"wordCount":951,"image":{"@id":"https:\/\/fieldhockey.ca\/fr\/norlander-a-temps-plein-avec-lequipe-nationale-apres-une-annee-de-percee\/#primaryimage"},"thumbnailUrl":"https:\/\/fieldhockey.ca\/wp-content\/uploads\/2015\/12\/2015-0713-W-CAN_DOM-274a2-e1450340189382.jpg","inLanguage":"fr-CA"},{"@type":"WebPage","@id":"https:\/\/fieldhockey.ca\/fr\/norlander-a-temps-plein-avec-lequipe-nationale-apres-une-annee-de-percee\/","url":"https:\/\/fieldhockey.ca\/fr\/norlander-a-temps-plein-avec-lequipe-nationale-apres-une-annee-de-percee\/","name":"Norlander \u00e0 temps plein avec l\u2019\u00c9quipe nationale apr\u00e8s une ann\u00e9e de perc\u00e9e - Field Hockey Canada","isPartOf":{"@id":"https:\/\/fieldhockey.ca\/#website"},"primaryImageOfPage":{"@id":"https:\/\/fieldhockey.ca\/fr\/norlander-a-temps-plein-avec-lequipe-nationale-apres-une-annee-de-percee\/#primaryimage"},"image":{"@id":"https:\/\/fieldhockey.ca\/fr\/norlander-a-temps-plein-avec-lequipe-nationale-apres-une-annee-de-percee\/#primaryimage"},"thumbnailUrl":"https:\/\/fieldhockey.ca\/wp-content\/uploads\/2015\/12\/2015-0713-W-CAN_DOM-274a2-e1450340189382.jpg","datePublished":"2015-12-17T20:55:55+00:00","dateModified":"2016-01-06T20:56:57+00:00","author":{"@id":"https:\/\/fieldhockey.ca\/#\/schema\/person\/50e31731c0dc1372ccbc6648eb025b69"},"breadcrumb":{"@id":"https:\/\/fieldhockey.ca\/fr\/norlander-a-temps-plein-avec-lequipe-nationale-apres-une-annee-de-percee\/#breadcrumb"},"inLanguage":"fr-CA","potentialAction":[{"@type":"ReadAction","target":["https:\/\/fieldhockey.ca\/fr\/norlander-a-temps-plein-avec-lequipe-nationale-apres-une-annee-de-percee\/"]}]},{"@type":"ImageObject","inLanguage":"fr-CA","@id":"https:\/\/fieldhockey.ca\/fr\/norlander-a-temps-plein-avec-lequipe-nationale-apres-une-annee-de-percee\/#primaryimage","url":"https:\/\/fieldhockey.ca\/wp-content\/uploads\/2015\/12\/2015-0713-W-CAN_DOM-274a2-e1450340189382.jpg","contentUrl":"https:\/\/fieldhockey.ca\/wp-content\/uploads\/2015\/12\/2015-0713-W-CAN_DOM-274a2-e1450340189382.jpg","width":850,"height":566,"caption":"Photo: Yan Huckendubler"},{"@type":"BreadcrumbList","@id":"https:\/\/fieldhockey.ca\/fr\/norlander-a-temps-plein-avec-lequipe-nationale-apres-une-annee-de-percee\/#breadcrumb","itemListElement":[{"@type":"ListItem","position":1,"name":"Home","item":"https:\/\/fieldhockey.ca\/fr\/"},{"@type":"ListItem","position":2,"name":"Norlander \u00e0 temps plein avec l\u2019\u00c9quipe nationale apr\u00e8s une ann\u00e9e de perc\u00e9e"}]},{"@type":"WebSite","@id":"https:\/\/fieldhockey.ca\/#website","url":"https:\/\/fieldhockey.ca\/","name":"Field Hockey Canada","description":"Canada\u2019s governing body for field hockey","potentialAction":[{"@type":"SearchAction","target":{"@type":"EntryPoint","urlTemplate":"https:\/\/fieldhockey.ca\/?s={search_term_string}"},"query-input":{"@type":"PropertyValueSpecification","valueRequired":true,"valueName":"search_term_string"}}],"inLanguage":"fr-CA"},{"@type":"Person","@id":"https:\/\/fieldhockey.ca\/#\/schema\/person\/50e31731c0dc1372ccbc6648eb025b69","name":"Shaheed Devji","image":{"@type":"ImageObject","inLanguage":"fr-CA","@id":"https:\/\/fieldhockey.ca\/#\/schema\/person\/image\/","url":"https:\/\/secure.gravatar.com\/avatar\/49061c22a578dac59664dd0e0b494915a95e82e375ffbf34b9951f47077e18a9?s=96&d=mm&r=g","contentUrl":"https:\/\/secure.gravatar.com\/avatar\/49061c22a578dac59664dd0e0b494915a95e82e375ffbf34b9951f47077e18a9?s=96&d=mm&r=g","caption":"Shaheed Devji"},"url":"https:\/\/fieldhockey.ca\/fr\/author\/shaheed\/"}]}},"_links":{"self":[{"href":"https:\/\/fieldhockey.ca\/fr\/wp-json\/wp\/v2\/posts\/21396","targetHints":{"allow":["GET"]}}],"collection":[{"href":"https:\/\/fieldhockey.ca\/fr\/wp-json\/wp\/v2\/posts"}],"about":[{"href":"https:\/\/fieldhockey.ca\/fr\/wp-json\/wp\/v2\/types\/post"}],"author":[{"embeddable":true,"href":"https:\/\/fieldhockey.ca\/fr\/wp-json\/wp\/v2\/users\/4"}],"replies":[{"embeddable":true,"href":"https:\/\/fieldhockey.ca\/fr\/wp-json\/wp\/v2\/comments?post=21396"}],"version-history":[{"count":1,"href":"https:\/\/fieldhockey.ca\/fr\/wp-json\/wp\/v2\/posts\/21396\/revisions"}],"predecessor-version":[{"id":21397,"href":"https:\/\/fieldhockey.ca\/fr\/wp-json\/wp\/v2\/posts\/21396\/revisions\/21397"}],"wp:featuredmedia":[{"embeddable":true,"href":"https:\/\/fieldhockey.ca\/fr\/wp-json\/wp\/v2\/media\/21344"}],"wp:attachment":[{"href":"https:\/\/fieldhockey.ca\/fr\/wp-json\/wp\/v2\/media?parent=21396"}],"wp:term":[{"taxonomy":"category","embeddable":true,"href":"https:\/\/fieldhockey.ca\/fr\/wp-json\/wp\/v2\/categories?post=21396"},{"taxonomy":"post_tag","embeddable":true,"href":"https:\/\/fieldhockey.ca\/fr\/wp-json\/wp\/v2\/tags?post=21396"}],"curies":[{"name":"wp","href":"https:\/\/api.w.org\/{rel}","templated":true}]}}