{"id":21583,"date":"2016-01-27T14:38:15","date_gmt":"2016-01-27T22:38:15","guid":{"rendered":"http:\/\/www.fieldhockey.ca\/fr\/?p=21583"},"modified":"2016-02-03T14:43:36","modified_gmt":"2016-02-03T22:43:36","slug":"devoilement-de-lalignement-de-lequipe-nationale-pour-la-serie-de-fevrier-aux-e-u","status":"publish","type":"post","link":"https:\/\/fieldhockey.ca\/fr\/devoilement-de-lalignement-de-lequipe-nationale-pour-la-serie-de-fevrier-aux-e-u\/","title":{"rendered":"D\u00e9voilement de l\u2019alignement de l\u2019\u00c9quipe nationale pour la s\u00e9rie de f\u00e9vrier aux \u00c9.-U."},"content":{"rendered":"<p>Un groupe de 21 athl\u00e8tes a \u00e9t\u00e9 nomm\u00e9 au sein de l\u2019\u00e9quipe canadienne f\u00e9minine de hockey sur gazon qui disputera une s\u00e9rie de quatre rencontres avec les \u00c9tats-Unis, du 8 au 12 f\u00e9vrier \u00e0 San Diego, en Californie.<\/p>\n<p>Cette tourn\u00e9e sera le premier voyage de l\u2019ann\u00e9e pour l\u2019\u00c9quipe nationale f\u00e9minine qui s\u2019est r\u00e9unie pour reprendre l\u2019entra\u00eenement \u00e0 Vancouver, en Colombie-Britannique au d\u00e9but du mois.<\/p>\n<p>Men\u00e9 Thea Culley (Rossland, C.-B.) par la joueuse active comptant le plus de s\u00e9lections internationales et les v\u00e9t\u00e9rans Kate Gillis (Kingston, ON) et Abigail Raye (Kelowna, C.-B.), l\u2019alignement de tourn\u00e9e comprend les 16 joueuses qui ont men\u00e9 le Canada \u00e0 une m\u00e9daille de bronze aux Jeux panam\u00e9ricains 2015 \u00e0 Toronto l\u2019\u00e9t\u00e9 dernier.<\/p>\n<p>Trois athl\u00e8tes, notamment Alexis de Armond (Victoria, C.-B.), Nikki Woodcroft (Waterloo, ON) et Rowan Harris (Ottawa, ON) feront leurs premiers pas sur la sc\u00e8ne internationale senior dans la s\u00e9rie contre les Am\u00e9ricaines.<\/p>\n<p>Ces trois joueuses ont accompagn\u00e9 la tourn\u00e9e au Chili ou l\u2019\u00c9quipe nationale f\u00e9minine U-21 a jou\u00e9 sept matchs contre les Chiliennes (remportant trois de ces rencontres) en pr\u00e9paration pour le Championnat du monde junior panam\u00e9ricain 2016 au mois de mars, tournoi de qualification pour la Coupe du Monde Junior.<\/p>\n<p>Les Canadiennes arriveront au Centre d\u2019entra\u00eenement olympique am\u00e9ricain \u00e0 Chula Vista en Californie, le vendredi 5 f\u00e9vrier et s\u2019entra\u00eeneront pendant deux jours avant de jouer les matchs les 8, 9, 11 et 12 f\u00e9vrier.<\/p>\n<p>Le Canada et les \u00c9tats-Unis se sont affront\u00e9s pour la derni\u00e8re fois en demi-finale des Jeux panam\u00e9ricains ou les Am\u00e9ricaines (class\u00e9es septi\u00e8mes au monde) ont battu les h\u00f4tes canadiennes 3-0. Les Am\u00e9ricaines ont plus tard d\u00e9fendu leur titre panam\u00e9ricain, tandis que les Canadiennes ont vaincu le Chili 1 \u00e0 0 dans le match pour la m\u00e9daille de bronze, montant sur le podium des Jeux panam\u00e9ricains pour la premi\u00e8re fois depuis 1999.<\/p>\n<p><strong>Alignement de l\u2019\u00c9quipe nationale f\u00e9minine du Canada \u2013 Tourn\u00e9e am\u00e9ricaine 2016<\/strong><\/p>\n<table style=\"height: 1987px;\" width=\"352\">\n<tbody>\n<tr>\n<td width=\"101\"><strong>Nom<\/strong><\/td>\n<td width=\"65\"><strong>Position<\/strong><\/td>\n<td width=\"94\"><strong>Ville d\u2019origine<\/strong><\/td>\n<\/tr>\n<tr>\n<td width=\"101\">Abigail Raye<\/td>\n<td width=\"65\">D\u00e9fenseur<\/td>\n<td width=\"94\">Kelowna, C.-B.<\/td>\n<\/tr>\n<tr>\n<td width=\"101\">Alex Thicke<\/td>\n<td width=\"65\">Milieu<\/td>\n<td width=\"94\">Vancouver, C.-B.<\/td>\n<\/tr>\n<tr>\n<td width=\"101\">Alexis de Armond<\/td>\n<td width=\"65\">D\u00e9fenseur<\/td>\n<td width=\"94\">Victoria, C.-B.<\/td>\n<\/tr>\n<tr>\n<td width=\"101\">Amanda Woodcroft<\/td>\n<td width=\"65\">Milieu<\/td>\n<td width=\"94\">Waterloo, ON<\/td>\n<\/tr>\n<tr>\n<td width=\"101\">Brienne Stairs<\/td>\n<td width=\"65\">Attaquante<\/td>\n<td width=\"94\">Kitchener, ON<\/td>\n<\/tr>\n<tr>\n<td width=\"101\">Danielle Hennig<\/td>\n<td width=\"65\">D\u00e9fenseur<\/td>\n<td width=\"94\">Kelowna, C.-B.<\/td>\n<\/tr>\n<tr>\n<td width=\"101\">Hannah Haughn<\/td>\n<td width=\"65\">Attaquante<\/td>\n<td width=\"94\">North Vancouver, C.-B.<\/td>\n<\/tr>\n<tr>\n<td width=\"101\">Holly Stewart<\/td>\n<td width=\"65\">Attaquante<\/td>\n<td width=\"94\">North Vancouver, C.-B.<\/td>\n<\/tr>\n<tr>\n<td width=\"101\">Kaitlyn Williams<\/td>\n<td width=\"65\">Gardienne<\/td>\n<td width=\"94\">White Rock, C.-B.<\/td>\n<\/tr>\n<tr>\n<td width=\"101\">Karli Johansen<\/td>\n<td width=\"65\">D\u00e9fenseur<\/td>\n<td width=\"94\">North Vancouver, C.-B.<\/td>\n<\/tr>\n<tr>\n<td width=\"101\">Kate Gillis<\/td>\n<td width=\"65\">Milieu<\/td>\n<td width=\"94\">Kingston, ON<\/td>\n<\/tr>\n<tr>\n<td width=\"101\">Kathleen Leahy<\/td>\n<td width=\"65\">Milieu<\/td>\n<td width=\"94\">Victoria, C.-B.<\/td>\n<\/tr>\n<tr>\n<td width=\"101\">Maddie Secco<\/td>\n<td width=\"65\">Milieu<\/td>\n<td width=\"94\">Victoria, C.-B.<\/td>\n<\/tr>\n<tr>\n<td width=\"101\">Natalie Sourisseau<\/td>\n<td width=\"65\">Milieu<\/td>\n<td width=\"94\">Kelowna, C.-B.<\/td>\n<\/tr>\n<tr>\n<td width=\"101\">Nikki Woodcroft<\/td>\n<td width=\"65\">Milieu<\/td>\n<td width=\"94\">Waterloo, ON<\/td>\n<\/tr>\n<tr>\n<td width=\"101\">Rosie Beale<\/td>\n<td width=\"65\">D\u00e9fenseur<\/td>\n<td width=\"94\">Victoria, C.-B.<\/td>\n<\/tr>\n<tr>\n<td width=\"101\">Rowan Harris<\/td>\n<td width=\"65\">Gardienne<\/td>\n<td width=\"94\">Ottawa, ON<\/td>\n<\/tr>\n<tr>\n<td width=\"101\">Sara McManus<\/td>\n<td width=\"65\">D\u00e9fenseur<\/td>\n<td width=\"94\">Tsawwassen, C.-B.<\/td>\n<\/tr>\n<tr>\n<td width=\"101\">Shanlee Johnston<\/td>\n<td width=\"65\">D\u00e9fenseur<\/td>\n<td width=\"94\">Vancouver, C.-B.<\/td>\n<\/tr>\n<tr>\n<td width=\"101\">Stephanie Norlander<\/td>\n<td width=\"65\">Attaquante<\/td>\n<td width=\"94\">North Vancouver, C.-B.<\/td>\n<\/tr>\n<tr>\n<td width=\"101\">Thea Culley<\/td>\n<td width=\"65\">Attaquante<\/td>\n<td width=\"94\">Rossland, C.-B.<\/td>\n<\/tr>\n<\/tbody>\n<\/table>\n<p>&nbsp;<\/p>\n<p><strong>Personnel de l\u2019\u00c9quipe nationale f\u00e9minine \u2013 Tourn\u00e9e am\u00e9ricaine 2016<\/strong><\/p>\n<p>Entra\u00eeneur-chef \u2013 Ian Rutledge<\/p>\n<p>Entra\u00eeneur adjoint \u2013 Steph Andrews<\/p>\n<p>G\u00e9rante \/ Analyste vid\u00e9o \u2013 Stef Sloboda<\/p>\n<p>Physioth\u00e9rapeute \u2013 Elliott Usher<\/p>\n<p>&nbsp;<\/p>\n","protected":false},"excerpt":{"rendered":"<p>Un groupe de 21 athl\u00e8tes a \u00e9t\u00e9 nomm\u00e9 au sein de l\u2019\u00e9quipe canadienne f\u00e9minine de hockey sur gazon qui disputera une s\u00e9rie de quatre rencontres avec les \u00c9tats-Unis, du 8 au 12 f\u00e9vrier \u00e0 San Diego, en Californie.<\/p>\n","protected":false},"author":4,"featured_media":21548,"comment_status":"closed","ping_status":"closed","sticky":false,"template":"","format":"standard","meta":{"footnotes":""},"categories":[],"tags":[],"class_list":["post-21583","post","type-post","status-publish","format-standard","has-post-thumbnail","hentry"],"yoast_head":"<!-- This site is optimized with the Yoast SEO plugin v26.8 - https:\/\/yoast.com\/product\/yoast-seo-wordpress\/ -->\n<title>D\u00e9voilement de l\u2019alignement de l\u2019\u00c9quipe nationale pour la s\u00e9rie de f\u00e9vrier aux \u00c9.-U. - Field Hockey Canada<\/title>\n<meta name=\"robots\" content=\"index, follow, max-snippet:-1, max-image-preview:large, max-video-preview:-1\" \/>\n<link rel=\"canonical\" href=\"https:\/\/fieldhockey.ca\/fr\/devoilement-de-lalignement-de-lequipe-nationale-pour-la-serie-de-fevrier-aux-e-u\/\" \/>\n<meta property=\"og:locale\" content=\"fr_CA\" \/>\n<meta property=\"og:type\" content=\"article\" \/>\n<meta property=\"og:title\" content=\"D\u00e9voilement de l\u2019alignement de l\u2019\u00c9quipe nationale pour la s\u00e9rie de f\u00e9vrier aux \u00c9.-U. - Field Hockey Canada\" \/>\n<meta property=\"og:description\" content=\"Un groupe de 21 athl\u00e8tes a \u00e9t\u00e9 nomm\u00e9 au sein de l\u2019\u00e9quipe canadienne f\u00e9minine de hockey sur gazon qui disputera une s\u00e9rie de quatre rencontres avec les \u00c9tats-Unis, du 8 au 12 f\u00e9vrier \u00e0 San Diego, en Californie.\" \/>\n<meta property=\"og:url\" content=\"https:\/\/fieldhockey.ca\/fr\/devoilement-de-lalignement-de-lequipe-nationale-pour-la-serie-de-fevrier-aux-e-u\/\" \/>\n<meta property=\"og:site_name\" content=\"Field Hockey Canada\" \/>\n<meta property=\"article:published_time\" content=\"2016-01-27T22:38:15+00:00\" \/>\n<meta property=\"article:modified_time\" content=\"2016-02-03T22:43:36+00:00\" \/>\n<meta property=\"og:image\" content=\"https:\/\/fieldhockey.ca\/wp-content\/uploads\/2016\/01\/2015_wnt_yearendcamp-33-e1453919609683.jpg\" \/>\n\t<meta property=\"og:image:width\" content=\"850\" \/>\n\t<meta property=\"og:image:height\" content=\"565\" \/>\n\t<meta property=\"og:image:type\" content=\"image\/jpeg\" \/>\n<meta name=\"author\" content=\"Shaheed Devji\" \/>\n<meta name=\"twitter:card\" content=\"summary_large_image\" \/>\n<meta name=\"twitter:label1\" content=\"\u00c9crit par\" \/>\n\t<meta name=\"twitter:data1\" content=\"Shaheed Devji\" \/>\n\t<meta name=\"twitter:label2\" content=\"Estimation du temps de lecture\" \/>\n\t<meta name=\"twitter:data2\" content=\"3 minutes\" \/>\n<script type=\"application\/ld+json\" class=\"yoast-schema-graph\">{\"@context\":\"https:\/\/schema.org\",\"@graph\":[{\"@type\":\"Article\",\"@id\":\"https:\/\/fieldhockey.ca\/fr\/devoilement-de-lalignement-de-lequipe-nationale-pour-la-serie-de-fevrier-aux-e-u\/#article\",\"isPartOf\":{\"@id\":\"https:\/\/fieldhockey.ca\/fr\/devoilement-de-lalignement-de-lequipe-nationale-pour-la-serie-de-fevrier-aux-e-u\/\"},\"author\":{\"name\":\"Shaheed Devji\",\"@id\":\"https:\/\/fieldhockey.ca\/#\/schema\/person\/50e31731c0dc1372ccbc6648eb025b69\"},\"headline\":\"D\u00e9voilement de l\u2019alignement de l\u2019\u00c9quipe nationale pour la s\u00e9rie de f\u00e9vrier aux \u00c9.-U.\",\"datePublished\":\"2016-01-27T22:38:15+00:00\",\"dateModified\":\"2016-02-03T22:43:36+00:00\",\"mainEntityOfPage\":{\"@id\":\"https:\/\/fieldhockey.ca\/fr\/devoilement-de-lalignement-de-lequipe-nationale-pour-la-serie-de-fevrier-aux-e-u\/\"},\"wordCount\":540,\"image\":{\"@id\":\"https:\/\/fieldhockey.ca\/fr\/devoilement-de-lalignement-de-lequipe-nationale-pour-la-serie-de-fevrier-aux-e-u\/#primaryimage\"},\"thumbnailUrl\":\"https:\/\/fieldhockey.ca\/wp-content\/uploads\/2016\/01\/2015_wnt_yearendcamp-33-e1453919609683.jpg\",\"inLanguage\":\"fr-CA\"},{\"@type\":\"WebPage\",\"@id\":\"https:\/\/fieldhockey.ca\/fr\/devoilement-de-lalignement-de-lequipe-nationale-pour-la-serie-de-fevrier-aux-e-u\/\",\"url\":\"https:\/\/fieldhockey.ca\/fr\/devoilement-de-lalignement-de-lequipe-nationale-pour-la-serie-de-fevrier-aux-e-u\/\",\"name\":\"D\u00e9voilement de l\u2019alignement de l\u2019\u00c9quipe nationale pour la s\u00e9rie de f\u00e9vrier aux \u00c9.-U. - Field Hockey Canada\",\"isPartOf\":{\"@id\":\"https:\/\/fieldhockey.ca\/#website\"},\"primaryImageOfPage\":{\"@id\":\"https:\/\/fieldhockey.ca\/fr\/devoilement-de-lalignement-de-lequipe-nationale-pour-la-serie-de-fevrier-aux-e-u\/#primaryimage\"},\"image\":{\"@id\":\"https:\/\/fieldhockey.ca\/fr\/devoilement-de-lalignement-de-lequipe-nationale-pour-la-serie-de-fevrier-aux-e-u\/#primaryimage\"},\"thumbnailUrl\":\"https:\/\/fieldhockey.ca\/wp-content\/uploads\/2016\/01\/2015_wnt_yearendcamp-33-e1453919609683.jpg\",\"datePublished\":\"2016-01-27T22:38:15+00:00\",\"dateModified\":\"2016-02-03T22:43:36+00:00\",\"author\":{\"@id\":\"https:\/\/fieldhockey.ca\/#\/schema\/person\/50e31731c0dc1372ccbc6648eb025b69\"},\"breadcrumb\":{\"@id\":\"https:\/\/fieldhockey.ca\/fr\/devoilement-de-lalignement-de-lequipe-nationale-pour-la-serie-de-fevrier-aux-e-u\/#breadcrumb\"},\"inLanguage\":\"fr-CA\",\"potentialAction\":[{\"@type\":\"ReadAction\",\"target\":[\"https:\/\/fieldhockey.ca\/fr\/devoilement-de-lalignement-de-lequipe-nationale-pour-la-serie-de-fevrier-aux-e-u\/\"]}]},{\"@type\":\"ImageObject\",\"inLanguage\":\"fr-CA\",\"@id\":\"https:\/\/fieldhockey.ca\/fr\/devoilement-de-lalignement-de-lequipe-nationale-pour-la-serie-de-fevrier-aux-e-u\/#primaryimage\",\"url\":\"https:\/\/fieldhockey.ca\/wp-content\/uploads\/2016\/01\/2015_wnt_yearendcamp-33-e1453919609683.jpg\",\"contentUrl\":\"https:\/\/fieldhockey.ca\/wp-content\/uploads\/2016\/01\/2015_wnt_yearendcamp-33-e1453919609683.jpg\",\"width\":850,\"height\":565},{\"@type\":\"BreadcrumbList\",\"@id\":\"https:\/\/fieldhockey.ca\/fr\/devoilement-de-lalignement-de-lequipe-nationale-pour-la-serie-de-fevrier-aux-e-u\/#breadcrumb\",\"itemListElement\":[{\"@type\":\"ListItem\",\"position\":1,\"name\":\"Home\",\"item\":\"https:\/\/fieldhockey.ca\/fr\/\"},{\"@type\":\"ListItem\",\"position\":2,\"name\":\"D\u00e9voilement de l\u2019alignement de l\u2019\u00c9quipe nationale pour la s\u00e9rie de f\u00e9vrier aux \u00c9.-U.\"}]},{\"@type\":\"WebSite\",\"@id\":\"https:\/\/fieldhockey.ca\/#website\",\"url\":\"https:\/\/fieldhockey.ca\/\",\"name\":\"Field Hockey Canada\",\"description\":\"Canada\u2019s governing body for field hockey\",\"potentialAction\":[{\"@type\":\"SearchAction\",\"target\":{\"@type\":\"EntryPoint\",\"urlTemplate\":\"https:\/\/fieldhockey.ca\/?s={search_term_string}\"},\"query-input\":{\"@type\":\"PropertyValueSpecification\",\"valueRequired\":true,\"valueName\":\"search_term_string\"}}],\"inLanguage\":\"fr-CA\"},{\"@type\":\"Person\",\"@id\":\"https:\/\/fieldhockey.ca\/#\/schema\/person\/50e31731c0dc1372ccbc6648eb025b69\",\"name\":\"Shaheed Devji\",\"image\":{\"@type\":\"ImageObject\",\"inLanguage\":\"fr-CA\",\"@id\":\"https:\/\/fieldhockey.ca\/#\/schema\/person\/image\/\",\"url\":\"https:\/\/secure.gravatar.com\/avatar\/49061c22a578dac59664dd0e0b494915a95e82e375ffbf34b9951f47077e18a9?s=96&d=mm&r=g\",\"contentUrl\":\"https:\/\/secure.gravatar.com\/avatar\/49061c22a578dac59664dd0e0b494915a95e82e375ffbf34b9951f47077e18a9?s=96&d=mm&r=g\",\"caption\":\"Shaheed Devji\"},\"url\":\"https:\/\/fieldhockey.ca\/fr\/author\/shaheed\/\"}]}<\/script>\n<!-- \/ Yoast SEO plugin. -->","yoast_head_json":{"title":"D\u00e9voilement de l\u2019alignement de l\u2019\u00c9quipe nationale pour la s\u00e9rie de f\u00e9vrier aux \u00c9.-U. - Field Hockey Canada","robots":{"index":"index","follow":"follow","max-snippet":"max-snippet:-1","max-image-preview":"max-image-preview:large","max-video-preview":"max-video-preview:-1"},"canonical":"https:\/\/fieldhockey.ca\/fr\/devoilement-de-lalignement-de-lequipe-nationale-pour-la-serie-de-fevrier-aux-e-u\/","og_locale":"fr_CA","og_type":"article","og_title":"D\u00e9voilement de l\u2019alignement de l\u2019\u00c9quipe nationale pour la s\u00e9rie de f\u00e9vrier aux \u00c9.-U. - Field Hockey Canada","og_description":"Un groupe de 21 athl\u00e8tes a \u00e9t\u00e9 nomm\u00e9 au sein de l\u2019\u00e9quipe canadienne f\u00e9minine de hockey sur gazon qui disputera une s\u00e9rie de quatre rencontres avec les \u00c9tats-Unis, du 8 au 12 f\u00e9vrier \u00e0 San Diego, en Californie.","og_url":"https:\/\/fieldhockey.ca\/fr\/devoilement-de-lalignement-de-lequipe-nationale-pour-la-serie-de-fevrier-aux-e-u\/","og_site_name":"Field Hockey Canada","article_published_time":"2016-01-27T22:38:15+00:00","article_modified_time":"2016-02-03T22:43:36+00:00","og_image":[{"width":850,"height":565,"url":"https:\/\/fieldhockey.ca\/wp-content\/uploads\/2016\/01\/2015_wnt_yearendcamp-33-e1453919609683.jpg","type":"image\/jpeg"}],"author":"Shaheed Devji","twitter_card":"summary_large_image","twitter_misc":{"\u00c9crit par":"Shaheed Devji","Estimation du temps de lecture":"3 minutes"},"schema":{"@context":"https:\/\/schema.org","@graph":[{"@type":"Article","@id":"https:\/\/fieldhockey.ca\/fr\/devoilement-de-lalignement-de-lequipe-nationale-pour-la-serie-de-fevrier-aux-e-u\/#article","isPartOf":{"@id":"https:\/\/fieldhockey.ca\/fr\/devoilement-de-lalignement-de-lequipe-nationale-pour-la-serie-de-fevrier-aux-e-u\/"},"author":{"name":"Shaheed Devji","@id":"https:\/\/fieldhockey.ca\/#\/schema\/person\/50e31731c0dc1372ccbc6648eb025b69"},"headline":"D\u00e9voilement de l\u2019alignement de l\u2019\u00c9quipe nationale pour la s\u00e9rie de f\u00e9vrier aux \u00c9.-U.","datePublished":"2016-01-27T22:38:15+00:00","dateModified":"2016-02-03T22:43:36+00:00","mainEntityOfPage":{"@id":"https:\/\/fieldhockey.ca\/fr\/devoilement-de-lalignement-de-lequipe-nationale-pour-la-serie-de-fevrier-aux-e-u\/"},"wordCount":540,"image":{"@id":"https:\/\/fieldhockey.ca\/fr\/devoilement-de-lalignement-de-lequipe-nationale-pour-la-serie-de-fevrier-aux-e-u\/#primaryimage"},"thumbnailUrl":"https:\/\/fieldhockey.ca\/wp-content\/uploads\/2016\/01\/2015_wnt_yearendcamp-33-e1453919609683.jpg","inLanguage":"fr-CA"},{"@type":"WebPage","@id":"https:\/\/fieldhockey.ca\/fr\/devoilement-de-lalignement-de-lequipe-nationale-pour-la-serie-de-fevrier-aux-e-u\/","url":"https:\/\/fieldhockey.ca\/fr\/devoilement-de-lalignement-de-lequipe-nationale-pour-la-serie-de-fevrier-aux-e-u\/","name":"D\u00e9voilement de l\u2019alignement de l\u2019\u00c9quipe nationale pour la s\u00e9rie de f\u00e9vrier aux \u00c9.-U. - Field Hockey Canada","isPartOf":{"@id":"https:\/\/fieldhockey.ca\/#website"},"primaryImageOfPage":{"@id":"https:\/\/fieldhockey.ca\/fr\/devoilement-de-lalignement-de-lequipe-nationale-pour-la-serie-de-fevrier-aux-e-u\/#primaryimage"},"image":{"@id":"https:\/\/fieldhockey.ca\/fr\/devoilement-de-lalignement-de-lequipe-nationale-pour-la-serie-de-fevrier-aux-e-u\/#primaryimage"},"thumbnailUrl":"https:\/\/fieldhockey.ca\/wp-content\/uploads\/2016\/01\/2015_wnt_yearendcamp-33-e1453919609683.jpg","datePublished":"2016-01-27T22:38:15+00:00","dateModified":"2016-02-03T22:43:36+00:00","author":{"@id":"https:\/\/fieldhockey.ca\/#\/schema\/person\/50e31731c0dc1372ccbc6648eb025b69"},"breadcrumb":{"@id":"https:\/\/fieldhockey.ca\/fr\/devoilement-de-lalignement-de-lequipe-nationale-pour-la-serie-de-fevrier-aux-e-u\/#breadcrumb"},"inLanguage":"fr-CA","potentialAction":[{"@type":"ReadAction","target":["https:\/\/fieldhockey.ca\/fr\/devoilement-de-lalignement-de-lequipe-nationale-pour-la-serie-de-fevrier-aux-e-u\/"]}]},{"@type":"ImageObject","inLanguage":"fr-CA","@id":"https:\/\/fieldhockey.ca\/fr\/devoilement-de-lalignement-de-lequipe-nationale-pour-la-serie-de-fevrier-aux-e-u\/#primaryimage","url":"https:\/\/fieldhockey.ca\/wp-content\/uploads\/2016\/01\/2015_wnt_yearendcamp-33-e1453919609683.jpg","contentUrl":"https:\/\/fieldhockey.ca\/wp-content\/uploads\/2016\/01\/2015_wnt_yearendcamp-33-e1453919609683.jpg","width":850,"height":565},{"@type":"BreadcrumbList","@id":"https:\/\/fieldhockey.ca\/fr\/devoilement-de-lalignement-de-lequipe-nationale-pour-la-serie-de-fevrier-aux-e-u\/#breadcrumb","itemListElement":[{"@type":"ListItem","position":1,"name":"Home","item":"https:\/\/fieldhockey.ca\/fr\/"},{"@type":"ListItem","position":2,"name":"D\u00e9voilement de l\u2019alignement de l\u2019\u00c9quipe nationale pour la s\u00e9rie de f\u00e9vrier aux \u00c9.-U."}]},{"@type":"WebSite","@id":"https:\/\/fieldhockey.ca\/#website","url":"https:\/\/fieldhockey.ca\/","name":"Field Hockey Canada","description":"Canada\u2019s governing body for field hockey","potentialAction":[{"@type":"SearchAction","target":{"@type":"EntryPoint","urlTemplate":"https:\/\/fieldhockey.ca\/?s={search_term_string}"},"query-input":{"@type":"PropertyValueSpecification","valueRequired":true,"valueName":"search_term_string"}}],"inLanguage":"fr-CA"},{"@type":"Person","@id":"https:\/\/fieldhockey.ca\/#\/schema\/person\/50e31731c0dc1372ccbc6648eb025b69","name":"Shaheed Devji","image":{"@type":"ImageObject","inLanguage":"fr-CA","@id":"https:\/\/fieldhockey.ca\/#\/schema\/person\/image\/","url":"https:\/\/secure.gravatar.com\/avatar\/49061c22a578dac59664dd0e0b494915a95e82e375ffbf34b9951f47077e18a9?s=96&d=mm&r=g","contentUrl":"https:\/\/secure.gravatar.com\/avatar\/49061c22a578dac59664dd0e0b494915a95e82e375ffbf34b9951f47077e18a9?s=96&d=mm&r=g","caption":"Shaheed Devji"},"url":"https:\/\/fieldhockey.ca\/fr\/author\/shaheed\/"}]}},"_links":{"self":[{"href":"https:\/\/fieldhockey.ca\/fr\/wp-json\/wp\/v2\/posts\/21583","targetHints":{"allow":["GET"]}}],"collection":[{"href":"https:\/\/fieldhockey.ca\/fr\/wp-json\/wp\/v2\/posts"}],"about":[{"href":"https:\/\/fieldhockey.ca\/fr\/wp-json\/wp\/v2\/types\/post"}],"author":[{"embeddable":true,"href":"https:\/\/fieldhockey.ca\/fr\/wp-json\/wp\/v2\/users\/4"}],"replies":[{"embeddable":true,"href":"https:\/\/fieldhockey.ca\/fr\/wp-json\/wp\/v2\/comments?post=21583"}],"version-history":[{"count":2,"href":"https:\/\/fieldhockey.ca\/fr\/wp-json\/wp\/v2\/posts\/21583\/revisions"}],"predecessor-version":[{"id":21592,"href":"https:\/\/fieldhockey.ca\/fr\/wp-json\/wp\/v2\/posts\/21583\/revisions\/21592"}],"wp:featuredmedia":[{"embeddable":true,"href":"https:\/\/fieldhockey.ca\/fr\/wp-json\/wp\/v2\/media\/21548"}],"wp:attachment":[{"href":"https:\/\/fieldhockey.ca\/fr\/wp-json\/wp\/v2\/media?parent=21583"}],"wp:term":[{"taxonomy":"category","embeddable":true,"href":"https:\/\/fieldhockey.ca\/fr\/wp-json\/wp\/v2\/categories?post=21583"},{"taxonomy":"post_tag","embeddable":true,"href":"https:\/\/fieldhockey.ca\/fr\/wp-json\/wp\/v2\/tags?post=21583"}],"curies":[{"name":"wp","href":"https:\/\/api.w.org\/{rel}","templated":true}]}}