{"id":22021,"date":"2016-03-02T11:53:34","date_gmt":"2016-03-02T19:53:34","guid":{"rendered":"http:\/\/www.fieldhockey.ca\/fr\/?p=22021"},"modified":"2016-03-15T11:54:21","modified_gmt":"2016-03-15T18:54:21","slug":"les-yeux-en-malaisie-la-tete-au-bresil-pour-les-canadiens","status":"publish","type":"post","link":"https:\/\/fieldhockey.ca\/fr\/les-yeux-en-malaisie-la-tete-au-bresil-pour-les-canadiens\/","title":{"rendered":"Les yeux en Malaisie, la t\u00eate au Br\u00e9sil pour les Canadiens"},"content":{"rendered":"<p>Plusieurs athl\u00e8tes estiment que le temps \u00e0 l\u2019entra\u00eenement et aussi important sinon plus que le temps pass\u00e9 \u00e0 jouer des matchs. C\u2019est pr\u00e9sentement le cas pour plusieurs membres de l\u2019\u00c9quipe canadienne masculine de hockey sur gazon.<\/p>\n<p>Sans match comp\u00e9titif en deux mois, de la fin janvier avec la tourn\u00e9e en Afrique du Sud au prochain tournoi au mois d\u2019avril n\u2019est pas un probl\u00e8me au sein du camp canadien puisque le bloc d\u2019entra\u00eenement actuel met la table pour une ann\u00e9e qui s\u2019annonce historique.<\/p>\n<p>\u00ab&nbsp;Je crois que les gars r\u00e9alisent l\u2019enjeu&nbsp;\u00bb, affirme le d\u00e9fenseur Gordon Johnston. \u00ab&nbsp;Quand on se pr\u00e9pare pour les Jeux olympiques, c\u2019est l\u2019occasion d\u2019une vie qu\u2019on s\u2019appr\u00eate \u00e0 vivre.&nbsp;\u00bb<\/p>\n<p>Alors que l\u2019\u00e9quipe partira pour la Malaisie et la Coupe du Shah Azlan, une de deux tourn\u00e9es d\u2019entra\u00eenement qui pr\u00e9c\u00e9deront les Jeux olympiques de 2016, le 1er avril, les deux mois d\u2019entra\u00eenement en cours est ce que les entra\u00eeneurs utiliseront pour composer leur alignement.<\/p>\n<p>Ce n\u2019est pas seulement une place sur l\u2019avion pour la Malaisie qui est en jeu.<\/p>\n<p>\u00ab&nbsp;Nous nous attendons \u00e0 ce que l\u2019\u00e9quipe nomm\u00e9e pour cette tourn\u00e9e soit celle qui ira \u00e0 Rio, \u00e0 quelques exceptions pr\u00e8s&nbsp;\u00bb, ajoute Johnston. \u00ab&nbsp;C\u2019est une p\u00e9riode tr\u00e8s importante et les gars le savent bien.&nbsp;\u00bb<\/p>\n<p>Les occasions pour impressionner le personnel d\u2019entra\u00eeneurs apr\u00e8s la Malaisie ne seront pas tr\u00e8s nombreuses.<\/p>\n<p>Apr\u00e8s le tournoi de la Coupe du Shah Azlan, l\u2019\u00c9quipe nationale masculine rentrera \u00e0 Vancouver pour d\u2019autres s\u00e9ances d\u2019entra\u00eenement avant de s\u2019envoler vers l\u2019Europe au mois de juin pour une s\u00e9rie de matchs avant d\u2019aller \u00e0 Rio.<\/p>\n<p>L\u2019alignement pour ce voyage devrait \u00eatre celui des Jeux olympiques alors qu\u2019on pourra b\u00e2tir la chimie du groupe qui se rendra \u00e0 Rio, ce qui signifie que la pr\u00e9paration pour la Malaisie et les matchs de la Coupe du Shah Azlan pourraient \u00eatre le meilleur moment de se d\u00e9marquer.<\/p>\n<p>\u00ab&nbsp;Nous traversons une s\u00e9rie d\u2019entra\u00eenements difficiles pr\u00e9sentement&nbsp;\u00bb, affirme Gabriel Ho-Garcia de Burnaby, un des joueurs qui luttent pour une position \u00e0 l\u2019avant. \u00ab&nbsp;C\u2019est toujours bon de garder le moral et de rire. Par contre, quand les exercices d\u00e9marrent, c\u2019est tr\u00e8s intense sur le terrain.&nbsp;\u00bb<\/p>\n<p>Avec une lutte pour une place aux Jeux olympiques au menu, le rythme et l\u2019intensit\u00e9 \u00e0 l\u2019entra\u00eenement sont f\u00e9roces et l\u2019\u00e9quilibre entre les r\u00e9alisations individuelles et les objectifs d\u2019\u00e9quipe peuvent \u00eatre un d\u00e9fi par moment.<\/p>\n<p>Les Canadiens sont toutefois rapides \u00e0 placer l\u2019\u00e9quipe devant les r\u00e9alit\u00e9s individuelles \u00e0 chaque s\u00e9ance d\u2019entra\u00eenement.<\/p>\n<p>\u00ab&nbsp;Vous d\u00e9sirez toujours marquer un but comme attaquant&nbsp;\u00bb, dit-il. \u00ab&nbsp;Par contre, il est important de b\u00e2tir la chimie et de rendre les joueurs autour de vous meilleurs parce que si c\u2019est le cas, il y a de bonnes possibilit\u00e9s que vous allez \u00eatre retenus au sein de l\u2019\u00e9quipe.&nbsp;\u00bb<\/p>\n<p>Bien que de r\u00e9ussir pour le Canada aux Jeux olympiques est l\u2019objectif de chaque joueur du programme masculin, Johnston se rappelle rapidement que ses co\u00e9quipiers doivent appr\u00e9cier toute l\u2019exp\u00e9rience de pr\u00e9paration autant que l\u2019objectif \u00e0 atteindre.<\/p>\n<p>\u00ab&nbsp;Avec toute cette intensit\u00e9, vous perdez parfois de vue pourquoi vous pratiquez ce sport&nbsp;\u00bb, affirme Johnston. \u00ab&nbsp;Je pense que de jouer avec nos co\u00e9quipiers, avoir du bon temps sur le terrain et de profiter du hockey est ce qui importe le plus.&nbsp;\u00bb<\/p>\n<p>L\u2019alignement canadien pour le tournoi de la Coupe du Shah Azlan \u00e0 Ipoh en Malaisie devrait \u00eatre annonc\u00e9 le 21 mars.<\/p>\n<p>Le premier match du tournoi du Canada sera le 6 avril contre le Pakistan. Pour l\u2019horaire complet du Canada, les r\u00e9sultats et les rapports de match, veuillez <a href=\"http:\/\/www.fieldhockey.ca\/event\/2016-azlan-shah-cup\/\">cliquer ici<\/a>.<\/p>\n","protected":false},"excerpt":{"rendered":"<p>Plusieurs athl\u00e8tes estiment que le temps \u00e0 l\u2019entra\u00eenement et aussi important sinon plus que le temps pass\u00e9 \u00e0 jouer des matchs. C\u2019est pr\u00e9sentement le cas pour plusieurs membres de l\u2019\u00c9quipe canadienne masculine de hockey sur gazon.<\/p>\n","protected":false},"author":4,"featured_media":21850,"comment_status":"closed","ping_status":"closed","sticky":false,"template":"","format":"standard","meta":{"footnotes":""},"categories":[365],"tags":[],"class_list":["post-22021","post","type-post","status-publish","format-standard","has-post-thumbnail","hentry","category-non-classifiee"],"yoast_head":"<!-- This site is optimized with the Yoast SEO plugin v26.8 - https:\/\/yoast.com\/product\/yoast-seo-wordpress\/ -->\n<title>Les yeux en Malaisie, la t\u00eate au Br\u00e9sil pour les Canadiens - Field Hockey Canada<\/title>\n<meta name=\"robots\" content=\"index, follow, max-snippet:-1, max-image-preview:large, max-video-preview:-1\" \/>\n<link rel=\"canonical\" href=\"https:\/\/fieldhockey.ca\/fr\/les-yeux-en-malaisie-la-tete-au-bresil-pour-les-canadiens\/\" \/>\n<meta property=\"og:locale\" content=\"fr_CA\" \/>\n<meta property=\"og:type\" content=\"article\" \/>\n<meta property=\"og:title\" content=\"Les yeux en Malaisie, la t\u00eate au Br\u00e9sil pour les Canadiens - Field Hockey Canada\" \/>\n<meta property=\"og:description\" content=\"Plusieurs athl\u00e8tes estiment que le temps \u00e0 l\u2019entra\u00eenement et aussi important sinon plus que le temps pass\u00e9 \u00e0 jouer des matchs. C\u2019est pr\u00e9sentement le cas pour plusieurs membres de l\u2019\u00c9quipe canadienne masculine de hockey sur gazon.\" \/>\n<meta property=\"og:url\" content=\"https:\/\/fieldhockey.ca\/fr\/les-yeux-en-malaisie-la-tete-au-bresil-pour-les-canadiens\/\" \/>\n<meta property=\"og:site_name\" content=\"Field Hockey Canada\" \/>\n<meta property=\"article:published_time\" content=\"2016-03-02T19:53:34+00:00\" \/>\n<meta property=\"article:modified_time\" content=\"2016-03-15T18:54:21+00:00\" \/>\n<meta property=\"og:image\" content=\"https:\/\/fieldhockey.ca\/wp-content\/uploads\/2016\/03\/2016_0225_mnt_training_web-53-e1456936720419.jpg\" \/>\n\t<meta property=\"og:image:width\" content=\"850\" \/>\n\t<meta property=\"og:image:height\" content=\"566\" \/>\n\t<meta property=\"og:image:type\" content=\"image\/jpeg\" \/>\n<meta name=\"author\" content=\"Shaheed Devji\" \/>\n<meta name=\"twitter:card\" content=\"summary_large_image\" \/>\n<meta name=\"twitter:label1\" content=\"\u00c9crit par\" \/>\n\t<meta name=\"twitter:data1\" content=\"Shaheed Devji\" \/>\n\t<meta name=\"twitter:label2\" content=\"Estimation du temps de lecture\" \/>\n\t<meta name=\"twitter:data2\" content=\"3 minutes\" \/>\n<script type=\"application\/ld+json\" class=\"yoast-schema-graph\">{\"@context\":\"https:\/\/schema.org\",\"@graph\":[{\"@type\":\"Article\",\"@id\":\"https:\/\/fieldhockey.ca\/fr\/les-yeux-en-malaisie-la-tete-au-bresil-pour-les-canadiens\/#article\",\"isPartOf\":{\"@id\":\"https:\/\/fieldhockey.ca\/fr\/les-yeux-en-malaisie-la-tete-au-bresil-pour-les-canadiens\/\"},\"author\":{\"name\":\"Shaheed Devji\",\"@id\":\"https:\/\/fieldhockey.ca\/#\/schema\/person\/50e31731c0dc1372ccbc6648eb025b69\"},\"headline\":\"Les yeux en Malaisie, la t\u00eate au Br\u00e9sil pour les Canadiens\",\"datePublished\":\"2016-03-02T19:53:34+00:00\",\"dateModified\":\"2016-03-15T18:54:21+00:00\",\"mainEntityOfPage\":{\"@id\":\"https:\/\/fieldhockey.ca\/fr\/les-yeux-en-malaisie-la-tete-au-bresil-pour-les-canadiens\/\"},\"wordCount\":692,\"image\":{\"@id\":\"https:\/\/fieldhockey.ca\/fr\/les-yeux-en-malaisie-la-tete-au-bresil-pour-les-canadiens\/#primaryimage\"},\"thumbnailUrl\":\"https:\/\/fieldhockey.ca\/wp-content\/uploads\/2016\/03\/2016_0225_mnt_training_web-53-e1456936720419.jpg\",\"articleSection\":[\"Non classifi\u00e9(e)\"],\"inLanguage\":\"fr-CA\"},{\"@type\":\"WebPage\",\"@id\":\"https:\/\/fieldhockey.ca\/fr\/les-yeux-en-malaisie-la-tete-au-bresil-pour-les-canadiens\/\",\"url\":\"https:\/\/fieldhockey.ca\/fr\/les-yeux-en-malaisie-la-tete-au-bresil-pour-les-canadiens\/\",\"name\":\"Les yeux en Malaisie, la t\u00eate au Br\u00e9sil pour les Canadiens - Field Hockey Canada\",\"isPartOf\":{\"@id\":\"https:\/\/fieldhockey.ca\/#website\"},\"primaryImageOfPage\":{\"@id\":\"https:\/\/fieldhockey.ca\/fr\/les-yeux-en-malaisie-la-tete-au-bresil-pour-les-canadiens\/#primaryimage\"},\"image\":{\"@id\":\"https:\/\/fieldhockey.ca\/fr\/les-yeux-en-malaisie-la-tete-au-bresil-pour-les-canadiens\/#primaryimage\"},\"thumbnailUrl\":\"https:\/\/fieldhockey.ca\/wp-content\/uploads\/2016\/03\/2016_0225_mnt_training_web-53-e1456936720419.jpg\",\"datePublished\":\"2016-03-02T19:53:34+00:00\",\"dateModified\":\"2016-03-15T18:54:21+00:00\",\"author\":{\"@id\":\"https:\/\/fieldhockey.ca\/#\/schema\/person\/50e31731c0dc1372ccbc6648eb025b69\"},\"breadcrumb\":{\"@id\":\"https:\/\/fieldhockey.ca\/fr\/les-yeux-en-malaisie-la-tete-au-bresil-pour-les-canadiens\/#breadcrumb\"},\"inLanguage\":\"fr-CA\",\"potentialAction\":[{\"@type\":\"ReadAction\",\"target\":[\"https:\/\/fieldhockey.ca\/fr\/les-yeux-en-malaisie-la-tete-au-bresil-pour-les-canadiens\/\"]}]},{\"@type\":\"ImageObject\",\"inLanguage\":\"fr-CA\",\"@id\":\"https:\/\/fieldhockey.ca\/fr\/les-yeux-en-malaisie-la-tete-au-bresil-pour-les-canadiens\/#primaryimage\",\"url\":\"https:\/\/fieldhockey.ca\/wp-content\/uploads\/2016\/03\/2016_0225_mnt_training_web-53-e1456936720419.jpg\",\"contentUrl\":\"https:\/\/fieldhockey.ca\/wp-content\/uploads\/2016\/03\/2016_0225_mnt_training_web-53-e1456936720419.jpg\",\"width\":850,\"height\":566,\"caption\":\"Men's National Team training. West Vancouver Rutledge Field. February 25, 2016. Scott Tupper (left), Gabriel Ho-Garcia (right).\"},{\"@type\":\"BreadcrumbList\",\"@id\":\"https:\/\/fieldhockey.ca\/fr\/les-yeux-en-malaisie-la-tete-au-bresil-pour-les-canadiens\/#breadcrumb\",\"itemListElement\":[{\"@type\":\"ListItem\",\"position\":1,\"name\":\"Home\",\"item\":\"https:\/\/fieldhockey.ca\/fr\/\"},{\"@type\":\"ListItem\",\"position\":2,\"name\":\"Les yeux en Malaisie, la t\u00eate au Br\u00e9sil pour les Canadiens\"}]},{\"@type\":\"WebSite\",\"@id\":\"https:\/\/fieldhockey.ca\/#website\",\"url\":\"https:\/\/fieldhockey.ca\/\",\"name\":\"Field Hockey Canada\",\"description\":\"Canada\u2019s governing body for field hockey\",\"potentialAction\":[{\"@type\":\"SearchAction\",\"target\":{\"@type\":\"EntryPoint\",\"urlTemplate\":\"https:\/\/fieldhockey.ca\/?s={search_term_string}\"},\"query-input\":{\"@type\":\"PropertyValueSpecification\",\"valueRequired\":true,\"valueName\":\"search_term_string\"}}],\"inLanguage\":\"fr-CA\"},{\"@type\":\"Person\",\"@id\":\"https:\/\/fieldhockey.ca\/#\/schema\/person\/50e31731c0dc1372ccbc6648eb025b69\",\"name\":\"Shaheed Devji\",\"image\":{\"@type\":\"ImageObject\",\"inLanguage\":\"fr-CA\",\"@id\":\"https:\/\/fieldhockey.ca\/#\/schema\/person\/image\/\",\"url\":\"https:\/\/secure.gravatar.com\/avatar\/49061c22a578dac59664dd0e0b494915a95e82e375ffbf34b9951f47077e18a9?s=96&d=mm&r=g\",\"contentUrl\":\"https:\/\/secure.gravatar.com\/avatar\/49061c22a578dac59664dd0e0b494915a95e82e375ffbf34b9951f47077e18a9?s=96&d=mm&r=g\",\"caption\":\"Shaheed Devji\"},\"url\":\"https:\/\/fieldhockey.ca\/fr\/author\/shaheed\/\"}]}<\/script>\n<!-- \/ Yoast SEO plugin. -->","yoast_head_json":{"title":"Les yeux en Malaisie, la t\u00eate au Br\u00e9sil pour les Canadiens - Field Hockey Canada","robots":{"index":"index","follow":"follow","max-snippet":"max-snippet:-1","max-image-preview":"max-image-preview:large","max-video-preview":"max-video-preview:-1"},"canonical":"https:\/\/fieldhockey.ca\/fr\/les-yeux-en-malaisie-la-tete-au-bresil-pour-les-canadiens\/","og_locale":"fr_CA","og_type":"article","og_title":"Les yeux en Malaisie, la t\u00eate au Br\u00e9sil pour les Canadiens - Field Hockey Canada","og_description":"Plusieurs athl\u00e8tes estiment que le temps \u00e0 l\u2019entra\u00eenement et aussi important sinon plus que le temps pass\u00e9 \u00e0 jouer des matchs. C\u2019est pr\u00e9sentement le cas pour plusieurs membres de l\u2019\u00c9quipe canadienne masculine de hockey sur gazon.","og_url":"https:\/\/fieldhockey.ca\/fr\/les-yeux-en-malaisie-la-tete-au-bresil-pour-les-canadiens\/","og_site_name":"Field Hockey Canada","article_published_time":"2016-03-02T19:53:34+00:00","article_modified_time":"2016-03-15T18:54:21+00:00","og_image":[{"width":850,"height":566,"url":"https:\/\/fieldhockey.ca\/wp-content\/uploads\/2016\/03\/2016_0225_mnt_training_web-53-e1456936720419.jpg","type":"image\/jpeg"}],"author":"Shaheed Devji","twitter_card":"summary_large_image","twitter_misc":{"\u00c9crit par":"Shaheed Devji","Estimation du temps de lecture":"3 minutes"},"schema":{"@context":"https:\/\/schema.org","@graph":[{"@type":"Article","@id":"https:\/\/fieldhockey.ca\/fr\/les-yeux-en-malaisie-la-tete-au-bresil-pour-les-canadiens\/#article","isPartOf":{"@id":"https:\/\/fieldhockey.ca\/fr\/les-yeux-en-malaisie-la-tete-au-bresil-pour-les-canadiens\/"},"author":{"name":"Shaheed Devji","@id":"https:\/\/fieldhockey.ca\/#\/schema\/person\/50e31731c0dc1372ccbc6648eb025b69"},"headline":"Les yeux en Malaisie, la t\u00eate au Br\u00e9sil pour les Canadiens","datePublished":"2016-03-02T19:53:34+00:00","dateModified":"2016-03-15T18:54:21+00:00","mainEntityOfPage":{"@id":"https:\/\/fieldhockey.ca\/fr\/les-yeux-en-malaisie-la-tete-au-bresil-pour-les-canadiens\/"},"wordCount":692,"image":{"@id":"https:\/\/fieldhockey.ca\/fr\/les-yeux-en-malaisie-la-tete-au-bresil-pour-les-canadiens\/#primaryimage"},"thumbnailUrl":"https:\/\/fieldhockey.ca\/wp-content\/uploads\/2016\/03\/2016_0225_mnt_training_web-53-e1456936720419.jpg","articleSection":["Non classifi\u00e9(e)"],"inLanguage":"fr-CA"},{"@type":"WebPage","@id":"https:\/\/fieldhockey.ca\/fr\/les-yeux-en-malaisie-la-tete-au-bresil-pour-les-canadiens\/","url":"https:\/\/fieldhockey.ca\/fr\/les-yeux-en-malaisie-la-tete-au-bresil-pour-les-canadiens\/","name":"Les yeux en Malaisie, la t\u00eate au Br\u00e9sil pour les Canadiens - Field Hockey Canada","isPartOf":{"@id":"https:\/\/fieldhockey.ca\/#website"},"primaryImageOfPage":{"@id":"https:\/\/fieldhockey.ca\/fr\/les-yeux-en-malaisie-la-tete-au-bresil-pour-les-canadiens\/#primaryimage"},"image":{"@id":"https:\/\/fieldhockey.ca\/fr\/les-yeux-en-malaisie-la-tete-au-bresil-pour-les-canadiens\/#primaryimage"},"thumbnailUrl":"https:\/\/fieldhockey.ca\/wp-content\/uploads\/2016\/03\/2016_0225_mnt_training_web-53-e1456936720419.jpg","datePublished":"2016-03-02T19:53:34+00:00","dateModified":"2016-03-15T18:54:21+00:00","author":{"@id":"https:\/\/fieldhockey.ca\/#\/schema\/person\/50e31731c0dc1372ccbc6648eb025b69"},"breadcrumb":{"@id":"https:\/\/fieldhockey.ca\/fr\/les-yeux-en-malaisie-la-tete-au-bresil-pour-les-canadiens\/#breadcrumb"},"inLanguage":"fr-CA","potentialAction":[{"@type":"ReadAction","target":["https:\/\/fieldhockey.ca\/fr\/les-yeux-en-malaisie-la-tete-au-bresil-pour-les-canadiens\/"]}]},{"@type":"ImageObject","inLanguage":"fr-CA","@id":"https:\/\/fieldhockey.ca\/fr\/les-yeux-en-malaisie-la-tete-au-bresil-pour-les-canadiens\/#primaryimage","url":"https:\/\/fieldhockey.ca\/wp-content\/uploads\/2016\/03\/2016_0225_mnt_training_web-53-e1456936720419.jpg","contentUrl":"https:\/\/fieldhockey.ca\/wp-content\/uploads\/2016\/03\/2016_0225_mnt_training_web-53-e1456936720419.jpg","width":850,"height":566,"caption":"Men's National Team training. West Vancouver Rutledge Field. February 25, 2016. Scott Tupper (left), Gabriel Ho-Garcia (right)."},{"@type":"BreadcrumbList","@id":"https:\/\/fieldhockey.ca\/fr\/les-yeux-en-malaisie-la-tete-au-bresil-pour-les-canadiens\/#breadcrumb","itemListElement":[{"@type":"ListItem","position":1,"name":"Home","item":"https:\/\/fieldhockey.ca\/fr\/"},{"@type":"ListItem","position":2,"name":"Les yeux en Malaisie, la t\u00eate au Br\u00e9sil pour les Canadiens"}]},{"@type":"WebSite","@id":"https:\/\/fieldhockey.ca\/#website","url":"https:\/\/fieldhockey.ca\/","name":"Field Hockey Canada","description":"Canada\u2019s governing body for field hockey","potentialAction":[{"@type":"SearchAction","target":{"@type":"EntryPoint","urlTemplate":"https:\/\/fieldhockey.ca\/?s={search_term_string}"},"query-input":{"@type":"PropertyValueSpecification","valueRequired":true,"valueName":"search_term_string"}}],"inLanguage":"fr-CA"},{"@type":"Person","@id":"https:\/\/fieldhockey.ca\/#\/schema\/person\/50e31731c0dc1372ccbc6648eb025b69","name":"Shaheed Devji","image":{"@type":"ImageObject","inLanguage":"fr-CA","@id":"https:\/\/fieldhockey.ca\/#\/schema\/person\/image\/","url":"https:\/\/secure.gravatar.com\/avatar\/49061c22a578dac59664dd0e0b494915a95e82e375ffbf34b9951f47077e18a9?s=96&d=mm&r=g","contentUrl":"https:\/\/secure.gravatar.com\/avatar\/49061c22a578dac59664dd0e0b494915a95e82e375ffbf34b9951f47077e18a9?s=96&d=mm&r=g","caption":"Shaheed Devji"},"url":"https:\/\/fieldhockey.ca\/fr\/author\/shaheed\/"}]}},"_links":{"self":[{"href":"https:\/\/fieldhockey.ca\/fr\/wp-json\/wp\/v2\/posts\/22021","targetHints":{"allow":["GET"]}}],"collection":[{"href":"https:\/\/fieldhockey.ca\/fr\/wp-json\/wp\/v2\/posts"}],"about":[{"href":"https:\/\/fieldhockey.ca\/fr\/wp-json\/wp\/v2\/types\/post"}],"author":[{"embeddable":true,"href":"https:\/\/fieldhockey.ca\/fr\/wp-json\/wp\/v2\/users\/4"}],"replies":[{"embeddable":true,"href":"https:\/\/fieldhockey.ca\/fr\/wp-json\/wp\/v2\/comments?post=22021"}],"version-history":[{"count":2,"href":"https:\/\/fieldhockey.ca\/fr\/wp-json\/wp\/v2\/posts\/22021\/revisions"}],"predecessor-version":[{"id":22023,"href":"https:\/\/fieldhockey.ca\/fr\/wp-json\/wp\/v2\/posts\/22021\/revisions\/22023"}],"wp:featuredmedia":[{"embeddable":true,"href":"https:\/\/fieldhockey.ca\/fr\/wp-json\/wp\/v2\/media\/21850"}],"wp:attachment":[{"href":"https:\/\/fieldhockey.ca\/fr\/wp-json\/wp\/v2\/media?parent=22021"}],"wp:term":[{"taxonomy":"category","embeddable":true,"href":"https:\/\/fieldhockey.ca\/fr\/wp-json\/wp\/v2\/categories?post=22021"},{"taxonomy":"post_tag","embeddable":true,"href":"https:\/\/fieldhockey.ca\/fr\/wp-json\/wp\/v2\/tags?post=22021"}],"curies":[{"name":"wp","href":"https:\/\/api.w.org\/{rel}","templated":true}]}}