{"id":22432,"date":"2016-03-27T21:45:12","date_gmt":"2016-03-28T04:45:12","guid":{"rendered":"http:\/\/www.fieldhockey.ca\/fr\/?p=22432"},"modified":"2016-04-07T21:46:46","modified_gmt":"2016-04-08T04:46:46","slug":"album-photos-un-premier-match-international-pour-thora-rae","status":"publish","type":"post","link":"https:\/\/fieldhockey.ca\/fr\/album-photos-un-premier-match-international-pour-thora-rae\/","title":{"rendered":"Album photos : Un premier match international pour Thora Rae"},"content":{"rendered":"<p>L\u2019attaquante de 16 ans Thora Rae a jou\u00e9 son premier match international pour le Canada dans le premier de deux matchs amicaux du Canada contre la Nouvelle-Z\u00e9lande ce weekend.<\/p>\n<p>Voici comment ses co\u00e9quipi\u00e8res et elle ont soulign\u00e9 l\u2019\u00e9v\u00e9nement sur Instagram.<\/p>\n<blockquote class=\"instagram-media\" style=\"background: #FFF; border: 0; border-radius: 3px; box-shadow: 0 0 1px 0 rgba(0,0,0,0.5),0 1px 10px 0 rgba(0,0,0,0.15); margin: 1px; max-width: 658px; padding: 0; width: calc(100% - 2px);\" data-instgrm-captioned=\"\" data-instgrm-version=\"6\">\n<div style=\"padding: 8px;\">\n<div style=\"background: #F8F8F8; line-height: 0; margin-top: 40px; padding: 50.0% 0; text-align: center; width: 100%;\"><\/div>\n<p style=\"margin: 8px 0 0 0; padding: 0 4px;\"><a style=\"color: #000; font-family: Arial,sans-serif; font-size: 14px; font-style: normal; font-weight: normal; line-height: 17px; text-decoration: none; word-wrap: break-word;\" href=\"https:\/\/www.instagram.com\/p\/BDbkK2VlADI\/\" target=\"_blank\">Game day vs the #blacksticks! Good luck to our young gun @thorarae who&rsquo;s making her International debut today! #fhcwnt #wntwolfpack<\/a><\/p>\n<p style=\"color: #c9c8cd; font-family: Arial,sans-serif; font-size: 14px; line-height: 17px; margin-bottom: 0; margin-top: 8px; overflow: hidden; padding: 8px 0 7px; text-align: center; text-overflow: ellipsis; white-space: nowrap;\">A photo posted by Canadian Women&rsquo;s FH Team (@fhc_wnt) on <time style=\"font-family: Arial,sans-serif; font-size: 14px; line-height: 17px;\" datetime=\"2016-03-26T21:05:59+00:00\">Mar 26, 2016 at 2:05pm PDT<\/time><\/p>\n<\/div>\n<\/blockquote>\n<p><script src=\"\/\/platform.instagram.com\/en_US\/embeds.js\" async=\"\" defer=\"defer\"><\/script><\/p>\n<blockquote class=\"instagram-media\" style=\"background: #FFF; border: 0; border-radius: 3px; box-shadow: 0 0 1px 0 rgba(0,0,0,0.5),0 1px 10px 0 rgba(0,0,0,0.15); margin: 1px; max-width: 658px; padding: 0; width: calc(100% - 2px);\" data-instgrm-captioned=\"\" data-instgrm-version=\"6\">\n<div style=\"padding: 8px;\">\n<div style=\"background: #F8F8F8; line-height: 0; margin-top: 40px; padding: 50.0% 0; text-align: center; width: 100%;\"><\/div>\n<p><a style=\"color: #000; font-family: Arial,sans-serif; font-size: 14px; font-style: normal; font-weight: normal; line-height: 17px; text-decoration: none; word-wrap: break-word;\" href=\"https:\/\/www.instagram.com\/p\/BDbk0RYlu6u\/\" target=\"_blank\">Game day vs the #blacksticks! Stoked for another &lsquo;rae&rsquo; to join the #wntwolfpack! Good luck in your 1st cap @thorarae! #fhcwnt<\/a><\/p>\n<p>A photo posted by Abi Raye (@abiraye15) on <time style=\"font-family: Arial,sans-serif; font-size: 14px; line-height: 17px;\" datetime=\"2016-03-26T21:11:38+00:00\">Mar 26, 2016 at 2:11pm PDT<\/time>\n<\/div>\n<\/blockquote>\n<p><script src=\"\/\/platform.instagram.com\/en_US\/embeds.js\" async=\"\" defer=\"defer\"><\/script><\/p>\n<blockquote class=\"instagram-media\" style=\"background: #FFF; border: 0; border-radius: 3px; box-shadow: 0 0 1px 0 rgba(0,0,0,0.5),0 1px 10px 0 rgba(0,0,0,0.15); margin: 1px; max-width: 658px; padding: 0; width: calc(100% - 2px);\" data-instgrm-captioned=\"\" data-instgrm-version=\"6\">\n<div style=\"padding: 8px;\">\n<div style=\"background: #F8F8F8; line-height: 0; margin-top: 40px; padding: 50.0% 0; text-align: center; width: 100%;\"><\/div>\n<p style=\"margin: 8px 0 0 0; padding: 0 4px;\"><a style=\"color: #000; font-family: Arial,sans-serif; font-size: 14px; font-style: normal; font-weight: normal; line-height: 17px; text-decoration: none; word-wrap: break-word;\" href=\"https:\/\/www.instagram.com\/p\/BDb7uV2i7FG\/\" target=\"_blank\">Some big milestones this tour starting with a first cap for my roomie @thorarae! So excited to take the field with you! \ud83c\udde8\ud83c\udde6\u2764\ufe0f<\/a><\/p>\n<p style=\"color: #c9c8cd; font-family: Arial,sans-serif; font-size: 14px; line-height: 17px; margin-bottom: 0; margin-top: 8px; overflow: hidden; padding: 8px 0 7px; text-align: center; text-overflow: ellipsis; white-space: nowrap;\">A photo posted by Kate Gillis (@kategillis3) on <time style=\"font-family: Arial,sans-serif; font-size: 14px; line-height: 17px;\" datetime=\"2016-03-27T00:31:48+00:00\">Mar 26, 2016 at 5:31pm PDT<\/time><\/p>\n<\/div>\n<\/blockquote>\n<p><script src=\"\/\/platform.instagram.com\/en_US\/embeds.js\" async=\"\" defer=\"defer\"><\/script><\/p>\n<blockquote class=\"instagram-media\" style=\"background: #FFF; border: 0; border-radius: 3px; box-shadow: 0 0 1px 0 rgba(0,0,0,0.5),0 1px 10px 0 rgba(0,0,0,0.15); margin: 1px; max-width: 658px; padding: 0; width: calc(100% - 2px);\" data-instgrm-captioned=\"\" data-instgrm-version=\"6\">\n<div style=\"padding: 8px;\">\n<div style=\"background: #F8F8F8; line-height: 0; margin-top: 40px; padding: 50.0% 0; text-align: center; width: 100%;\"><\/div>\n<p><a style=\"color: #000; font-family: Arial,sans-serif; font-size: 14px; font-style: normal; font-weight: normal; line-height: 17px; text-decoration: none; word-wrap: break-word;\" href=\"https:\/\/www.instagram.com\/p\/BDceIKUyPB3\/\" target=\"_blank\">First cap!!\ud83c\udde8\ud83c\udde6<\/a><\/p>\n<p>A photo posted by Thora Rae (@thorarae) on <time style=\"font-family: Arial,sans-serif; font-size: 14px; line-height: 17px;\" datetime=\"2016-03-27T05:32:25+00:00\">Mar 26, 2016 at 10:32pm PDT<\/time>\n<\/div>\n<\/blockquote>\n<p><script src=\"\/\/platform.instagram.com\/en_US\/embeds.js\" async=\"\" defer=\"defer\"><\/script><\/p>\n<blockquote class=\"instagram-media\" style=\"background: #FFF; border: 0; border-radius: 3px; box-shadow: 0 0 1px 0 rgba(0,0,0,0.5),0 1px 10px 0 rgba(0,0,0,0.15); margin: 1px; max-width: 658px; padding: 0; width: calc(100% - 2px);\" data-instgrm-captioned=\"\" data-instgrm-version=\"6\">\n<div style=\"padding: 8px;\">\n<div style=\"background: #F8F8F8; line-height: 0; margin-top: 40px; padding: 51.7396907216% 0; text-align: center; width: 100%;\"><\/div>\n<p style=\"margin: 8px 0 0 0; padding: 0 4px;\"><a style=\"color: #000; font-family: Arial,sans-serif; font-size: 14px; font-style: normal; font-weight: normal; line-height: 17px; text-decoration: none; word-wrap: break-word;\" href=\"https:\/\/www.instagram.com\/p\/BDcp04ZFu2Z\/\" target=\"_blank\">Close enough&#8230;RayeRae duo hits the turf! Congrats @thorarae on crushing it in your first game for Canada! #fhcwnt #wntwolfpack #teamcanada<\/a><\/p>\n<p style=\"color: #c9c8cd; font-family: Arial,sans-serif; font-size: 14px; line-height: 17px; margin-bottom: 0; margin-top: 8px; overflow: hidden; padding: 8px 0 7px; text-align: center; text-overflow: ellipsis; white-space: nowrap;\">A photo posted by Abi Raye (@abiraye15) on <time style=\"font-family: Arial,sans-serif; font-size: 14px; line-height: 17px;\" datetime=\"2016-03-27T07:14:39+00:00\">Mar 27, 2016 at 12:14am PDT<\/time><\/p>\n<\/div>\n<\/blockquote>\n<p><script src=\"\/\/platform.instagram.com\/en_US\/embeds.js\" async=\"\" defer=\"defer\"><\/script><\/p>\n<blockquote class=\"instagram-media\" style=\"background: #FFF; border: 0; border-radius: 3px; box-shadow: 0 0 1px 0 rgba(0,0,0,0.5),0 1px 10px 0 rgba(0,0,0,0.15); margin: 1px; max-width: 658px; padding: 0; width: calc(100% - 2px);\" data-instgrm-captioned=\"\" data-instgrm-version=\"6\">\n<div style=\"padding: 8px;\">\n<div style=\"background: #F8F8F8; line-height: 0; margin-top: 40px; padding: 42.5% 0; text-align: center; width: 100%;\"><\/div>\n<p><a style=\"color: #000; font-family: Arial,sans-serif; font-size: 14px; font-style: normal; font-weight: normal; line-height: 17px; text-decoration: none; word-wrap: break-word;\" href=\"https:\/\/www.instagram.com\/p\/BDcqnJKlAMU\/\" target=\"_blank\">Excited to welcome 3 new members to the #fhcwnt family! Former player &amp; double Olympian, now turned manager Nancy Mollenhauer, our new young gun Thora Rae, and AT Rachelle O&rsquo;Brien!<\/a><\/p>\n<p>A photo posted by Canadian Women&rsquo;s FH Team (@fhc_wnt) on <time style=\"font-family: Arial,sans-serif; font-size: 14px; line-height: 17px;\" datetime=\"2016-03-27T07:21:30+00:00\">Mar 27, 2016 at 12:21am PDT<\/time>\n<\/div>\n<\/blockquote>\n<p><script src=\"\/\/platform.instagram.com\/en_US\/embeds.js\" async=\"\" defer=\"defer\"><\/script><\/p>\n<blockquote class=\"instagram-media\" style=\"background: #FFF; border: 0; border-radius: 3px; box-shadow: 0 0 1px 0 rgba(0,0,0,0.5),0 1px 10px 0 rgba(0,0,0,0.15); margin: 1px; max-width: 658px; padding: 0; width: calc(100% - 2px);\" data-instgrm-captioned=\"\" data-instgrm-version=\"6\">\n<div style=\"padding: 8px;\">\n<div style=\"background: #F8F8F8; line-height: 0; margin-top: 40px; padding: 50.0% 0; text-align: center; width: 100%;\"><\/div>\n<p style=\"margin: 8px 0 0 0; padding: 0 4px;\"><a style=\"color: #000; font-family: Arial,sans-serif; font-size: 14px; font-style: normal; font-weight: normal; line-height: 17px; text-decoration: none; word-wrap: break-word;\" href=\"https:\/\/www.instagram.com\/p\/BDcv5QFKgcb\/\" target=\"_blank\">Big congrats to this young gun on her first international cap! Awesome start to her international career, great to have another hawk out there! @vancouverhawks @mazonhockey<\/a><\/p>\n<p style=\"color: #c9c8cd; font-family: Arial,sans-serif; font-size: 14px; line-height: 17px; margin-bottom: 0; margin-top: 8px; overflow: hidden; padding: 8px 0 7px; text-align: center; text-overflow: ellipsis; white-space: nowrap;\">A photo posted by shanleejton (@shanleejton) on <time style=\"font-family: Arial,sans-serif; font-size: 14px; line-height: 17px;\" datetime=\"2016-03-27T08:07:40+00:00\">Mar 27, 2016 at 1:07am PDT<\/time><\/p>\n<\/div>\n<\/blockquote>\n<p><script src=\"\/\/platform.instagram.com\/en_US\/embeds.js\" async=\"\" defer=\"defer\"><\/script><\/p>\n","protected":false},"excerpt":{"rendered":"<p>L\u2019attaquante de 16 ans Thora Rae a jou\u00e9 son premier match international pour le Canada dans le premier de deux matchs amicaux du Canada contre la Nouvelle-Z\u00e9lande ce weekend.<\/p>\n","protected":false},"author":4,"featured_media":21841,"comment_status":"closed","ping_status":"open","sticky":false,"template":"","format":"standard","meta":{"footnotes":""},"categories":[365],"tags":[],"class_list":["post-22432","post","type-post","status-publish","format-standard","has-post-thumbnail","hentry","category-non-classifiee"],"yoast_head":"<!-- This site is optimized with the Yoast SEO plugin v26.8 - https:\/\/yoast.com\/product\/yoast-seo-wordpress\/ -->\n<title>Album photos : Un premier match international pour Thora Rae - Field Hockey Canada<\/title>\n<meta name=\"robots\" content=\"index, follow, max-snippet:-1, max-image-preview:large, max-video-preview:-1\" \/>\n<link rel=\"canonical\" href=\"https:\/\/fieldhockey.ca\/fr\/album-photos-un-premier-match-international-pour-thora-rae\/\" \/>\n<meta property=\"og:locale\" content=\"fr_CA\" \/>\n<meta property=\"og:type\" content=\"article\" \/>\n<meta property=\"og:title\" content=\"Album photos : Un premier match international pour Thora Rae - Field Hockey Canada\" \/>\n<meta property=\"og:description\" content=\"L\u2019attaquante de 16 ans Thora Rae a jou\u00e9 son premier match international pour le Canada dans le premier de deux matchs amicaux du Canada contre la Nouvelle-Z\u00e9lande ce weekend.\" \/>\n<meta property=\"og:url\" content=\"https:\/\/fieldhockey.ca\/fr\/album-photos-un-premier-match-international-pour-thora-rae\/\" \/>\n<meta property=\"og:site_name\" content=\"Field Hockey Canada\" \/>\n<meta property=\"article:published_time\" content=\"2016-03-28T04:45:12+00:00\" \/>\n<meta property=\"article:modified_time\" content=\"2016-04-08T04:46:46+00:00\" \/>\n<meta property=\"og:image\" content=\"https:\/\/fieldhockey.ca\/wp-content\/uploads\/2016\/02\/2016_0224_wnt_training_web-9-e1456774825792.jpg\" \/>\n\t<meta property=\"og:image:width\" content=\"800\" \/>\n\t<meta property=\"og:image:height\" content=\"533\" \/>\n\t<meta property=\"og:image:type\" content=\"image\/jpeg\" \/>\n<meta name=\"author\" content=\"Shaheed Devji\" \/>\n<meta name=\"twitter:card\" content=\"summary_large_image\" \/>\n<meta name=\"twitter:label1\" content=\"\u00c9crit par\" \/>\n\t<meta name=\"twitter:data1\" content=\"Shaheed Devji\" \/>\n\t<meta name=\"twitter:label2\" content=\"Estimation du temps de lecture\" \/>\n\t<meta name=\"twitter:data2\" content=\"1 minute\" \/>\n<script type=\"application\/ld+json\" class=\"yoast-schema-graph\">{\"@context\":\"https:\/\/schema.org\",\"@graph\":[{\"@type\":\"Article\",\"@id\":\"https:\/\/fieldhockey.ca\/fr\/album-photos-un-premier-match-international-pour-thora-rae\/#article\",\"isPartOf\":{\"@id\":\"https:\/\/fieldhockey.ca\/fr\/album-photos-un-premier-match-international-pour-thora-rae\/\"},\"author\":{\"name\":\"Shaheed Devji\",\"@id\":\"https:\/\/fieldhockey.ca\/#\/schema\/person\/50e31731c0dc1372ccbc6648eb025b69\"},\"headline\":\"Album photos : Un premier match international pour Thora Rae\",\"datePublished\":\"2016-03-28T04:45:12+00:00\",\"dateModified\":\"2016-04-08T04:46:46+00:00\",\"mainEntityOfPage\":{\"@id\":\"https:\/\/fieldhockey.ca\/fr\/album-photos-un-premier-match-international-pour-thora-rae\/\"},\"wordCount\":284,\"image\":{\"@id\":\"https:\/\/fieldhockey.ca\/fr\/album-photos-un-premier-match-international-pour-thora-rae\/#primaryimage\"},\"thumbnailUrl\":\"https:\/\/fieldhockey.ca\/wp-content\/uploads\/2016\/02\/2016_0224_wnt_training_web-9-e1456774825792.jpg\",\"articleSection\":[\"Non classifi\u00e9(e)\"],\"inLanguage\":\"fr-CA\"},{\"@type\":\"WebPage\",\"@id\":\"https:\/\/fieldhockey.ca\/fr\/album-photos-un-premier-match-international-pour-thora-rae\/\",\"url\":\"https:\/\/fieldhockey.ca\/fr\/album-photos-un-premier-match-international-pour-thora-rae\/\",\"name\":\"Album photos : Un premier match international pour Thora Rae - Field Hockey Canada\",\"isPartOf\":{\"@id\":\"https:\/\/fieldhockey.ca\/#website\"},\"primaryImageOfPage\":{\"@id\":\"https:\/\/fieldhockey.ca\/fr\/album-photos-un-premier-match-international-pour-thora-rae\/#primaryimage\"},\"image\":{\"@id\":\"https:\/\/fieldhockey.ca\/fr\/album-photos-un-premier-match-international-pour-thora-rae\/#primaryimage\"},\"thumbnailUrl\":\"https:\/\/fieldhockey.ca\/wp-content\/uploads\/2016\/02\/2016_0224_wnt_training_web-9-e1456774825792.jpg\",\"datePublished\":\"2016-03-28T04:45:12+00:00\",\"dateModified\":\"2016-04-08T04:46:46+00:00\",\"author\":{\"@id\":\"https:\/\/fieldhockey.ca\/#\/schema\/person\/50e31731c0dc1372ccbc6648eb025b69\"},\"breadcrumb\":{\"@id\":\"https:\/\/fieldhockey.ca\/fr\/album-photos-un-premier-match-international-pour-thora-rae\/#breadcrumb\"},\"inLanguage\":\"fr-CA\",\"potentialAction\":[{\"@type\":\"ReadAction\",\"target\":[\"https:\/\/fieldhockey.ca\/fr\/album-photos-un-premier-match-international-pour-thora-rae\/\"]}]},{\"@type\":\"ImageObject\",\"inLanguage\":\"fr-CA\",\"@id\":\"https:\/\/fieldhockey.ca\/fr\/album-photos-un-premier-match-international-pour-thora-rae\/#primaryimage\",\"url\":\"https:\/\/fieldhockey.ca\/wp-content\/uploads\/2016\/02\/2016_0224_wnt_training_web-9-e1456774825792.jpg\",\"contentUrl\":\"https:\/\/fieldhockey.ca\/wp-content\/uploads\/2016\/02\/2016_0224_wnt_training_web-9-e1456774825792.jpg\",\"width\":800,\"height\":533,\"caption\":\"Womens National Team. Thora Rae. Training: February 24, 2015.\"},{\"@type\":\"BreadcrumbList\",\"@id\":\"https:\/\/fieldhockey.ca\/fr\/album-photos-un-premier-match-international-pour-thora-rae\/#breadcrumb\",\"itemListElement\":[{\"@type\":\"ListItem\",\"position\":1,\"name\":\"Home\",\"item\":\"https:\/\/fieldhockey.ca\/fr\/\"},{\"@type\":\"ListItem\",\"position\":2,\"name\":\"Album photos : Un premier match international pour Thora Rae\"}]},{\"@type\":\"WebSite\",\"@id\":\"https:\/\/fieldhockey.ca\/#website\",\"url\":\"https:\/\/fieldhockey.ca\/\",\"name\":\"Field Hockey Canada\",\"description\":\"Canada\u2019s governing body for field hockey\",\"potentialAction\":[{\"@type\":\"SearchAction\",\"target\":{\"@type\":\"EntryPoint\",\"urlTemplate\":\"https:\/\/fieldhockey.ca\/?s={search_term_string}\"},\"query-input\":{\"@type\":\"PropertyValueSpecification\",\"valueRequired\":true,\"valueName\":\"search_term_string\"}}],\"inLanguage\":\"fr-CA\"},{\"@type\":\"Person\",\"@id\":\"https:\/\/fieldhockey.ca\/#\/schema\/person\/50e31731c0dc1372ccbc6648eb025b69\",\"name\":\"Shaheed Devji\",\"image\":{\"@type\":\"ImageObject\",\"inLanguage\":\"fr-CA\",\"@id\":\"https:\/\/fieldhockey.ca\/#\/schema\/person\/image\/\",\"url\":\"https:\/\/secure.gravatar.com\/avatar\/49061c22a578dac59664dd0e0b494915a95e82e375ffbf34b9951f47077e18a9?s=96&d=mm&r=g\",\"contentUrl\":\"https:\/\/secure.gravatar.com\/avatar\/49061c22a578dac59664dd0e0b494915a95e82e375ffbf34b9951f47077e18a9?s=96&d=mm&r=g\",\"caption\":\"Shaheed Devji\"},\"url\":\"https:\/\/fieldhockey.ca\/fr\/author\/shaheed\/\"}]}<\/script>\n<!-- \/ Yoast SEO plugin. -->","yoast_head_json":{"title":"Album photos : Un premier match international pour Thora Rae - Field Hockey Canada","robots":{"index":"index","follow":"follow","max-snippet":"max-snippet:-1","max-image-preview":"max-image-preview:large","max-video-preview":"max-video-preview:-1"},"canonical":"https:\/\/fieldhockey.ca\/fr\/album-photos-un-premier-match-international-pour-thora-rae\/","og_locale":"fr_CA","og_type":"article","og_title":"Album photos : Un premier match international pour Thora Rae - Field Hockey Canada","og_description":"L\u2019attaquante de 16 ans Thora Rae a jou\u00e9 son premier match international pour le Canada dans le premier de deux matchs amicaux du Canada contre la Nouvelle-Z\u00e9lande ce weekend.","og_url":"https:\/\/fieldhockey.ca\/fr\/album-photos-un-premier-match-international-pour-thora-rae\/","og_site_name":"Field Hockey Canada","article_published_time":"2016-03-28T04:45:12+00:00","article_modified_time":"2016-04-08T04:46:46+00:00","og_image":[{"width":800,"height":533,"url":"https:\/\/fieldhockey.ca\/wp-content\/uploads\/2016\/02\/2016_0224_wnt_training_web-9-e1456774825792.jpg","type":"image\/jpeg"}],"author":"Shaheed Devji","twitter_card":"summary_large_image","twitter_misc":{"\u00c9crit par":"Shaheed Devji","Estimation du temps de lecture":"1 minute"},"schema":{"@context":"https:\/\/schema.org","@graph":[{"@type":"Article","@id":"https:\/\/fieldhockey.ca\/fr\/album-photos-un-premier-match-international-pour-thora-rae\/#article","isPartOf":{"@id":"https:\/\/fieldhockey.ca\/fr\/album-photos-un-premier-match-international-pour-thora-rae\/"},"author":{"name":"Shaheed Devji","@id":"https:\/\/fieldhockey.ca\/#\/schema\/person\/50e31731c0dc1372ccbc6648eb025b69"},"headline":"Album photos : Un premier match international pour Thora Rae","datePublished":"2016-03-28T04:45:12+00:00","dateModified":"2016-04-08T04:46:46+00:00","mainEntityOfPage":{"@id":"https:\/\/fieldhockey.ca\/fr\/album-photos-un-premier-match-international-pour-thora-rae\/"},"wordCount":284,"image":{"@id":"https:\/\/fieldhockey.ca\/fr\/album-photos-un-premier-match-international-pour-thora-rae\/#primaryimage"},"thumbnailUrl":"https:\/\/fieldhockey.ca\/wp-content\/uploads\/2016\/02\/2016_0224_wnt_training_web-9-e1456774825792.jpg","articleSection":["Non classifi\u00e9(e)"],"inLanguage":"fr-CA"},{"@type":"WebPage","@id":"https:\/\/fieldhockey.ca\/fr\/album-photos-un-premier-match-international-pour-thora-rae\/","url":"https:\/\/fieldhockey.ca\/fr\/album-photos-un-premier-match-international-pour-thora-rae\/","name":"Album photos : Un premier match international pour Thora Rae - Field Hockey Canada","isPartOf":{"@id":"https:\/\/fieldhockey.ca\/#website"},"primaryImageOfPage":{"@id":"https:\/\/fieldhockey.ca\/fr\/album-photos-un-premier-match-international-pour-thora-rae\/#primaryimage"},"image":{"@id":"https:\/\/fieldhockey.ca\/fr\/album-photos-un-premier-match-international-pour-thora-rae\/#primaryimage"},"thumbnailUrl":"https:\/\/fieldhockey.ca\/wp-content\/uploads\/2016\/02\/2016_0224_wnt_training_web-9-e1456774825792.jpg","datePublished":"2016-03-28T04:45:12+00:00","dateModified":"2016-04-08T04:46:46+00:00","author":{"@id":"https:\/\/fieldhockey.ca\/#\/schema\/person\/50e31731c0dc1372ccbc6648eb025b69"},"breadcrumb":{"@id":"https:\/\/fieldhockey.ca\/fr\/album-photos-un-premier-match-international-pour-thora-rae\/#breadcrumb"},"inLanguage":"fr-CA","potentialAction":[{"@type":"ReadAction","target":["https:\/\/fieldhockey.ca\/fr\/album-photos-un-premier-match-international-pour-thora-rae\/"]}]},{"@type":"ImageObject","inLanguage":"fr-CA","@id":"https:\/\/fieldhockey.ca\/fr\/album-photos-un-premier-match-international-pour-thora-rae\/#primaryimage","url":"https:\/\/fieldhockey.ca\/wp-content\/uploads\/2016\/02\/2016_0224_wnt_training_web-9-e1456774825792.jpg","contentUrl":"https:\/\/fieldhockey.ca\/wp-content\/uploads\/2016\/02\/2016_0224_wnt_training_web-9-e1456774825792.jpg","width":800,"height":533,"caption":"Womens National Team. Thora Rae. Training: February 24, 2015."},{"@type":"BreadcrumbList","@id":"https:\/\/fieldhockey.ca\/fr\/album-photos-un-premier-match-international-pour-thora-rae\/#breadcrumb","itemListElement":[{"@type":"ListItem","position":1,"name":"Home","item":"https:\/\/fieldhockey.ca\/fr\/"},{"@type":"ListItem","position":2,"name":"Album photos : Un premier match international pour Thora Rae"}]},{"@type":"WebSite","@id":"https:\/\/fieldhockey.ca\/#website","url":"https:\/\/fieldhockey.ca\/","name":"Field Hockey Canada","description":"Canada\u2019s governing body for field hockey","potentialAction":[{"@type":"SearchAction","target":{"@type":"EntryPoint","urlTemplate":"https:\/\/fieldhockey.ca\/?s={search_term_string}"},"query-input":{"@type":"PropertyValueSpecification","valueRequired":true,"valueName":"search_term_string"}}],"inLanguage":"fr-CA"},{"@type":"Person","@id":"https:\/\/fieldhockey.ca\/#\/schema\/person\/50e31731c0dc1372ccbc6648eb025b69","name":"Shaheed Devji","image":{"@type":"ImageObject","inLanguage":"fr-CA","@id":"https:\/\/fieldhockey.ca\/#\/schema\/person\/image\/","url":"https:\/\/secure.gravatar.com\/avatar\/49061c22a578dac59664dd0e0b494915a95e82e375ffbf34b9951f47077e18a9?s=96&d=mm&r=g","contentUrl":"https:\/\/secure.gravatar.com\/avatar\/49061c22a578dac59664dd0e0b494915a95e82e375ffbf34b9951f47077e18a9?s=96&d=mm&r=g","caption":"Shaheed Devji"},"url":"https:\/\/fieldhockey.ca\/fr\/author\/shaheed\/"}]}},"_links":{"self":[{"href":"https:\/\/fieldhockey.ca\/fr\/wp-json\/wp\/v2\/posts\/22432","targetHints":{"allow":["GET"]}}],"collection":[{"href":"https:\/\/fieldhockey.ca\/fr\/wp-json\/wp\/v2\/posts"}],"about":[{"href":"https:\/\/fieldhockey.ca\/fr\/wp-json\/wp\/v2\/types\/post"}],"author":[{"embeddable":true,"href":"https:\/\/fieldhockey.ca\/fr\/wp-json\/wp\/v2\/users\/4"}],"replies":[{"embeddable":true,"href":"https:\/\/fieldhockey.ca\/fr\/wp-json\/wp\/v2\/comments?post=22432"}],"version-history":[{"count":2,"href":"https:\/\/fieldhockey.ca\/fr\/wp-json\/wp\/v2\/posts\/22432\/revisions"}],"predecessor-version":[{"id":22434,"href":"https:\/\/fieldhockey.ca\/fr\/wp-json\/wp\/v2\/posts\/22432\/revisions\/22434"}],"wp:featuredmedia":[{"embeddable":true,"href":"https:\/\/fieldhockey.ca\/fr\/wp-json\/wp\/v2\/media\/21841"}],"wp:attachment":[{"href":"https:\/\/fieldhockey.ca\/fr\/wp-json\/wp\/v2\/media?parent=22432"}],"wp:term":[{"taxonomy":"category","embeddable":true,"href":"https:\/\/fieldhockey.ca\/fr\/wp-json\/wp\/v2\/categories?post=22432"},{"taxonomy":"post_tag","embeddable":true,"href":"https:\/\/fieldhockey.ca\/fr\/wp-json\/wp\/v2\/tags?post=22432"}],"curies":[{"name":"wp","href":"https:\/\/api.w.org\/{rel}","templated":true}]}}