{"id":22829,"date":"2016-05-16T12:40:41","date_gmt":"2016-05-16T19:40:41","guid":{"rendered":"http:\/\/www.fieldhockey.ca\/fr\/?p=22829"},"modified":"2016-05-19T12:41:33","modified_gmt":"2016-05-19T19:41:33","slug":"lequipe-nationale-masculine-tourne-son-regard-vers-leurope-apres-une-semaine-de-camp","status":"publish","type":"post","link":"https:\/\/fieldhockey.ca\/fr\/lequipe-nationale-masculine-tourne-son-regard-vers-leurope-apres-une-semaine-de-camp\/","title":{"rendered":"L\u2019\u00e9quipe nationale masculine tourne son regard vers l\u2019Europe apr\u00e8s une semaine de camp"},"content":{"rendered":"<p>La derni\u00e8re semaine n\u2019a pas g\u00e9n\u00e9r\u00e9 autant d\u2019attention internationale que des comp\u00e9titions comme le r\u00e9cent tournoi de la Coupe du Sultan Azlan Shah et les Jeux olympiques \u00e0 venir, mais les s\u00e9ances d\u2019entra\u00eenement de l\u2019\u00e9quipe masculine de hockey sur gazon du Canada \u00e9taient aussi importantes et intenses que ces \u00e9v\u00e9nements.<\/p>\n<p>Avec une s\u00e9lection \u00e0 venir \u00e0 la fin de la semaine en vue du voyage de juin en Europe (la derni\u00e8re tourn\u00e9e avant la s\u00e9lection olympique), les Canadiens ont connu une semaine de style camp d\u2019entra\u00eenement avec sept s\u00e9ances sur le terrain en cinq jours la semaine derni\u00e8re.<\/p>\n<p>\u00ab&nbsp;Le calendrier \u00e9tait diff\u00e9rent avec une session par jour&nbsp;\u00bb, raconte le d\u00e9fenseur Adam Froese qui \u00e9tait un de 18 athl\u00e8tes qui a fait le voyage en Malaisie en avril pour la Coupe Azlan Shah. \u00ab&nbsp;Je sais que les gars \u00e9taient plut\u00f4t \u00e9puis\u00e9s \u00e0 la fin de la semaine. Cela fait partie des pr\u00e9paratifs.&nbsp;\u00bb<\/p>\n<p>\u00c0 la fin d\u2019une p\u00e9riode d\u2019entra\u00eenement qui a d\u00e9marr\u00e9 \u00e0 la fin d\u2019avril au retour de la Malaisie, le mini-camp \u00e9tait lourd de sens en vue des Jeux olympiques.<\/p>\n<p>Il est pr\u00e9vu que 20 joueurs seront choisis pour la tourn\u00e9e europ\u00e9enne et logiquement les 16 joueurs (et deux r\u00e9servistes) pour les Jeux olympiques proviendront de ce groupe de 20 athl\u00e8tes qui iront en Europe.<\/p>\n<p>Cela signifie que de se tailler une place au sein du groupe europ\u00e9en est important et par ricochet, la derni\u00e8re semaine \u00e9tait essentielle pour laisser une bonne derni\u00e8re impression avant que le couperet tombe.<\/p>\n<p>\u00ab&nbsp;L\u2019important est de pouvoir obtenir le meilleur regard possible sur les gars dans la prise de d\u00e9cision pour Rio, mais aussi pour l\u2019Europe&nbsp;\u00bb, indique Anthony Farry, entra\u00eeneur-chef de l\u2019\u00c9quipe nationale masculine. \u00ab&nbsp;Offrir aux gars qui ne sont pas all\u00e9s au Azlan Shah une occasion \u00e9quitable de se mesurer aux autres gars.&nbsp;\u00bb<\/p>\n<p>En plus de l\u2019entra\u00eenement sur le terrain, les gars ont mis les bouch\u00e9es doubles au chapitre du conditionnement physique lors de ce bloc d\u2019entra\u00eenement, et plus particuli\u00e8rement au cours des derni\u00e8res semaines.<\/p>\n<p>Peu importe si on parle des courses chronom\u00e9tr\u00e9es apr\u00e8s l\u2019entra\u00eenement ou des missions d\u2019orientation d\u2019\u00e9quipe dans le secteur autour du site d\u2019entra\u00eenement, l\u2019accent a \u00e9t\u00e9 mis sur le conditionnement physique autant que sur l\u2019entra\u00eenement technique au cours des derni\u00e8res semaines.<\/p>\n<p>\u00ab&nbsp;Dans un contexte de tournoi olympique avec des matchs vers la fin de la ronde pr\u00e9liminaire contre l\u2019Irlande ou l\u2019Inde, nous aurons peut-\u00eatre devoir gagner ces deux matchs&nbsp;\u00bb, ajoute Farry. \u00ab&nbsp;Plusieurs facteurs viendront \u00e9puiser les gars.&nbsp;\u00bb<\/p>\n<p>\u00ab&nbsp;Nous voulions voir comment chacun performait \u00e0 la fin de la semaine quand la fatigue s\u2019accumulait.&nbsp;\u00bb<\/p>\n<p>Dans une ann\u00e9e typique, le r\u00e9cent calendrier pourrait et serait consid\u00e9r\u00e9 comme \u00e9puisant, mais cette ann\u00e9e n\u2019est pas une ann\u00e9e typique.<\/p>\n<p>\u00c0 moins de trois mois des Jeux olympiques, les Canadiens connaissent l\u2019importance du dernier bloc d\u2019entra\u00eenement. Connaissant aussi les implications de la prochaine s\u00e9lection europ\u00e9enne en vue des Jeux olympiques, les gars savaient aussi qu\u2019il n\u2019y avait aucun moment pour ralentir la cadence.<\/p>\n<p>\u00ab&nbsp;On s\u2019entra\u00eene chaque cycle de quatre ans pour les tournois d\u2019envergure comme la Coupe du Monde et les Jeux olympiques&nbsp;\u00bb, ajoute Froese, qui esp\u00e8re participer \u00e0 ses premiers Jeux cet \u00e9t\u00e9 \u00e0 Rio. \u00ab&nbsp;C\u2019est un peu \u00e9tranger de penser qu\u2019il ne reste plus que deux mois et demi \u00e0 ces quatre ann\u00e9es. Tout cet entra\u00eenement pour deux semaines et demie de comp\u00e9tition. Je crois que les gars commencent \u00e0 voir qu\u2019on est de plus en plus proche.&nbsp;\u00bb<\/p>\n<p>L\u2019\u00c9quipe nationale masculine profite d\u2019une semaine bien m\u00e9rit\u00e9e de r\u00e9cup\u00e9ration cette semaine avant de revenir \u00e0 l\u2019entra\u00eenement la semaine prochaine apr\u00e8s la nomination du groupe pour la tourn\u00e9e europ\u00e9enne.<\/p>\n<p>L\u2019\u00e9quipe prendra ensuite la direction de l\u2019Europe, le 9 juin, d\u2019abord en Irlande puis au Royaume-Uni pour une s\u00e9rie d\u2019entra\u00eenements et de matchs amicaux contre l\u2019Irlande et l\u2019Espagne, deux autres \u00e9quipes qualifi\u00e9es pour les Jeux de Rio.<\/p>\n<p>L\u2019alignement olympique devrait \u00eatre nomm\u00e9 lors de la premi\u00e8re semaine de juillet alors que les Jeux olympiques d\u00e9marreront le 5 ao\u00fbt avec les c\u00e9r\u00e9monies d\u2019ouverture.<\/p>\n","protected":false},"excerpt":{"rendered":"<p>La derni\u00e8re semaine n\u2019a pas g\u00e9n\u00e9r\u00e9 autant d\u2019attention internationale que des comp\u00e9titions comme le r\u00e9cent tournoi de la Coupe du Sultan Azlan Shah et les Jeux olympiques \u00e0 venir, mais les s\u00e9ances d\u2019entra\u00eenement de l\u2019\u00e9quipe masculine de hockey sur gazon du Canada \u00e9taient aussi importantes et intenses que ces \u00e9v\u00e9nements.<\/p>\n","protected":false},"author":4,"featured_media":22812,"comment_status":"closed","ping_status":"open","sticky":false,"template":"","format":"standard","meta":{"footnotes":""},"categories":[365],"tags":[],"class_list":["post-22829","post","type-post","status-publish","format-standard","has-post-thumbnail","hentry","category-non-classifiee"],"yoast_head":"<!-- This site is optimized with the Yoast SEO plugin v26.8 - https:\/\/yoast.com\/product\/yoast-seo-wordpress\/ -->\n<title>L\u2019\u00e9quipe nationale masculine tourne son regard vers l\u2019Europe apr\u00e8s une semaine de camp - Field Hockey Canada<\/title>\n<meta name=\"robots\" content=\"index, follow, max-snippet:-1, max-image-preview:large, max-video-preview:-1\" \/>\n<link rel=\"canonical\" href=\"https:\/\/fieldhockey.ca\/fr\/lequipe-nationale-masculine-tourne-son-regard-vers-leurope-apres-une-semaine-de-camp\/\" \/>\n<meta property=\"og:locale\" content=\"fr_CA\" \/>\n<meta property=\"og:type\" content=\"article\" \/>\n<meta property=\"og:title\" content=\"L\u2019\u00e9quipe nationale masculine tourne son regard vers l\u2019Europe apr\u00e8s une semaine de camp - Field Hockey Canada\" \/>\n<meta property=\"og:description\" content=\"La derni\u00e8re semaine n\u2019a pas g\u00e9n\u00e9r\u00e9 autant d\u2019attention internationale que des comp\u00e9titions comme le r\u00e9cent tournoi de la Coupe du Sultan Azlan Shah et les Jeux olympiques \u00e0 venir, mais les s\u00e9ances d\u2019entra\u00eenement de l\u2019\u00e9quipe masculine de hockey sur gazon du Canada \u00e9taient aussi importantes et intenses que ces \u00e9v\u00e9nements.\" \/>\n<meta property=\"og:url\" content=\"https:\/\/fieldhockey.ca\/fr\/lequipe-nationale-masculine-tourne-son-regard-vers-leurope-apres-une-semaine-de-camp\/\" \/>\n<meta property=\"og:site_name\" content=\"Field Hockey Canada\" \/>\n<meta property=\"article:published_time\" content=\"2016-05-16T19:40:41+00:00\" \/>\n<meta property=\"article:modified_time\" content=\"2016-05-19T19:41:33+00:00\" \/>\n<meta property=\"og:image\" content=\"https:\/\/fieldhockey.ca\/wp-content\/uploads\/2016\/05\/2016_0426_mnt_training_sm-9-e1463409395575.jpg\" \/>\n\t<meta property=\"og:image:width\" content=\"850\" \/>\n\t<meta property=\"og:image:height\" content=\"567\" \/>\n\t<meta property=\"og:image:type\" content=\"image\/jpeg\" \/>\n<meta name=\"author\" content=\"Shaheed Devji\" \/>\n<meta name=\"twitter:card\" content=\"summary_large_image\" \/>\n<meta name=\"twitter:label1\" content=\"\u00c9crit par\" \/>\n\t<meta name=\"twitter:data1\" content=\"Shaheed Devji\" \/>\n\t<meta name=\"twitter:label2\" content=\"Estimation du temps de lecture\" \/>\n\t<meta name=\"twitter:data2\" content=\"4 minutes\" \/>\n<script type=\"application\/ld+json\" class=\"yoast-schema-graph\">{\"@context\":\"https:\/\/schema.org\",\"@graph\":[{\"@type\":\"Article\",\"@id\":\"https:\/\/fieldhockey.ca\/fr\/lequipe-nationale-masculine-tourne-son-regard-vers-leurope-apres-une-semaine-de-camp\/#article\",\"isPartOf\":{\"@id\":\"https:\/\/fieldhockey.ca\/fr\/lequipe-nationale-masculine-tourne-son-regard-vers-leurope-apres-une-semaine-de-camp\/\"},\"author\":{\"name\":\"Shaheed Devji\",\"@id\":\"https:\/\/fieldhockey.ca\/#\/schema\/person\/50e31731c0dc1372ccbc6648eb025b69\"},\"headline\":\"L\u2019\u00e9quipe nationale masculine tourne son regard vers l\u2019Europe apr\u00e8s une semaine de camp\",\"datePublished\":\"2016-05-16T19:40:41+00:00\",\"dateModified\":\"2016-05-19T19:41:33+00:00\",\"mainEntityOfPage\":{\"@id\":\"https:\/\/fieldhockey.ca\/fr\/lequipe-nationale-masculine-tourne-son-regard-vers-leurope-apres-une-semaine-de-camp\/\"},\"wordCount\":792,\"image\":{\"@id\":\"https:\/\/fieldhockey.ca\/fr\/lequipe-nationale-masculine-tourne-son-regard-vers-leurope-apres-une-semaine-de-camp\/#primaryimage\"},\"thumbnailUrl\":\"https:\/\/fieldhockey.ca\/wp-content\/uploads\/2016\/05\/2016_0426_mnt_training_sm-9-e1463409395575.jpg\",\"articleSection\":[\"Non classifi\u00e9(e)\"],\"inLanguage\":\"fr-CA\"},{\"@type\":\"WebPage\",\"@id\":\"https:\/\/fieldhockey.ca\/fr\/lequipe-nationale-masculine-tourne-son-regard-vers-leurope-apres-une-semaine-de-camp\/\",\"url\":\"https:\/\/fieldhockey.ca\/fr\/lequipe-nationale-masculine-tourne-son-regard-vers-leurope-apres-une-semaine-de-camp\/\",\"name\":\"L\u2019\u00e9quipe nationale masculine tourne son regard vers l\u2019Europe apr\u00e8s une semaine de camp - Field Hockey Canada\",\"isPartOf\":{\"@id\":\"https:\/\/fieldhockey.ca\/#website\"},\"primaryImageOfPage\":{\"@id\":\"https:\/\/fieldhockey.ca\/fr\/lequipe-nationale-masculine-tourne-son-regard-vers-leurope-apres-une-semaine-de-camp\/#primaryimage\"},\"image\":{\"@id\":\"https:\/\/fieldhockey.ca\/fr\/lequipe-nationale-masculine-tourne-son-regard-vers-leurope-apres-une-semaine-de-camp\/#primaryimage\"},\"thumbnailUrl\":\"https:\/\/fieldhockey.ca\/wp-content\/uploads\/2016\/05\/2016_0426_mnt_training_sm-9-e1463409395575.jpg\",\"datePublished\":\"2016-05-16T19:40:41+00:00\",\"dateModified\":\"2016-05-19T19:41:33+00:00\",\"author\":{\"@id\":\"https:\/\/fieldhockey.ca\/#\/schema\/person\/50e31731c0dc1372ccbc6648eb025b69\"},\"breadcrumb\":{\"@id\":\"https:\/\/fieldhockey.ca\/fr\/lequipe-nationale-masculine-tourne-son-regard-vers-leurope-apres-une-semaine-de-camp\/#breadcrumb\"},\"inLanguage\":\"fr-CA\",\"potentialAction\":[{\"@type\":\"ReadAction\",\"target\":[\"https:\/\/fieldhockey.ca\/fr\/lequipe-nationale-masculine-tourne-son-regard-vers-leurope-apres-une-semaine-de-camp\/\"]}]},{\"@type\":\"ImageObject\",\"inLanguage\":\"fr-CA\",\"@id\":\"https:\/\/fieldhockey.ca\/fr\/lequipe-nationale-masculine-tourne-son-regard-vers-leurope-apres-une-semaine-de-camp\/#primaryimage\",\"url\":\"https:\/\/fieldhockey.ca\/wp-content\/uploads\/2016\/05\/2016_0426_mnt_training_sm-9-e1463409395575.jpg\",\"contentUrl\":\"https:\/\/fieldhockey.ca\/wp-content\/uploads\/2016\/05\/2016_0426_mnt_training_sm-9-e1463409395575.jpg\",\"width\":850,\"height\":567,\"caption\":\"Men's National Team training in West Vancouver. Adam Froese (left), Paul Wharton (right).\"},{\"@type\":\"BreadcrumbList\",\"@id\":\"https:\/\/fieldhockey.ca\/fr\/lequipe-nationale-masculine-tourne-son-regard-vers-leurope-apres-une-semaine-de-camp\/#breadcrumb\",\"itemListElement\":[{\"@type\":\"ListItem\",\"position\":1,\"name\":\"Home\",\"item\":\"https:\/\/fieldhockey.ca\/fr\/\"},{\"@type\":\"ListItem\",\"position\":2,\"name\":\"L\u2019\u00e9quipe nationale masculine tourne son regard vers l\u2019Europe apr\u00e8s une semaine de camp\"}]},{\"@type\":\"WebSite\",\"@id\":\"https:\/\/fieldhockey.ca\/#website\",\"url\":\"https:\/\/fieldhockey.ca\/\",\"name\":\"Field Hockey Canada\",\"description\":\"Canada\u2019s governing body for field hockey\",\"potentialAction\":[{\"@type\":\"SearchAction\",\"target\":{\"@type\":\"EntryPoint\",\"urlTemplate\":\"https:\/\/fieldhockey.ca\/?s={search_term_string}\"},\"query-input\":{\"@type\":\"PropertyValueSpecification\",\"valueRequired\":true,\"valueName\":\"search_term_string\"}}],\"inLanguage\":\"fr-CA\"},{\"@type\":\"Person\",\"@id\":\"https:\/\/fieldhockey.ca\/#\/schema\/person\/50e31731c0dc1372ccbc6648eb025b69\",\"name\":\"Shaheed Devji\",\"image\":{\"@type\":\"ImageObject\",\"inLanguage\":\"fr-CA\",\"@id\":\"https:\/\/fieldhockey.ca\/#\/schema\/person\/image\/\",\"url\":\"https:\/\/secure.gravatar.com\/avatar\/49061c22a578dac59664dd0e0b494915a95e82e375ffbf34b9951f47077e18a9?s=96&d=mm&r=g\",\"contentUrl\":\"https:\/\/secure.gravatar.com\/avatar\/49061c22a578dac59664dd0e0b494915a95e82e375ffbf34b9951f47077e18a9?s=96&d=mm&r=g\",\"caption\":\"Shaheed Devji\"},\"url\":\"https:\/\/fieldhockey.ca\/fr\/author\/shaheed\/\"}]}<\/script>\n<!-- \/ Yoast SEO plugin. -->","yoast_head_json":{"title":"L\u2019\u00e9quipe nationale masculine tourne son regard vers l\u2019Europe apr\u00e8s une semaine de camp - Field Hockey Canada","robots":{"index":"index","follow":"follow","max-snippet":"max-snippet:-1","max-image-preview":"max-image-preview:large","max-video-preview":"max-video-preview:-1"},"canonical":"https:\/\/fieldhockey.ca\/fr\/lequipe-nationale-masculine-tourne-son-regard-vers-leurope-apres-une-semaine-de-camp\/","og_locale":"fr_CA","og_type":"article","og_title":"L\u2019\u00e9quipe nationale masculine tourne son regard vers l\u2019Europe apr\u00e8s une semaine de camp - Field Hockey Canada","og_description":"La derni\u00e8re semaine n\u2019a pas g\u00e9n\u00e9r\u00e9 autant d\u2019attention internationale que des comp\u00e9titions comme le r\u00e9cent tournoi de la Coupe du Sultan Azlan Shah et les Jeux olympiques \u00e0 venir, mais les s\u00e9ances d\u2019entra\u00eenement de l\u2019\u00e9quipe masculine de hockey sur gazon du Canada \u00e9taient aussi importantes et intenses que ces \u00e9v\u00e9nements.","og_url":"https:\/\/fieldhockey.ca\/fr\/lequipe-nationale-masculine-tourne-son-regard-vers-leurope-apres-une-semaine-de-camp\/","og_site_name":"Field Hockey Canada","article_published_time":"2016-05-16T19:40:41+00:00","article_modified_time":"2016-05-19T19:41:33+00:00","og_image":[{"width":850,"height":567,"url":"https:\/\/fieldhockey.ca\/wp-content\/uploads\/2016\/05\/2016_0426_mnt_training_sm-9-e1463409395575.jpg","type":"image\/jpeg"}],"author":"Shaheed Devji","twitter_card":"summary_large_image","twitter_misc":{"\u00c9crit par":"Shaheed Devji","Estimation du temps de lecture":"4 minutes"},"schema":{"@context":"https:\/\/schema.org","@graph":[{"@type":"Article","@id":"https:\/\/fieldhockey.ca\/fr\/lequipe-nationale-masculine-tourne-son-regard-vers-leurope-apres-une-semaine-de-camp\/#article","isPartOf":{"@id":"https:\/\/fieldhockey.ca\/fr\/lequipe-nationale-masculine-tourne-son-regard-vers-leurope-apres-une-semaine-de-camp\/"},"author":{"name":"Shaheed Devji","@id":"https:\/\/fieldhockey.ca\/#\/schema\/person\/50e31731c0dc1372ccbc6648eb025b69"},"headline":"L\u2019\u00e9quipe nationale masculine tourne son regard vers l\u2019Europe apr\u00e8s une semaine de camp","datePublished":"2016-05-16T19:40:41+00:00","dateModified":"2016-05-19T19:41:33+00:00","mainEntityOfPage":{"@id":"https:\/\/fieldhockey.ca\/fr\/lequipe-nationale-masculine-tourne-son-regard-vers-leurope-apres-une-semaine-de-camp\/"},"wordCount":792,"image":{"@id":"https:\/\/fieldhockey.ca\/fr\/lequipe-nationale-masculine-tourne-son-regard-vers-leurope-apres-une-semaine-de-camp\/#primaryimage"},"thumbnailUrl":"https:\/\/fieldhockey.ca\/wp-content\/uploads\/2016\/05\/2016_0426_mnt_training_sm-9-e1463409395575.jpg","articleSection":["Non classifi\u00e9(e)"],"inLanguage":"fr-CA"},{"@type":"WebPage","@id":"https:\/\/fieldhockey.ca\/fr\/lequipe-nationale-masculine-tourne-son-regard-vers-leurope-apres-une-semaine-de-camp\/","url":"https:\/\/fieldhockey.ca\/fr\/lequipe-nationale-masculine-tourne-son-regard-vers-leurope-apres-une-semaine-de-camp\/","name":"L\u2019\u00e9quipe nationale masculine tourne son regard vers l\u2019Europe apr\u00e8s une semaine de camp - Field Hockey Canada","isPartOf":{"@id":"https:\/\/fieldhockey.ca\/#website"},"primaryImageOfPage":{"@id":"https:\/\/fieldhockey.ca\/fr\/lequipe-nationale-masculine-tourne-son-regard-vers-leurope-apres-une-semaine-de-camp\/#primaryimage"},"image":{"@id":"https:\/\/fieldhockey.ca\/fr\/lequipe-nationale-masculine-tourne-son-regard-vers-leurope-apres-une-semaine-de-camp\/#primaryimage"},"thumbnailUrl":"https:\/\/fieldhockey.ca\/wp-content\/uploads\/2016\/05\/2016_0426_mnt_training_sm-9-e1463409395575.jpg","datePublished":"2016-05-16T19:40:41+00:00","dateModified":"2016-05-19T19:41:33+00:00","author":{"@id":"https:\/\/fieldhockey.ca\/#\/schema\/person\/50e31731c0dc1372ccbc6648eb025b69"},"breadcrumb":{"@id":"https:\/\/fieldhockey.ca\/fr\/lequipe-nationale-masculine-tourne-son-regard-vers-leurope-apres-une-semaine-de-camp\/#breadcrumb"},"inLanguage":"fr-CA","potentialAction":[{"@type":"ReadAction","target":["https:\/\/fieldhockey.ca\/fr\/lequipe-nationale-masculine-tourne-son-regard-vers-leurope-apres-une-semaine-de-camp\/"]}]},{"@type":"ImageObject","inLanguage":"fr-CA","@id":"https:\/\/fieldhockey.ca\/fr\/lequipe-nationale-masculine-tourne-son-regard-vers-leurope-apres-une-semaine-de-camp\/#primaryimage","url":"https:\/\/fieldhockey.ca\/wp-content\/uploads\/2016\/05\/2016_0426_mnt_training_sm-9-e1463409395575.jpg","contentUrl":"https:\/\/fieldhockey.ca\/wp-content\/uploads\/2016\/05\/2016_0426_mnt_training_sm-9-e1463409395575.jpg","width":850,"height":567,"caption":"Men's National Team training in West Vancouver. Adam Froese (left), Paul Wharton (right)."},{"@type":"BreadcrumbList","@id":"https:\/\/fieldhockey.ca\/fr\/lequipe-nationale-masculine-tourne-son-regard-vers-leurope-apres-une-semaine-de-camp\/#breadcrumb","itemListElement":[{"@type":"ListItem","position":1,"name":"Home","item":"https:\/\/fieldhockey.ca\/fr\/"},{"@type":"ListItem","position":2,"name":"L\u2019\u00e9quipe nationale masculine tourne son regard vers l\u2019Europe apr\u00e8s une semaine de camp"}]},{"@type":"WebSite","@id":"https:\/\/fieldhockey.ca\/#website","url":"https:\/\/fieldhockey.ca\/","name":"Field Hockey Canada","description":"Canada\u2019s governing body for field hockey","potentialAction":[{"@type":"SearchAction","target":{"@type":"EntryPoint","urlTemplate":"https:\/\/fieldhockey.ca\/?s={search_term_string}"},"query-input":{"@type":"PropertyValueSpecification","valueRequired":true,"valueName":"search_term_string"}}],"inLanguage":"fr-CA"},{"@type":"Person","@id":"https:\/\/fieldhockey.ca\/#\/schema\/person\/50e31731c0dc1372ccbc6648eb025b69","name":"Shaheed Devji","image":{"@type":"ImageObject","inLanguage":"fr-CA","@id":"https:\/\/fieldhockey.ca\/#\/schema\/person\/image\/","url":"https:\/\/secure.gravatar.com\/avatar\/49061c22a578dac59664dd0e0b494915a95e82e375ffbf34b9951f47077e18a9?s=96&d=mm&r=g","contentUrl":"https:\/\/secure.gravatar.com\/avatar\/49061c22a578dac59664dd0e0b494915a95e82e375ffbf34b9951f47077e18a9?s=96&d=mm&r=g","caption":"Shaheed Devji"},"url":"https:\/\/fieldhockey.ca\/fr\/author\/shaheed\/"}]}},"_links":{"self":[{"href":"https:\/\/fieldhockey.ca\/fr\/wp-json\/wp\/v2\/posts\/22829","targetHints":{"allow":["GET"]}}],"collection":[{"href":"https:\/\/fieldhockey.ca\/fr\/wp-json\/wp\/v2\/posts"}],"about":[{"href":"https:\/\/fieldhockey.ca\/fr\/wp-json\/wp\/v2\/types\/post"}],"author":[{"embeddable":true,"href":"https:\/\/fieldhockey.ca\/fr\/wp-json\/wp\/v2\/users\/4"}],"replies":[{"embeddable":true,"href":"https:\/\/fieldhockey.ca\/fr\/wp-json\/wp\/v2\/comments?post=22829"}],"version-history":[{"count":2,"href":"https:\/\/fieldhockey.ca\/fr\/wp-json\/wp\/v2\/posts\/22829\/revisions"}],"predecessor-version":[{"id":22831,"href":"https:\/\/fieldhockey.ca\/fr\/wp-json\/wp\/v2\/posts\/22829\/revisions\/22831"}],"wp:featuredmedia":[{"embeddable":true,"href":"https:\/\/fieldhockey.ca\/fr\/wp-json\/wp\/v2\/media\/22812"}],"wp:attachment":[{"href":"https:\/\/fieldhockey.ca\/fr\/wp-json\/wp\/v2\/media?parent=22829"}],"wp:term":[{"taxonomy":"category","embeddable":true,"href":"https:\/\/fieldhockey.ca\/fr\/wp-json\/wp\/v2\/categories?post=22829"},{"taxonomy":"post_tag","embeddable":true,"href":"https:\/\/fieldhockey.ca\/fr\/wp-json\/wp\/v2\/tags?post=22829"}],"curies":[{"name":"wp","href":"https:\/\/api.w.org\/{rel}","templated":true}]}}