{"id":24193,"date":"2016-07-03T15:45:06","date_gmt":"2016-07-03T22:45:06","guid":{"rendered":"http:\/\/www.fieldhockey.ca\/fr\/?p=24193"},"modified":"2016-08-03T15:50:44","modified_gmt":"2016-08-03T22:50:44","slug":"apercu-olympique-carter-presente-son-masque-pour-rio","status":"publish","type":"post","link":"https:\/\/fieldhockey.ca\/fr\/apercu-olympique-carter-presente-son-masque-pour-rio\/","title":{"rendered":"Aper\u00e7u olympique : Carter pr\u00e9sente son masque pour Rio"},"content":{"rendered":"<p>Le gardien de but de l\u2019\u00c9quipe olympique du Canada David Carter utilisera un nouveau masque avec une th\u00e9matique olympique lors des Jeux des Rio 2016.<\/p>\n<p>Le masque honore les six \u00e9quipes masculines de hockey sur gazon \u00e0 avoir particip\u00e9 aux Jeux ainsi que l\u2019\u00e9quipe de cette ann\u00e9e qui jouera \u00e0 Rio.<\/p>\n<p>Les principales caract\u00e9ristiques du masque comprennent une grosse feuille d\u2019\u00e9rable de chaque c\u00f4t\u00e9 avec diff\u00e9rents motifs \u00e0 l\u2019int\u00e9rieur.<\/p>\n<p>D\u2019un c\u00f4t\u00e9 de la feuille d\u2019\u00e9rable, il y a un hommage sp\u00e9cial aux Jeux de Rio avec la statue de Christ le R\u00e9dempteur qui surplombe Rio de Janeiro ou Carter deviendra athl\u00e8te olympique pour la premi\u00e8re fois.<\/p>\n<p>De l\u2019autre c\u00f4t\u00e9, on aper\u00e7oit le profil du centre-ville de Vancouver avec le Stade BC Place, Science World et la Tour Harbour.<\/p>\n<p>Dans le cadre du design, il y a l\u2019inscription en or des sept ann\u00e9es ou les Canadiens ont particip\u00e9 aux Jeux olympiques.<\/p>\n<p>Sur le dessus du masque, il y a une t\u00eate de \u00ab Caribou Rouge \u00bb, soit le surnom que l\u2019\u00c9quipe nationale masculine se donne, alors que sur le menton, il y a le num\u00e9ro 30 de Carter.<\/p>\n<p>Finalement sur l\u2019arri\u00e8re du masque, on aper\u00e7oit le logo de Hockey sur Gazon Canada et le nom<\/p>\n\n\t\t<style type=\"text\/css\">\n\t\t\t#gallery-1 {\n\t\t\t\tmargin: auto;\n\t\t\t}\n\t\t\t#gallery-1 .gallery-item {\n\t\t\t\tfloat: left;\n\t\t\t\tmargin-top: 10px;\n\t\t\t\ttext-align: center;\n\t\t\t\twidth: 50%;\n\t\t\t}\n\t\t\t#gallery-1 img {\n\t\t\t\tborder: 2px solid #cfcfcf;\n\t\t\t}\n\t\t\t#gallery-1 .gallery-caption {\n\t\t\t\tmargin-left: 0;\n\t\t\t}\n\t\t\t\/* see gallery_shortcode() in wp-includes\/media.php *\/\n\t\t<\/style>\n\t\t<div id='gallery-1' class='gallery galleryid-24193 gallery-columns-2 gallery-size-medium'><dl class='gallery-item'>\n\t\t\t<dt class='gallery-icon landscape'>\n\t\t\t\t<a href='https:\/\/fieldhockey.ca\/fr\/olympic-preview-carter-to-debut-olympic-themed-mask-in-rio\/david-11\/'><img loading=\"lazy\" decoding=\"async\" width=\"300\" height=\"200\" src=\"https:\/\/fieldhockey.ca\/wp-content\/uploads\/2016\/07\/David-11-300x200.jpg\" class=\"attachment-medium size-medium\" alt=\"\" srcset=\"https:\/\/fieldhockey.ca\/wp-content\/uploads\/2016\/07\/David-11-300x200.jpg 300w, https:\/\/fieldhockey.ca\/wp-content\/uploads\/2016\/07\/David-11-768x512.jpg 768w, https:\/\/fieldhockey.ca\/wp-content\/uploads\/2016\/07\/David-11-1024x683.jpg 1024w, https:\/\/fieldhockey.ca\/wp-content\/uploads\/2016\/07\/David-11-e1469547573350.jpg 850w\" sizes=\"auto, (max-width: 300px) 100vw, 300px\" \/><\/a>\n\t\t\t<\/dt><\/dl><dl class='gallery-item'>\n\t\t\t<dt class='gallery-icon landscape'>\n\t\t\t\t<a href='https:\/\/fieldhockey.ca\/fr\/olympic-preview-carter-to-debut-olympic-themed-mask-in-rio\/david-15\/'><img loading=\"lazy\" decoding=\"async\" width=\"300\" height=\"200\" src=\"https:\/\/fieldhockey.ca\/wp-content\/uploads\/2016\/07\/David-15-300x200.jpg\" class=\"attachment-medium size-medium\" alt=\"\" srcset=\"https:\/\/fieldhockey.ca\/wp-content\/uploads\/2016\/07\/David-15-300x200.jpg 300w, https:\/\/fieldhockey.ca\/wp-content\/uploads\/2016\/07\/David-15-768x512.jpg 768w, https:\/\/fieldhockey.ca\/wp-content\/uploads\/2016\/07\/David-15-1024x683.jpg 1024w, https:\/\/fieldhockey.ca\/wp-content\/uploads\/2016\/07\/David-15-e1469547579292.jpg 850w\" sizes=\"auto, (max-width: 300px) 100vw, 300px\" \/><\/a>\n\t\t\t<\/dt><\/dl><br style=\"clear: both\" \/><dl class='gallery-item'>\n\t\t\t<dt class='gallery-icon landscape'>\n\t\t\t\t<a href='https:\/\/fieldhockey.ca\/fr\/olympic-preview-carter-to-debut-olympic-themed-mask-in-rio\/david-13\/'><img loading=\"lazy\" decoding=\"async\" width=\"300\" height=\"200\" src=\"https:\/\/fieldhockey.ca\/wp-content\/uploads\/2016\/07\/David-13-300x200.jpg\" class=\"attachment-medium size-medium\" alt=\"\" srcset=\"https:\/\/fieldhockey.ca\/wp-content\/uploads\/2016\/07\/David-13-300x200.jpg 300w, https:\/\/fieldhockey.ca\/wp-content\/uploads\/2016\/07\/David-13-768x512.jpg 768w, https:\/\/fieldhockey.ca\/wp-content\/uploads\/2016\/07\/David-13-1024x683.jpg 1024w, https:\/\/fieldhockey.ca\/wp-content\/uploads\/2016\/07\/David-13-e1469547586520.jpg 850w\" sizes=\"auto, (max-width: 300px) 100vw, 300px\" \/><\/a>\n\t\t\t<\/dt><\/dl><dl class='gallery-item'>\n\t\t\t<dt class='gallery-icon landscape'>\n\t\t\t\t<a href='https:\/\/fieldhockey.ca\/fr\/olympic-preview-carter-to-debut-olympic-themed-mask-in-rio\/david-10\/'><img loading=\"lazy\" decoding=\"async\" width=\"300\" height=\"200\" src=\"https:\/\/fieldhockey.ca\/wp-content\/uploads\/2016\/07\/David-10-300x200.jpg\" class=\"attachment-medium size-medium\" alt=\"\" srcset=\"https:\/\/fieldhockey.ca\/wp-content\/uploads\/2016\/07\/David-10-300x200.jpg 300w, https:\/\/fieldhockey.ca\/wp-content\/uploads\/2016\/07\/David-10-768x512.jpg 768w, https:\/\/fieldhockey.ca\/wp-content\/uploads\/2016\/07\/David-10-1024x683.jpg 1024w, https:\/\/fieldhockey.ca\/wp-content\/uploads\/2016\/07\/David-10-e1469547595642.jpg 850w\" sizes=\"auto, (max-width: 300px) 100vw, 300px\" \/><\/a>\n\t\t\t<\/dt><\/dl><br style=\"clear: both\" \/><dl class='gallery-item'>\n\t\t\t<dt class='gallery-icon landscape'>\n\t\t\t\t<a href='https:\/\/fieldhockey.ca\/fr\/olympic-preview-carter-to-debut-olympic-themed-mask-in-rio\/david-9\/'><img loading=\"lazy\" decoding=\"async\" width=\"300\" height=\"200\" src=\"https:\/\/fieldhockey.ca\/wp-content\/uploads\/2016\/07\/David-9-300x200.jpg\" class=\"attachment-medium size-medium\" alt=\"\" srcset=\"https:\/\/fieldhockey.ca\/wp-content\/uploads\/2016\/07\/David-9-300x200.jpg 300w, https:\/\/fieldhockey.ca\/wp-content\/uploads\/2016\/07\/David-9-768x512.jpg 768w, https:\/\/fieldhockey.ca\/wp-content\/uploads\/2016\/07\/David-9-1024x683.jpg 1024w, https:\/\/fieldhockey.ca\/wp-content\/uploads\/2016\/07\/David-9-e1469547524440.jpg 850w\" sizes=\"auto, (max-width: 300px) 100vw, 300px\" \/><\/a>\n\t\t\t<\/dt><\/dl>\n\t\t\t<br style='clear: both' \/>\n\t\t<\/div>\n\n","protected":false},"excerpt":{"rendered":"<p>Le gardien de but de l\u2019\u00c9quipe olympique du Canada David Carter utilisera un nouveau masque avec une th\u00e9matique olympique lors des Jeux des Rio 2016.<\/p>\n","protected":false},"author":1,"featured_media":23975,"comment_status":"closed","ping_status":"open","sticky":false,"template":"","format":"standard","meta":{"footnotes":""},"categories":[365],"tags":[],"class_list":["post-24193","post","type-post","status-publish","format-standard","has-post-thumbnail","hentry","category-non-classifiee"],"yoast_head":"<!-- This site is optimized with the Yoast SEO plugin v26.8 - https:\/\/yoast.com\/product\/yoast-seo-wordpress\/ -->\n<title>Aper\u00e7u olympique : Carter pr\u00e9sente son masque pour Rio - Field Hockey Canada<\/title>\n<meta name=\"robots\" content=\"index, follow, max-snippet:-1, max-image-preview:large, max-video-preview:-1\" \/>\n<link rel=\"canonical\" href=\"https:\/\/fieldhockey.ca\/fr\/apercu-olympique-carter-presente-son-masque-pour-rio\/\" \/>\n<meta property=\"og:locale\" content=\"fr_CA\" \/>\n<meta property=\"og:type\" content=\"article\" \/>\n<meta property=\"og:title\" content=\"Aper\u00e7u olympique : Carter pr\u00e9sente son masque pour Rio - Field Hockey Canada\" \/>\n<meta property=\"og:description\" content=\"Le gardien de but de l\u2019\u00c9quipe olympique du Canada David Carter utilisera un nouveau masque avec une th\u00e9matique olympique lors des Jeux des Rio 2016.\" \/>\n<meta property=\"og:url\" content=\"https:\/\/fieldhockey.ca\/fr\/apercu-olympique-carter-presente-son-masque-pour-rio\/\" \/>\n<meta property=\"og:site_name\" content=\"Field Hockey Canada\" \/>\n<meta property=\"article:published_time\" content=\"2016-07-03T22:45:06+00:00\" \/>\n<meta property=\"article:modified_time\" content=\"2016-08-03T22:50:44+00:00\" \/>\n<meta property=\"og:image\" content=\"https:\/\/fieldhockey.ca\/wp-content\/uploads\/2016\/07\/David-15-e1469547579292.jpg\" \/>\n\t<meta property=\"og:image:width\" content=\"850\" \/>\n\t<meta property=\"og:image:height\" content=\"567\" \/>\n\t<meta property=\"og:image:type\" content=\"image\/jpeg\" \/>\n<meta name=\"author\" content=\"Field Hockey Canada\" \/>\n<meta name=\"twitter:card\" content=\"summary_large_image\" \/>\n<meta name=\"twitter:label1\" content=\"\u00c9crit par\" \/>\n\t<meta name=\"twitter:data1\" content=\"Field Hockey Canada\" \/>\n\t<meta name=\"twitter:label2\" content=\"Estimation du temps de lecture\" \/>\n\t<meta name=\"twitter:data2\" content=\"1 minute\" \/>\n<script type=\"application\/ld+json\" class=\"yoast-schema-graph\">{\"@context\":\"https:\/\/schema.org\",\"@graph\":[{\"@type\":\"Article\",\"@id\":\"https:\/\/fieldhockey.ca\/fr\/apercu-olympique-carter-presente-son-masque-pour-rio\/#article\",\"isPartOf\":{\"@id\":\"https:\/\/fieldhockey.ca\/fr\/apercu-olympique-carter-presente-son-masque-pour-rio\/\"},\"author\":{\"name\":\"Field Hockey Canada\",\"@id\":\"https:\/\/fieldhockey.ca\/#\/schema\/person\/605f0a83a02f7d0ad4ccb4b1beaac576\"},\"headline\":\"Aper\u00e7u olympique : Carter pr\u00e9sente son masque pour Rio\",\"datePublished\":\"2016-07-03T22:45:06+00:00\",\"dateModified\":\"2016-08-03T22:50:44+00:00\",\"mainEntityOfPage\":{\"@id\":\"https:\/\/fieldhockey.ca\/fr\/apercu-olympique-carter-presente-son-masque-pour-rio\/\"},\"wordCount\":240,\"image\":{\"@id\":\"https:\/\/fieldhockey.ca\/fr\/apercu-olympique-carter-presente-son-masque-pour-rio\/#primaryimage\"},\"thumbnailUrl\":\"https:\/\/fieldhockey.ca\/wp-content\/uploads\/2016\/07\/David-15-e1469547579292.jpg\",\"articleSection\":[\"Non classifi\u00e9(e)\"],\"inLanguage\":\"fr-CA\"},{\"@type\":\"WebPage\",\"@id\":\"https:\/\/fieldhockey.ca\/fr\/apercu-olympique-carter-presente-son-masque-pour-rio\/\",\"url\":\"https:\/\/fieldhockey.ca\/fr\/apercu-olympique-carter-presente-son-masque-pour-rio\/\",\"name\":\"Aper\u00e7u olympique : Carter pr\u00e9sente son masque pour Rio - Field Hockey Canada\",\"isPartOf\":{\"@id\":\"https:\/\/fieldhockey.ca\/#website\"},\"primaryImageOfPage\":{\"@id\":\"https:\/\/fieldhockey.ca\/fr\/apercu-olympique-carter-presente-son-masque-pour-rio\/#primaryimage\"},\"image\":{\"@id\":\"https:\/\/fieldhockey.ca\/fr\/apercu-olympique-carter-presente-son-masque-pour-rio\/#primaryimage\"},\"thumbnailUrl\":\"https:\/\/fieldhockey.ca\/wp-content\/uploads\/2016\/07\/David-15-e1469547579292.jpg\",\"datePublished\":\"2016-07-03T22:45:06+00:00\",\"dateModified\":\"2016-08-03T22:50:44+00:00\",\"author\":{\"@id\":\"https:\/\/fieldhockey.ca\/#\/schema\/person\/605f0a83a02f7d0ad4ccb4b1beaac576\"},\"breadcrumb\":{\"@id\":\"https:\/\/fieldhockey.ca\/fr\/apercu-olympique-carter-presente-son-masque-pour-rio\/#breadcrumb\"},\"inLanguage\":\"fr-CA\",\"potentialAction\":[{\"@type\":\"ReadAction\",\"target\":[\"https:\/\/fieldhockey.ca\/fr\/apercu-olympique-carter-presente-son-masque-pour-rio\/\"]}]},{\"@type\":\"ImageObject\",\"inLanguage\":\"fr-CA\",\"@id\":\"https:\/\/fieldhockey.ca\/fr\/apercu-olympique-carter-presente-son-masque-pour-rio\/#primaryimage\",\"url\":\"https:\/\/fieldhockey.ca\/wp-content\/uploads\/2016\/07\/David-15-e1469547579292.jpg\",\"contentUrl\":\"https:\/\/fieldhockey.ca\/wp-content\/uploads\/2016\/07\/David-15-e1469547579292.jpg\",\"width\":850,\"height\":567},{\"@type\":\"BreadcrumbList\",\"@id\":\"https:\/\/fieldhockey.ca\/fr\/apercu-olympique-carter-presente-son-masque-pour-rio\/#breadcrumb\",\"itemListElement\":[{\"@type\":\"ListItem\",\"position\":1,\"name\":\"Home\",\"item\":\"https:\/\/fieldhockey.ca\/fr\/\"},{\"@type\":\"ListItem\",\"position\":2,\"name\":\"Aper\u00e7u olympique : Carter pr\u00e9sente son masque pour Rio\"}]},{\"@type\":\"WebSite\",\"@id\":\"https:\/\/fieldhockey.ca\/#website\",\"url\":\"https:\/\/fieldhockey.ca\/\",\"name\":\"Field Hockey Canada\",\"description\":\"Canada\u2019s governing body for field hockey\",\"potentialAction\":[{\"@type\":\"SearchAction\",\"target\":{\"@type\":\"EntryPoint\",\"urlTemplate\":\"https:\/\/fieldhockey.ca\/?s={search_term_string}\"},\"query-input\":{\"@type\":\"PropertyValueSpecification\",\"valueRequired\":true,\"valueName\":\"search_term_string\"}}],\"inLanguage\":\"fr-CA\"},{\"@type\":\"Person\",\"@id\":\"https:\/\/fieldhockey.ca\/#\/schema\/person\/605f0a83a02f7d0ad4ccb4b1beaac576\",\"name\":\"Field Hockey Canada\",\"image\":{\"@type\":\"ImageObject\",\"inLanguage\":\"fr-CA\",\"@id\":\"https:\/\/fieldhockey.ca\/#\/schema\/person\/image\/\",\"url\":\"https:\/\/secure.gravatar.com\/avatar\/a4f9beb90d43ae518e817bfdba9a6519366ce75cd0860c92e6184f84364c6a53?s=96&d=mm&r=g\",\"contentUrl\":\"https:\/\/secure.gravatar.com\/avatar\/a4f9beb90d43ae518e817bfdba9a6519366ce75cd0860c92e6184f84364c6a53?s=96&d=mm&r=g\",\"caption\":\"Field Hockey Canada\"},\"url\":\"https:\/\/fieldhockey.ca\/fr\/author\/fhc_admin_user\/\"}]}<\/script>\n<!-- \/ Yoast SEO plugin. -->","yoast_head_json":{"title":"Aper\u00e7u olympique : Carter pr\u00e9sente son masque pour Rio - Field Hockey Canada","robots":{"index":"index","follow":"follow","max-snippet":"max-snippet:-1","max-image-preview":"max-image-preview:large","max-video-preview":"max-video-preview:-1"},"canonical":"https:\/\/fieldhockey.ca\/fr\/apercu-olympique-carter-presente-son-masque-pour-rio\/","og_locale":"fr_CA","og_type":"article","og_title":"Aper\u00e7u olympique : Carter pr\u00e9sente son masque pour Rio - Field Hockey Canada","og_description":"Le gardien de but de l\u2019\u00c9quipe olympique du Canada David Carter utilisera un nouveau masque avec une th\u00e9matique olympique lors des Jeux des Rio 2016.","og_url":"https:\/\/fieldhockey.ca\/fr\/apercu-olympique-carter-presente-son-masque-pour-rio\/","og_site_name":"Field Hockey Canada","article_published_time":"2016-07-03T22:45:06+00:00","article_modified_time":"2016-08-03T22:50:44+00:00","og_image":[{"width":850,"height":567,"url":"https:\/\/fieldhockey.ca\/wp-content\/uploads\/2016\/07\/David-15-e1469547579292.jpg","type":"image\/jpeg"}],"author":"Field Hockey Canada","twitter_card":"summary_large_image","twitter_misc":{"\u00c9crit par":"Field Hockey Canada","Estimation du temps de lecture":"1 minute"},"schema":{"@context":"https:\/\/schema.org","@graph":[{"@type":"Article","@id":"https:\/\/fieldhockey.ca\/fr\/apercu-olympique-carter-presente-son-masque-pour-rio\/#article","isPartOf":{"@id":"https:\/\/fieldhockey.ca\/fr\/apercu-olympique-carter-presente-son-masque-pour-rio\/"},"author":{"name":"Field Hockey Canada","@id":"https:\/\/fieldhockey.ca\/#\/schema\/person\/605f0a83a02f7d0ad4ccb4b1beaac576"},"headline":"Aper\u00e7u olympique : Carter pr\u00e9sente son masque pour Rio","datePublished":"2016-07-03T22:45:06+00:00","dateModified":"2016-08-03T22:50:44+00:00","mainEntityOfPage":{"@id":"https:\/\/fieldhockey.ca\/fr\/apercu-olympique-carter-presente-son-masque-pour-rio\/"},"wordCount":240,"image":{"@id":"https:\/\/fieldhockey.ca\/fr\/apercu-olympique-carter-presente-son-masque-pour-rio\/#primaryimage"},"thumbnailUrl":"https:\/\/fieldhockey.ca\/wp-content\/uploads\/2016\/07\/David-15-e1469547579292.jpg","articleSection":["Non classifi\u00e9(e)"],"inLanguage":"fr-CA"},{"@type":"WebPage","@id":"https:\/\/fieldhockey.ca\/fr\/apercu-olympique-carter-presente-son-masque-pour-rio\/","url":"https:\/\/fieldhockey.ca\/fr\/apercu-olympique-carter-presente-son-masque-pour-rio\/","name":"Aper\u00e7u olympique : Carter pr\u00e9sente son masque pour Rio - Field Hockey Canada","isPartOf":{"@id":"https:\/\/fieldhockey.ca\/#website"},"primaryImageOfPage":{"@id":"https:\/\/fieldhockey.ca\/fr\/apercu-olympique-carter-presente-son-masque-pour-rio\/#primaryimage"},"image":{"@id":"https:\/\/fieldhockey.ca\/fr\/apercu-olympique-carter-presente-son-masque-pour-rio\/#primaryimage"},"thumbnailUrl":"https:\/\/fieldhockey.ca\/wp-content\/uploads\/2016\/07\/David-15-e1469547579292.jpg","datePublished":"2016-07-03T22:45:06+00:00","dateModified":"2016-08-03T22:50:44+00:00","author":{"@id":"https:\/\/fieldhockey.ca\/#\/schema\/person\/605f0a83a02f7d0ad4ccb4b1beaac576"},"breadcrumb":{"@id":"https:\/\/fieldhockey.ca\/fr\/apercu-olympique-carter-presente-son-masque-pour-rio\/#breadcrumb"},"inLanguage":"fr-CA","potentialAction":[{"@type":"ReadAction","target":["https:\/\/fieldhockey.ca\/fr\/apercu-olympique-carter-presente-son-masque-pour-rio\/"]}]},{"@type":"ImageObject","inLanguage":"fr-CA","@id":"https:\/\/fieldhockey.ca\/fr\/apercu-olympique-carter-presente-son-masque-pour-rio\/#primaryimage","url":"https:\/\/fieldhockey.ca\/wp-content\/uploads\/2016\/07\/David-15-e1469547579292.jpg","contentUrl":"https:\/\/fieldhockey.ca\/wp-content\/uploads\/2016\/07\/David-15-e1469547579292.jpg","width":850,"height":567},{"@type":"BreadcrumbList","@id":"https:\/\/fieldhockey.ca\/fr\/apercu-olympique-carter-presente-son-masque-pour-rio\/#breadcrumb","itemListElement":[{"@type":"ListItem","position":1,"name":"Home","item":"https:\/\/fieldhockey.ca\/fr\/"},{"@type":"ListItem","position":2,"name":"Aper\u00e7u olympique : Carter pr\u00e9sente son masque pour Rio"}]},{"@type":"WebSite","@id":"https:\/\/fieldhockey.ca\/#website","url":"https:\/\/fieldhockey.ca\/","name":"Field Hockey Canada","description":"Canada\u2019s governing body for field hockey","potentialAction":[{"@type":"SearchAction","target":{"@type":"EntryPoint","urlTemplate":"https:\/\/fieldhockey.ca\/?s={search_term_string}"},"query-input":{"@type":"PropertyValueSpecification","valueRequired":true,"valueName":"search_term_string"}}],"inLanguage":"fr-CA"},{"@type":"Person","@id":"https:\/\/fieldhockey.ca\/#\/schema\/person\/605f0a83a02f7d0ad4ccb4b1beaac576","name":"Field Hockey Canada","image":{"@type":"ImageObject","inLanguage":"fr-CA","@id":"https:\/\/fieldhockey.ca\/#\/schema\/person\/image\/","url":"https:\/\/secure.gravatar.com\/avatar\/a4f9beb90d43ae518e817bfdba9a6519366ce75cd0860c92e6184f84364c6a53?s=96&d=mm&r=g","contentUrl":"https:\/\/secure.gravatar.com\/avatar\/a4f9beb90d43ae518e817bfdba9a6519366ce75cd0860c92e6184f84364c6a53?s=96&d=mm&r=g","caption":"Field Hockey Canada"},"url":"https:\/\/fieldhockey.ca\/fr\/author\/fhc_admin_user\/"}]}},"_links":{"self":[{"href":"https:\/\/fieldhockey.ca\/fr\/wp-json\/wp\/v2\/posts\/24193","targetHints":{"allow":["GET"]}}],"collection":[{"href":"https:\/\/fieldhockey.ca\/fr\/wp-json\/wp\/v2\/posts"}],"about":[{"href":"https:\/\/fieldhockey.ca\/fr\/wp-json\/wp\/v2\/types\/post"}],"author":[{"embeddable":true,"href":"https:\/\/fieldhockey.ca\/fr\/wp-json\/wp\/v2\/users\/1"}],"replies":[{"embeddable":true,"href":"https:\/\/fieldhockey.ca\/fr\/wp-json\/wp\/v2\/comments?post=24193"}],"version-history":[{"count":2,"href":"https:\/\/fieldhockey.ca\/fr\/wp-json\/wp\/v2\/posts\/24193\/revisions"}],"predecessor-version":[{"id":24195,"href":"https:\/\/fieldhockey.ca\/fr\/wp-json\/wp\/v2\/posts\/24193\/revisions\/24195"}],"wp:featuredmedia":[{"embeddable":true,"href":"https:\/\/fieldhockey.ca\/fr\/wp-json\/wp\/v2\/media\/23975"}],"wp:attachment":[{"href":"https:\/\/fieldhockey.ca\/fr\/wp-json\/wp\/v2\/media?parent=24193"}],"wp:term":[{"taxonomy":"category","embeddable":true,"href":"https:\/\/fieldhockey.ca\/fr\/wp-json\/wp\/v2\/categories?post=24193"},{"taxonomy":"post_tag","embeddable":true,"href":"https:\/\/fieldhockey.ca\/fr\/wp-json\/wp\/v2\/tags?post=24193"}],"curies":[{"name":"wp","href":"https:\/\/api.w.org\/{rel}","templated":true}]}}