{"id":24255,"date":"2016-07-12T14:12:12","date_gmt":"2016-07-12T21:12:12","guid":{"rendered":"http:\/\/www.fieldhockey.ca\/fr\/?p=24255"},"modified":"2016-08-04T14:50:29","modified_gmt":"2016-08-04T21:50:29","slug":"les-olympiens-sentraineront-sur-lile-de-vancouver-avant-de-senvoler-vers-rio","status":"publish","type":"post","link":"https:\/\/fieldhockey.ca\/fr\/les-olympiens-sentraineront-sur-lile-de-vancouver-avant-de-senvoler-vers-rio\/","title":{"rendered":"Les Olympiens s\u2019entra\u00eeneront sur l\u2019Ile de Vancouver avant de s\u2019envoler vers Rio"},"content":{"rendered":"<p>Dans le cadre de ses derniers pr\u00e9paratifs pour les Jeux olympiques de Rio 2016, l\u2019\u00e9quipe canadienne masculine de hockey sur gazon passe quelques jours sur l\u2019\u00eele de Vancouver depuis mardi.<\/p>\n<p>Les hommes r\u00e9sideront et s\u2019entra\u00eeneront \u00e0 l\u2019\u00c9cole Shawnigan Lake mardi et mercredi avant d\u2019accueillir un camp et une Clinique pour les jeunes joueurs de hockey sur gazon de la r\u00e9gion, mercredi soir. La participation \u00e0 cette clinique sera gratuite.<\/p>\n<p>Les hommes tiendront un autre camp ainsi qu\u2019une Clinique au terrain de hockey sur gazon de l\u2019Universit\u00e9 de Victoria, jeudi soir. La participation pour le camp de jeudi sera pour un montant sugg\u00e9r\u00e9 de 20 $.<\/p>\n<p>Il s\u2019agit d\u2019une rare visite sur l\u2019\u00eele pour les Canadiens qui sont bas\u00e9s \u00e0 Vancouver sur le continent, d\u2019o\u00f9 plusieurs athl\u00e8tes de l\u2019\u00e9quipe nationale sont originaires, o\u00f9 les installations de hockey sont nombreuses et o\u00f9 les bureaux de Hockey sur Gazon Canada sont situ\u00e9s.<\/p>\n<p>\u00ab Ce sentiment d\u2019\u00eatre \u00e0 l\u2019\u00e9cart et ensemble nous permettra de travailler certains aspects, bien que l\u2019intensit\u00e9 ne sera pas tr\u00e8s \u00e9lev\u00e9e, nous passerons du temps ensemble dans un environnement d\u00e9tendu ce qui devrait \u00eatre bon pour nous \u00bb, indique le capitaine Scott Tupper.<\/p>\n<p>\u00ab D\u2019autre part, nous pouvons nous rebrancher \u00e0 la communaut\u00e9 de hockey sur l\u2019\u00eele, qui a beau ne pas \u00eatre tr\u00e8s loin, si vous ne jouez pas ou que vous ne vous y rendez pas. C\u2019est facile pour les jeunes qui grandissent l\u00e0 de ne pas sentir cet attachement \u00e0 l\u2019\u00e9quipe nationale. \u00bb<\/p>\n<p>Cela ne signifie pas pour autant que l\u2019\u00eele ne poss\u00e8de pas une longue tradition de hockey sur gazon.<\/p>\n<p>En 2008, avant les Jeux de P\u00e9kin, les Canadiens ont pass\u00e9 la majeure partie de la semaine au sud de l\u2019\u00eele de Vancouver \u00e0 Victoria et dans la vall\u00e9e de Cowichan.<\/p>\n<p>Tupper et Mark Pearson, qui faisaient partie de l\u2019\u00e9quipe olympique de 2008 et le gardien David Carter, qui \u00e9tait un r\u00e9serviste au sein du groupe ont fait le voyage sur l\u2019\u00eele ainsi qu\u2019une poign\u00e9e de joueurs juniors, notamment l\u2019actuel membre de l\u2019\u00e9quipe nationale Ben Martin, qui est sur le point de disputer son premier tournoi olympique.<\/p>\n<p>\u00ab \u00c0 l\u2019\u00e9poque, c\u2019\u00e9tait une belle opportunit\u00e9 de nous \u00e9loigner et de nous r\u00e9unir pas trop loin de la maison et les installations sont belles ici \u00bb, raconte Pearson.<\/p>\n<p>\u00ab Certainement dans mon cas, j\u2019ai v\u00e9cu six ou sept ans de mon enfance \u00e0 Victoria et c\u2019est ici que j\u2019ai d\u00e9marr\u00e9 mon parcours au hockey sur gazon. C\u2019est donc une fa\u00e7on pour moi de boucler la boucle. \u00bb<\/p>\n<p>En plus de Pearson, l\u2019\u00eele a contribu\u00e9 \u00e0 pr\u00e9parer d\u2019autres athl\u00e8tes olympiques, comme la membre du Temple de la renomm\u00e9e de Hockey sur Gazon et deux fois athl\u00e8te olympique Nancy Mollenhauer, en plus de compter sur un excellent programme de hockey sur gazon \u00e0 l\u2019Universit\u00e9 de Victoria.<\/p>\n<p>Les d\u00e9placements du continent \u00e0 l\u2019\u00eele de Vancouver ne sont pas \u00e9tranges pour le milieu de terrain de l\u2019\u00c9quipe nationale masculine Brenden Bissett. L\u2019athl\u00e8te originaire de New Westminster a pass\u00e9 les cinq derni\u00e8res ann\u00e9es dans l\u2019uniforme des Vikes de l\u2019Universit\u00e9 de Victoria.<\/p>\n<p>\u00ab Comme un des gars de l\u2019\u00e9quipe bas\u00e9s \u00e0 Victoria, je reviens ici avec beaucoup de fiert\u00e9 \u00bb, dit-il.<\/p>\n<p>\u00ab J\u2019ai vraiment h\u00e2te de vivre cette semaine sur l\u2019\u00eele. \u00bb<\/p>\n<p>Bissett est un de trois membres de l\u2019\u00e9dition 2016 de l\u2019\u00e9quipe olympique canadienne avec des liens avec les Vikes. Les deux autres sont Matthew Sarmento et Keegan Pereira.<\/p>\n","protected":false},"excerpt":{"rendered":"<p>Dans le cadre de ses derniers pr\u00e9paratifs pour les Jeux olympiques de Rio 2016, l\u2019\u00e9quipe canadienne masculine de hockey sur gazon passe quelques jours sur l\u2019\u00eele de Vancouver depuis mardi.<\/p>\n","protected":false},"author":1,"featured_media":23603,"comment_status":"closed","ping_status":"open","sticky":false,"template":"","format":"standard","meta":{"footnotes":""},"categories":[365],"tags":[],"class_list":["post-24255","post","type-post","status-publish","format-standard","has-post-thumbnail","hentry","category-non-classifiee"],"yoast_head":"<!-- This site is optimized with the Yoast SEO plugin v26.8 - https:\/\/yoast.com\/product\/yoast-seo-wordpress\/ -->\n<title>Les Olympiens s\u2019entra\u00eeneront sur l\u2019Ile de Vancouver avant de s\u2019envoler vers Rio - Field Hockey Canada<\/title>\n<meta name=\"robots\" content=\"index, follow, max-snippet:-1, max-image-preview:large, max-video-preview:-1\" \/>\n<link rel=\"canonical\" href=\"https:\/\/fieldhockey.ca\/fr\/les-olympiens-sentraineront-sur-lile-de-vancouver-avant-de-senvoler-vers-rio\/\" \/>\n<meta property=\"og:locale\" content=\"fr_CA\" \/>\n<meta property=\"og:type\" content=\"article\" \/>\n<meta property=\"og:title\" content=\"Les Olympiens s\u2019entra\u00eeneront sur l\u2019Ile de Vancouver avant de s\u2019envoler vers Rio - Field Hockey Canada\" \/>\n<meta property=\"og:description\" content=\"Dans le cadre de ses derniers pr\u00e9paratifs pour les Jeux olympiques de Rio 2016, l\u2019\u00e9quipe canadienne masculine de hockey sur gazon passe quelques jours sur l\u2019\u00eele de Vancouver depuis mardi.\" \/>\n<meta property=\"og:url\" content=\"https:\/\/fieldhockey.ca\/fr\/les-olympiens-sentraineront-sur-lile-de-vancouver-avant-de-senvoler-vers-rio\/\" \/>\n<meta property=\"og:site_name\" content=\"Field Hockey Canada\" \/>\n<meta property=\"article:published_time\" content=\"2016-07-12T21:12:12+00:00\" \/>\n<meta property=\"article:modified_time\" content=\"2016-08-04T21:50:29+00:00\" \/>\n<meta property=\"og:image\" content=\"https:\/\/fieldhockey.ca\/wp-content\/uploads\/2016\/07\/IMG_8914-e1468340524465.jpg\" \/>\n\t<meta property=\"og:image:width\" content=\"850\" \/>\n\t<meta property=\"og:image:height\" content=\"581\" \/>\n\t<meta property=\"og:image:type\" content=\"image\/jpeg\" \/>\n<meta name=\"author\" content=\"Field Hockey Canada\" \/>\n<meta name=\"twitter:card\" content=\"summary_large_image\" \/>\n<meta name=\"twitter:label1\" content=\"\u00c9crit par\" \/>\n\t<meta name=\"twitter:data1\" content=\"Field Hockey Canada\" \/>\n\t<meta name=\"twitter:label2\" content=\"Estimation du temps de lecture\" \/>\n\t<meta name=\"twitter:data2\" content=\"3 minutes\" \/>\n<script type=\"application\/ld+json\" class=\"yoast-schema-graph\">{\"@context\":\"https:\/\/schema.org\",\"@graph\":[{\"@type\":\"Article\",\"@id\":\"https:\/\/fieldhockey.ca\/fr\/les-olympiens-sentraineront-sur-lile-de-vancouver-avant-de-senvoler-vers-rio\/#article\",\"isPartOf\":{\"@id\":\"https:\/\/fieldhockey.ca\/fr\/les-olympiens-sentraineront-sur-lile-de-vancouver-avant-de-senvoler-vers-rio\/\"},\"author\":{\"name\":\"Field Hockey Canada\",\"@id\":\"https:\/\/fieldhockey.ca\/#\/schema\/person\/605f0a83a02f7d0ad4ccb4b1beaac576\"},\"headline\":\"Les Olympiens s\u2019entra\u00eeneront sur l\u2019Ile de Vancouver avant de s\u2019envoler vers Rio\",\"datePublished\":\"2016-07-12T21:12:12+00:00\",\"dateModified\":\"2016-08-04T21:50:29+00:00\",\"mainEntityOfPage\":{\"@id\":\"https:\/\/fieldhockey.ca\/fr\/les-olympiens-sentraineront-sur-lile-de-vancouver-avant-de-senvoler-vers-rio\/\"},\"wordCount\":627,\"image\":{\"@id\":\"https:\/\/fieldhockey.ca\/fr\/les-olympiens-sentraineront-sur-lile-de-vancouver-avant-de-senvoler-vers-rio\/#primaryimage\"},\"thumbnailUrl\":\"https:\/\/fieldhockey.ca\/wp-content\/uploads\/2016\/07\/IMG_8914-e1468340524465.jpg\",\"articleSection\":[\"Non classifi\u00e9(e)\"],\"inLanguage\":\"fr-CA\"},{\"@type\":\"WebPage\",\"@id\":\"https:\/\/fieldhockey.ca\/fr\/les-olympiens-sentraineront-sur-lile-de-vancouver-avant-de-senvoler-vers-rio\/\",\"url\":\"https:\/\/fieldhockey.ca\/fr\/les-olympiens-sentraineront-sur-lile-de-vancouver-avant-de-senvoler-vers-rio\/\",\"name\":\"Les Olympiens s\u2019entra\u00eeneront sur l\u2019Ile de Vancouver avant de s\u2019envoler vers Rio - Field Hockey Canada\",\"isPartOf\":{\"@id\":\"https:\/\/fieldhockey.ca\/#website\"},\"primaryImageOfPage\":{\"@id\":\"https:\/\/fieldhockey.ca\/fr\/les-olympiens-sentraineront-sur-lile-de-vancouver-avant-de-senvoler-vers-rio\/#primaryimage\"},\"image\":{\"@id\":\"https:\/\/fieldhockey.ca\/fr\/les-olympiens-sentraineront-sur-lile-de-vancouver-avant-de-senvoler-vers-rio\/#primaryimage\"},\"thumbnailUrl\":\"https:\/\/fieldhockey.ca\/wp-content\/uploads\/2016\/07\/IMG_8914-e1468340524465.jpg\",\"datePublished\":\"2016-07-12T21:12:12+00:00\",\"dateModified\":\"2016-08-04T21:50:29+00:00\",\"author\":{\"@id\":\"https:\/\/fieldhockey.ca\/#\/schema\/person\/605f0a83a02f7d0ad4ccb4b1beaac576\"},\"breadcrumb\":{\"@id\":\"https:\/\/fieldhockey.ca\/fr\/les-olympiens-sentraineront-sur-lile-de-vancouver-avant-de-senvoler-vers-rio\/#breadcrumb\"},\"inLanguage\":\"fr-CA\",\"potentialAction\":[{\"@type\":\"ReadAction\",\"target\":[\"https:\/\/fieldhockey.ca\/fr\/les-olympiens-sentraineront-sur-lile-de-vancouver-avant-de-senvoler-vers-rio\/\"]}]},{\"@type\":\"ImageObject\",\"inLanguage\":\"fr-CA\",\"@id\":\"https:\/\/fieldhockey.ca\/fr\/les-olympiens-sentraineront-sur-lile-de-vancouver-avant-de-senvoler-vers-rio\/#primaryimage\",\"url\":\"https:\/\/fieldhockey.ca\/wp-content\/uploads\/2016\/07\/IMG_8914-e1468340524465.jpg\",\"contentUrl\":\"https:\/\/fieldhockey.ca\/wp-content\/uploads\/2016\/07\/IMG_8914-e1468340524465.jpg\",\"width\":850,\"height\":581,\"caption\":\"Mark Pearson. Mens National Team. 2008. Vancouver Island. Uvic.\"},{\"@type\":\"BreadcrumbList\",\"@id\":\"https:\/\/fieldhockey.ca\/fr\/les-olympiens-sentraineront-sur-lile-de-vancouver-avant-de-senvoler-vers-rio\/#breadcrumb\",\"itemListElement\":[{\"@type\":\"ListItem\",\"position\":1,\"name\":\"Home\",\"item\":\"https:\/\/fieldhockey.ca\/fr\/\"},{\"@type\":\"ListItem\",\"position\":2,\"name\":\"Les Olympiens s\u2019entra\u00eeneront sur l\u2019Ile de Vancouver avant de s\u2019envoler vers Rio\"}]},{\"@type\":\"WebSite\",\"@id\":\"https:\/\/fieldhockey.ca\/#website\",\"url\":\"https:\/\/fieldhockey.ca\/\",\"name\":\"Field Hockey Canada\",\"description\":\"Canada\u2019s governing body for field hockey\",\"potentialAction\":[{\"@type\":\"SearchAction\",\"target\":{\"@type\":\"EntryPoint\",\"urlTemplate\":\"https:\/\/fieldhockey.ca\/?s={search_term_string}\"},\"query-input\":{\"@type\":\"PropertyValueSpecification\",\"valueRequired\":true,\"valueName\":\"search_term_string\"}}],\"inLanguage\":\"fr-CA\"},{\"@type\":\"Person\",\"@id\":\"https:\/\/fieldhockey.ca\/#\/schema\/person\/605f0a83a02f7d0ad4ccb4b1beaac576\",\"name\":\"Field Hockey Canada\",\"image\":{\"@type\":\"ImageObject\",\"inLanguage\":\"fr-CA\",\"@id\":\"https:\/\/fieldhockey.ca\/#\/schema\/person\/image\/\",\"url\":\"https:\/\/secure.gravatar.com\/avatar\/a4f9beb90d43ae518e817bfdba9a6519366ce75cd0860c92e6184f84364c6a53?s=96&d=mm&r=g\",\"contentUrl\":\"https:\/\/secure.gravatar.com\/avatar\/a4f9beb90d43ae518e817bfdba9a6519366ce75cd0860c92e6184f84364c6a53?s=96&d=mm&r=g\",\"caption\":\"Field Hockey Canada\"},\"url\":\"https:\/\/fieldhockey.ca\/fr\/author\/fhc_admin_user\/\"}]}<\/script>\n<!-- \/ Yoast SEO plugin. -->","yoast_head_json":{"title":"Les Olympiens s\u2019entra\u00eeneront sur l\u2019Ile de Vancouver avant de s\u2019envoler vers Rio - Field Hockey Canada","robots":{"index":"index","follow":"follow","max-snippet":"max-snippet:-1","max-image-preview":"max-image-preview:large","max-video-preview":"max-video-preview:-1"},"canonical":"https:\/\/fieldhockey.ca\/fr\/les-olympiens-sentraineront-sur-lile-de-vancouver-avant-de-senvoler-vers-rio\/","og_locale":"fr_CA","og_type":"article","og_title":"Les Olympiens s\u2019entra\u00eeneront sur l\u2019Ile de Vancouver avant de s\u2019envoler vers Rio - Field Hockey Canada","og_description":"Dans le cadre de ses derniers pr\u00e9paratifs pour les Jeux olympiques de Rio 2016, l\u2019\u00e9quipe canadienne masculine de hockey sur gazon passe quelques jours sur l\u2019\u00eele de Vancouver depuis mardi.","og_url":"https:\/\/fieldhockey.ca\/fr\/les-olympiens-sentraineront-sur-lile-de-vancouver-avant-de-senvoler-vers-rio\/","og_site_name":"Field Hockey Canada","article_published_time":"2016-07-12T21:12:12+00:00","article_modified_time":"2016-08-04T21:50:29+00:00","og_image":[{"width":850,"height":581,"url":"https:\/\/fieldhockey.ca\/wp-content\/uploads\/2016\/07\/IMG_8914-e1468340524465.jpg","type":"image\/jpeg"}],"author":"Field Hockey Canada","twitter_card":"summary_large_image","twitter_misc":{"\u00c9crit par":"Field Hockey Canada","Estimation du temps de lecture":"3 minutes"},"schema":{"@context":"https:\/\/schema.org","@graph":[{"@type":"Article","@id":"https:\/\/fieldhockey.ca\/fr\/les-olympiens-sentraineront-sur-lile-de-vancouver-avant-de-senvoler-vers-rio\/#article","isPartOf":{"@id":"https:\/\/fieldhockey.ca\/fr\/les-olympiens-sentraineront-sur-lile-de-vancouver-avant-de-senvoler-vers-rio\/"},"author":{"name":"Field Hockey Canada","@id":"https:\/\/fieldhockey.ca\/#\/schema\/person\/605f0a83a02f7d0ad4ccb4b1beaac576"},"headline":"Les Olympiens s\u2019entra\u00eeneront sur l\u2019Ile de Vancouver avant de s\u2019envoler vers Rio","datePublished":"2016-07-12T21:12:12+00:00","dateModified":"2016-08-04T21:50:29+00:00","mainEntityOfPage":{"@id":"https:\/\/fieldhockey.ca\/fr\/les-olympiens-sentraineront-sur-lile-de-vancouver-avant-de-senvoler-vers-rio\/"},"wordCount":627,"image":{"@id":"https:\/\/fieldhockey.ca\/fr\/les-olympiens-sentraineront-sur-lile-de-vancouver-avant-de-senvoler-vers-rio\/#primaryimage"},"thumbnailUrl":"https:\/\/fieldhockey.ca\/wp-content\/uploads\/2016\/07\/IMG_8914-e1468340524465.jpg","articleSection":["Non classifi\u00e9(e)"],"inLanguage":"fr-CA"},{"@type":"WebPage","@id":"https:\/\/fieldhockey.ca\/fr\/les-olympiens-sentraineront-sur-lile-de-vancouver-avant-de-senvoler-vers-rio\/","url":"https:\/\/fieldhockey.ca\/fr\/les-olympiens-sentraineront-sur-lile-de-vancouver-avant-de-senvoler-vers-rio\/","name":"Les Olympiens s\u2019entra\u00eeneront sur l\u2019Ile de Vancouver avant de s\u2019envoler vers Rio - Field Hockey Canada","isPartOf":{"@id":"https:\/\/fieldhockey.ca\/#website"},"primaryImageOfPage":{"@id":"https:\/\/fieldhockey.ca\/fr\/les-olympiens-sentraineront-sur-lile-de-vancouver-avant-de-senvoler-vers-rio\/#primaryimage"},"image":{"@id":"https:\/\/fieldhockey.ca\/fr\/les-olympiens-sentraineront-sur-lile-de-vancouver-avant-de-senvoler-vers-rio\/#primaryimage"},"thumbnailUrl":"https:\/\/fieldhockey.ca\/wp-content\/uploads\/2016\/07\/IMG_8914-e1468340524465.jpg","datePublished":"2016-07-12T21:12:12+00:00","dateModified":"2016-08-04T21:50:29+00:00","author":{"@id":"https:\/\/fieldhockey.ca\/#\/schema\/person\/605f0a83a02f7d0ad4ccb4b1beaac576"},"breadcrumb":{"@id":"https:\/\/fieldhockey.ca\/fr\/les-olympiens-sentraineront-sur-lile-de-vancouver-avant-de-senvoler-vers-rio\/#breadcrumb"},"inLanguage":"fr-CA","potentialAction":[{"@type":"ReadAction","target":["https:\/\/fieldhockey.ca\/fr\/les-olympiens-sentraineront-sur-lile-de-vancouver-avant-de-senvoler-vers-rio\/"]}]},{"@type":"ImageObject","inLanguage":"fr-CA","@id":"https:\/\/fieldhockey.ca\/fr\/les-olympiens-sentraineront-sur-lile-de-vancouver-avant-de-senvoler-vers-rio\/#primaryimage","url":"https:\/\/fieldhockey.ca\/wp-content\/uploads\/2016\/07\/IMG_8914-e1468340524465.jpg","contentUrl":"https:\/\/fieldhockey.ca\/wp-content\/uploads\/2016\/07\/IMG_8914-e1468340524465.jpg","width":850,"height":581,"caption":"Mark Pearson. Mens National Team. 2008. Vancouver Island. Uvic."},{"@type":"BreadcrumbList","@id":"https:\/\/fieldhockey.ca\/fr\/les-olympiens-sentraineront-sur-lile-de-vancouver-avant-de-senvoler-vers-rio\/#breadcrumb","itemListElement":[{"@type":"ListItem","position":1,"name":"Home","item":"https:\/\/fieldhockey.ca\/fr\/"},{"@type":"ListItem","position":2,"name":"Les Olympiens s\u2019entra\u00eeneront sur l\u2019Ile de Vancouver avant de s\u2019envoler vers Rio"}]},{"@type":"WebSite","@id":"https:\/\/fieldhockey.ca\/#website","url":"https:\/\/fieldhockey.ca\/","name":"Field Hockey Canada","description":"Canada\u2019s governing body for field hockey","potentialAction":[{"@type":"SearchAction","target":{"@type":"EntryPoint","urlTemplate":"https:\/\/fieldhockey.ca\/?s={search_term_string}"},"query-input":{"@type":"PropertyValueSpecification","valueRequired":true,"valueName":"search_term_string"}}],"inLanguage":"fr-CA"},{"@type":"Person","@id":"https:\/\/fieldhockey.ca\/#\/schema\/person\/605f0a83a02f7d0ad4ccb4b1beaac576","name":"Field Hockey Canada","image":{"@type":"ImageObject","inLanguage":"fr-CA","@id":"https:\/\/fieldhockey.ca\/#\/schema\/person\/image\/","url":"https:\/\/secure.gravatar.com\/avatar\/a4f9beb90d43ae518e817bfdba9a6519366ce75cd0860c92e6184f84364c6a53?s=96&d=mm&r=g","contentUrl":"https:\/\/secure.gravatar.com\/avatar\/a4f9beb90d43ae518e817bfdba9a6519366ce75cd0860c92e6184f84364c6a53?s=96&d=mm&r=g","caption":"Field Hockey Canada"},"url":"https:\/\/fieldhockey.ca\/fr\/author\/fhc_admin_user\/"}]}},"_links":{"self":[{"href":"https:\/\/fieldhockey.ca\/fr\/wp-json\/wp\/v2\/posts\/24255","targetHints":{"allow":["GET"]}}],"collection":[{"href":"https:\/\/fieldhockey.ca\/fr\/wp-json\/wp\/v2\/posts"}],"about":[{"href":"https:\/\/fieldhockey.ca\/fr\/wp-json\/wp\/v2\/types\/post"}],"author":[{"embeddable":true,"href":"https:\/\/fieldhockey.ca\/fr\/wp-json\/wp\/v2\/users\/1"}],"replies":[{"embeddable":true,"href":"https:\/\/fieldhockey.ca\/fr\/wp-json\/wp\/v2\/comments?post=24255"}],"version-history":[{"count":3,"href":"https:\/\/fieldhockey.ca\/fr\/wp-json\/wp\/v2\/posts\/24255\/revisions"}],"predecessor-version":[{"id":24258,"href":"https:\/\/fieldhockey.ca\/fr\/wp-json\/wp\/v2\/posts\/24255\/revisions\/24258"}],"wp:featuredmedia":[{"embeddable":true,"href":"https:\/\/fieldhockey.ca\/fr\/wp-json\/wp\/v2\/media\/23603"}],"wp:attachment":[{"href":"https:\/\/fieldhockey.ca\/fr\/wp-json\/wp\/v2\/media?parent=24255"}],"wp:term":[{"taxonomy":"category","embeddable":true,"href":"https:\/\/fieldhockey.ca\/fr\/wp-json\/wp\/v2\/categories?post=24255"},{"taxonomy":"post_tag","embeddable":true,"href":"https:\/\/fieldhockey.ca\/fr\/wp-json\/wp\/v2\/tags?post=24255"}],"curies":[{"name":"wp","href":"https:\/\/api.w.org\/{rel}","templated":true}]}}