{"id":24709,"date":"2016-10-11T09:30:31","date_gmt":"2016-10-11T16:30:31","guid":{"rendered":"http:\/\/www.fieldhockey.ca\/fr\/?p=24709"},"modified":"2016-10-28T09:32:04","modified_gmt":"2016-10-28T16:32:04","slug":"les-jeunes-canadiens-se-font-valoir-avec-la-selection-pour-la-cmj","status":"publish","type":"post","link":"https:\/\/fieldhockey.ca\/fr\/les-jeunes-canadiens-se-font-valoir-avec-la-selection-pour-la-cmj\/","title":{"rendered":"Les jeunes Canadiens se font valoir avec la s\u00e9lection pour la CMJ"},"content":{"rendered":"<p>Avec quatre de six matchs pr\u00e9paratoires d\u00e9j\u00e0 disput\u00e9s, l\u2019\u00e9quipe canadienne masculine U-21 a deux autres matchs \u00e0 jouer, offrant aux joueurs une derni\u00e8re occasion de se d\u00e9marquer avant la s\u00e9lection pour la Coupe du Monde Junior.<\/p>\n<p>\u00ab&nbsp;Les gars travaillent fort l\u2019un pour l\u2019autre et s\u2019encouragent, mais nous savons tous \u00e0 quel point nous sommes et que le temps est venu pour la s\u00e9lection&nbsp;\u00bb, indique l\u2019attaquant Amrit Sidhu. \u00ab&nbsp;Le niveau de comp\u00e9tition est vraiment \u00e9lev\u00e9.&nbsp;\u00bb<\/p>\n<p>La s\u00e9rie de six matchs se termine cette semaine alors que l\u2019\u00c9quipe canadienne pour la Coupe du Monde junior affrontera les Hawks de Vancouver mercredi et l\u2019\u00c9quipe canadienne senior de d\u00e9veloppement vendredi.<\/p>\n<p>Ces matchs seront suivis par le Camp d\u2019identification et de brevets du Programme national masculin, soit la semaine du 17 octobre avant la nomination de l\u2019\u00e9quipe la semaine suivante.<\/p>\n<p>\u00ab&nbsp;C\u2019est plut\u00f4t ardu, nous investissons tout&nbsp;\u00bb, raconte Michael Mackenzie qui n\u2019a pas \u00e9t\u00e9 retenu pour l\u2019\u00e9quipe du Championnat panam\u00e9ricain junior au mois de mai qui a servi de tournoi de qualification pour la Coupe du Monde. \u00ab&nbsp;Tous ces gars qui ont fait l\u2019\u00e9quipe travaillent pour garder leur poste et il y a tous les autres qui tentent d\u2019\u00eatre retenus cette fois.&nbsp;\u00bb<\/p>\n<p>Les 18 joueurs qui ont repr\u00e9sent\u00e9 le Canada aux Panam\u00e9ricains juniors \u00e0 Toronto le printemps dernier ont pass\u00e9 par ce processus auparavant et ils ont m\u00eame connu du succ\u00e8s en \u00e9tant retenus, mais l\u2019entra\u00eeneur de l\u2019\u00e9quipe nationale junior Inderpal Sehmbi a d\u00e9clar\u00e9 qu\u2019il n\u2019est pas li\u00e9 au groupe pour la Coupe du Monde et d\u2019autres joueurs ont d\u00e9montr\u00e9 d\u2019importants signes d\u2019am\u00e9lioration depuis.<\/p>\n<p>La composition de l\u2019alignement pour la Coupe du Monde n\u2019est donc pas claire encore, mais ce qui est certain est que les meilleurs joueurs canadiens seront retenus pour le voyage en Inde au mois de d\u00e9cembre, ce qui fait de ces deux derni\u00e8res semaines avant la s\u00e9lection un moment on ne peut plus important.<\/p>\n<p>\u00ab&nbsp;Je crois que mon niveau d\u2019effort est bon&nbsp;\u00bb, raconte Mackenzie. \u00ab&nbsp;Je dois simplement continuer \u00e0 pousser et si je le fais, je me vois \u00eatre retenu au sein de l\u2019\u00e9quipe.&nbsp;\u00bb<\/p>\n<p>L\u2019enjeu est donc \u00e9lev\u00e9 dans ces matchs pr\u00e9paratoires, intensifi\u00e9 par le fait que les juniors affrontent des joueurs seniors aguerris.<\/p>\n<p>Chaque match et chaque adversaire comprend des joueurs de l\u2019\u00e9quipe nationale senior d\u2019hier et d\u2019aujourd\u2019hui, notamment des membres de l\u2019\u00c9quipe canadienne olympique masculine des Jeux de 2016.<\/p>\n<p>C\u2019est voulu ainsi et comme l\u2019explique Sidhu, les joueurs juniors en profiteront tr\u00e8s bient\u00f4t.<\/p>\n<p>\u00ab&nbsp;C\u2019est \u00e9norme pour nous d\u2019apprendre, simplement de la fa\u00e7on dont ils lib\u00e8rent des espaces et de la fa\u00e7on dont ils communiquent. Ce sont des choses qu\u2019il nous faut pour \u00eatre bon dans les rangs seniors&nbsp;\u00bb, raconte le joueur originaire d\u2019Abbotsford en Colombie-Britannique.<\/p>\n<p>\u00ab&nbsp;Nous nous am\u00e9liorons collectivement, mais il y a beaucoup de choses sur lesquelles nous pouvons nous am\u00e9liorer et peaufiner. C\u2019est bon de faire ces erreurs dans ce type de match, comme cela nous ne commettrons pas ces erreurs \u00e0 la Coupe du Monde Junior.&nbsp;\u00bb<\/p>\n","protected":false},"excerpt":{"rendered":"<p>Avec quatre de six matchs pr\u00e9paratoires d\u00e9j\u00e0 disput\u00e9s, l\u2019\u00e9quipe canadienne masculine U-21 a deux autres matchs \u00e0 jouer, offrant aux joueurs une derni\u00e8re occasion de se d\u00e9marquer avant la s\u00e9lection pour la Coupe du Monde Junior.<\/p>\n","protected":false},"author":4,"featured_media":24645,"comment_status":"closed","ping_status":"open","sticky":false,"template":"","format":"standard","meta":{"footnotes":""},"categories":[365],"tags":[],"class_list":["post-24709","post","type-post","status-publish","format-standard","has-post-thumbnail","hentry","category-non-classifiee"],"yoast_head":"<!-- This site is optimized with the Yoast SEO plugin v26.8 - https:\/\/yoast.com\/product\/yoast-seo-wordpress\/ -->\n<title>Les jeunes Canadiens se font valoir avec la s\u00e9lection pour la CMJ - Field Hockey Canada<\/title>\n<meta name=\"robots\" content=\"index, follow, max-snippet:-1, max-image-preview:large, max-video-preview:-1\" \/>\n<link rel=\"canonical\" href=\"https:\/\/fieldhockey.ca\/fr\/les-jeunes-canadiens-se-font-valoir-avec-la-selection-pour-la-cmj\/\" \/>\n<meta property=\"og:locale\" content=\"fr_CA\" \/>\n<meta property=\"og:type\" content=\"article\" \/>\n<meta property=\"og:title\" content=\"Les jeunes Canadiens se font valoir avec la s\u00e9lection pour la CMJ - Field Hockey Canada\" \/>\n<meta property=\"og:description\" content=\"Avec quatre de six matchs pr\u00e9paratoires d\u00e9j\u00e0 disput\u00e9s, l\u2019\u00e9quipe canadienne masculine U-21 a deux autres matchs \u00e0 jouer, offrant aux joueurs une derni\u00e8re occasion de se d\u00e9marquer avant la s\u00e9lection pour la Coupe du Monde Junior.\" \/>\n<meta property=\"og:url\" content=\"https:\/\/fieldhockey.ca\/fr\/les-jeunes-canadiens-se-font-valoir-avec-la-selection-pour-la-cmj\/\" \/>\n<meta property=\"og:site_name\" content=\"Field Hockey Canada\" \/>\n<meta property=\"article:published_time\" content=\"2016-10-11T16:30:31+00:00\" \/>\n<meta property=\"article:modified_time\" content=\"2016-10-28T16:32:04+00:00\" \/>\n<meta property=\"og:image\" content=\"https:\/\/fieldhockey.ca\/wp-content\/uploads\/2016\/10\/2016_1005_u21_wvfhc_web-9-e1476204011257.jpg\" \/>\n\t<meta property=\"og:image:width\" content=\"850\" \/>\n\t<meta property=\"og:image:height\" content=\"566\" \/>\n\t<meta property=\"og:image:type\" content=\"image\/jpeg\" \/>\n<meta name=\"author\" content=\"Shaheed Devji\" \/>\n<meta name=\"twitter:card\" content=\"summary_large_image\" \/>\n<meta name=\"twitter:label1\" content=\"\u00c9crit par\" \/>\n\t<meta name=\"twitter:data1\" content=\"Shaheed Devji\" \/>\n\t<meta name=\"twitter:label2\" content=\"Estimation du temps de lecture\" \/>\n\t<meta name=\"twitter:data2\" content=\"3 minutes\" \/>\n<script type=\"application\/ld+json\" class=\"yoast-schema-graph\">{\"@context\":\"https:\/\/schema.org\",\"@graph\":[{\"@type\":\"Article\",\"@id\":\"https:\/\/fieldhockey.ca\/fr\/les-jeunes-canadiens-se-font-valoir-avec-la-selection-pour-la-cmj\/#article\",\"isPartOf\":{\"@id\":\"https:\/\/fieldhockey.ca\/fr\/les-jeunes-canadiens-se-font-valoir-avec-la-selection-pour-la-cmj\/\"},\"author\":{\"name\":\"Shaheed Devji\",\"@id\":\"https:\/\/fieldhockey.ca\/#\/schema\/person\/50e31731c0dc1372ccbc6648eb025b69\"},\"headline\":\"Les jeunes Canadiens se font valoir avec la s\u00e9lection pour la CMJ\",\"datePublished\":\"2016-10-11T16:30:31+00:00\",\"dateModified\":\"2016-10-28T16:32:04+00:00\",\"mainEntityOfPage\":{\"@id\":\"https:\/\/fieldhockey.ca\/fr\/les-jeunes-canadiens-se-font-valoir-avec-la-selection-pour-la-cmj\/\"},\"wordCount\":579,\"image\":{\"@id\":\"https:\/\/fieldhockey.ca\/fr\/les-jeunes-canadiens-se-font-valoir-avec-la-selection-pour-la-cmj\/#primaryimage\"},\"thumbnailUrl\":\"https:\/\/fieldhockey.ca\/wp-content\/uploads\/2016\/10\/2016_1005_u21_wvfhc_web-9-e1476204011257.jpg\",\"articleSection\":[\"Non classifi\u00e9(e)\"],\"inLanguage\":\"fr-CA\"},{\"@type\":\"WebPage\",\"@id\":\"https:\/\/fieldhockey.ca\/fr\/les-jeunes-canadiens-se-font-valoir-avec-la-selection-pour-la-cmj\/\",\"url\":\"https:\/\/fieldhockey.ca\/fr\/les-jeunes-canadiens-se-font-valoir-avec-la-selection-pour-la-cmj\/\",\"name\":\"Les jeunes Canadiens se font valoir avec la s\u00e9lection pour la CMJ - Field Hockey Canada\",\"isPartOf\":{\"@id\":\"https:\/\/fieldhockey.ca\/#website\"},\"primaryImageOfPage\":{\"@id\":\"https:\/\/fieldhockey.ca\/fr\/les-jeunes-canadiens-se-font-valoir-avec-la-selection-pour-la-cmj\/#primaryimage\"},\"image\":{\"@id\":\"https:\/\/fieldhockey.ca\/fr\/les-jeunes-canadiens-se-font-valoir-avec-la-selection-pour-la-cmj\/#primaryimage\"},\"thumbnailUrl\":\"https:\/\/fieldhockey.ca\/wp-content\/uploads\/2016\/10\/2016_1005_u21_wvfhc_web-9-e1476204011257.jpg\",\"datePublished\":\"2016-10-11T16:30:31+00:00\",\"dateModified\":\"2016-10-28T16:32:04+00:00\",\"author\":{\"@id\":\"https:\/\/fieldhockey.ca\/#\/schema\/person\/50e31731c0dc1372ccbc6648eb025b69\"},\"breadcrumb\":{\"@id\":\"https:\/\/fieldhockey.ca\/fr\/les-jeunes-canadiens-se-font-valoir-avec-la-selection-pour-la-cmj\/#breadcrumb\"},\"inLanguage\":\"fr-CA\",\"potentialAction\":[{\"@type\":\"ReadAction\",\"target\":[\"https:\/\/fieldhockey.ca\/fr\/les-jeunes-canadiens-se-font-valoir-avec-la-selection-pour-la-cmj\/\"]}]},{\"@type\":\"ImageObject\",\"inLanguage\":\"fr-CA\",\"@id\":\"https:\/\/fieldhockey.ca\/fr\/les-jeunes-canadiens-se-font-valoir-avec-la-selection-pour-la-cmj\/#primaryimage\",\"url\":\"https:\/\/fieldhockey.ca\/wp-content\/uploads\/2016\/10\/2016_1005_u21_wvfhc_web-9-e1476204011257.jpg\",\"contentUrl\":\"https:\/\/fieldhockey.ca\/wp-content\/uploads\/2016\/10\/2016_1005_u21_wvfhc_web-9-e1476204011257.jpg\",\"width\":850,\"height\":566,\"caption\":\"Canada Under-21 Junior Men's National Team vs West Vancouver October 5, 2016 in West Vancouver\"},{\"@type\":\"BreadcrumbList\",\"@id\":\"https:\/\/fieldhockey.ca\/fr\/les-jeunes-canadiens-se-font-valoir-avec-la-selection-pour-la-cmj\/#breadcrumb\",\"itemListElement\":[{\"@type\":\"ListItem\",\"position\":1,\"name\":\"Home\",\"item\":\"https:\/\/fieldhockey.ca\/fr\/\"},{\"@type\":\"ListItem\",\"position\":2,\"name\":\"Les jeunes Canadiens se font valoir avec la s\u00e9lection pour la CMJ\"}]},{\"@type\":\"WebSite\",\"@id\":\"https:\/\/fieldhockey.ca\/#website\",\"url\":\"https:\/\/fieldhockey.ca\/\",\"name\":\"Field Hockey Canada\",\"description\":\"Canada\u2019s governing body for field hockey\",\"potentialAction\":[{\"@type\":\"SearchAction\",\"target\":{\"@type\":\"EntryPoint\",\"urlTemplate\":\"https:\/\/fieldhockey.ca\/?s={search_term_string}\"},\"query-input\":{\"@type\":\"PropertyValueSpecification\",\"valueRequired\":true,\"valueName\":\"search_term_string\"}}],\"inLanguage\":\"fr-CA\"},{\"@type\":\"Person\",\"@id\":\"https:\/\/fieldhockey.ca\/#\/schema\/person\/50e31731c0dc1372ccbc6648eb025b69\",\"name\":\"Shaheed Devji\",\"image\":{\"@type\":\"ImageObject\",\"inLanguage\":\"fr-CA\",\"@id\":\"https:\/\/fieldhockey.ca\/#\/schema\/person\/image\/\",\"url\":\"https:\/\/secure.gravatar.com\/avatar\/49061c22a578dac59664dd0e0b494915a95e82e375ffbf34b9951f47077e18a9?s=96&d=mm&r=g\",\"contentUrl\":\"https:\/\/secure.gravatar.com\/avatar\/49061c22a578dac59664dd0e0b494915a95e82e375ffbf34b9951f47077e18a9?s=96&d=mm&r=g\",\"caption\":\"Shaheed Devji\"},\"url\":\"https:\/\/fieldhockey.ca\/fr\/author\/shaheed\/\"}]}<\/script>\n<!-- \/ Yoast SEO plugin. -->","yoast_head_json":{"title":"Les jeunes Canadiens se font valoir avec la s\u00e9lection pour la CMJ - Field Hockey Canada","robots":{"index":"index","follow":"follow","max-snippet":"max-snippet:-1","max-image-preview":"max-image-preview:large","max-video-preview":"max-video-preview:-1"},"canonical":"https:\/\/fieldhockey.ca\/fr\/les-jeunes-canadiens-se-font-valoir-avec-la-selection-pour-la-cmj\/","og_locale":"fr_CA","og_type":"article","og_title":"Les jeunes Canadiens se font valoir avec la s\u00e9lection pour la CMJ - Field Hockey Canada","og_description":"Avec quatre de six matchs pr\u00e9paratoires d\u00e9j\u00e0 disput\u00e9s, l\u2019\u00e9quipe canadienne masculine U-21 a deux autres matchs \u00e0 jouer, offrant aux joueurs une derni\u00e8re occasion de se d\u00e9marquer avant la s\u00e9lection pour la Coupe du Monde Junior.","og_url":"https:\/\/fieldhockey.ca\/fr\/les-jeunes-canadiens-se-font-valoir-avec-la-selection-pour-la-cmj\/","og_site_name":"Field Hockey Canada","article_published_time":"2016-10-11T16:30:31+00:00","article_modified_time":"2016-10-28T16:32:04+00:00","og_image":[{"width":850,"height":566,"url":"https:\/\/fieldhockey.ca\/wp-content\/uploads\/2016\/10\/2016_1005_u21_wvfhc_web-9-e1476204011257.jpg","type":"image\/jpeg"}],"author":"Shaheed Devji","twitter_card":"summary_large_image","twitter_misc":{"\u00c9crit par":"Shaheed Devji","Estimation du temps de lecture":"3 minutes"},"schema":{"@context":"https:\/\/schema.org","@graph":[{"@type":"Article","@id":"https:\/\/fieldhockey.ca\/fr\/les-jeunes-canadiens-se-font-valoir-avec-la-selection-pour-la-cmj\/#article","isPartOf":{"@id":"https:\/\/fieldhockey.ca\/fr\/les-jeunes-canadiens-se-font-valoir-avec-la-selection-pour-la-cmj\/"},"author":{"name":"Shaheed Devji","@id":"https:\/\/fieldhockey.ca\/#\/schema\/person\/50e31731c0dc1372ccbc6648eb025b69"},"headline":"Les jeunes Canadiens se font valoir avec la s\u00e9lection pour la CMJ","datePublished":"2016-10-11T16:30:31+00:00","dateModified":"2016-10-28T16:32:04+00:00","mainEntityOfPage":{"@id":"https:\/\/fieldhockey.ca\/fr\/les-jeunes-canadiens-se-font-valoir-avec-la-selection-pour-la-cmj\/"},"wordCount":579,"image":{"@id":"https:\/\/fieldhockey.ca\/fr\/les-jeunes-canadiens-se-font-valoir-avec-la-selection-pour-la-cmj\/#primaryimage"},"thumbnailUrl":"https:\/\/fieldhockey.ca\/wp-content\/uploads\/2016\/10\/2016_1005_u21_wvfhc_web-9-e1476204011257.jpg","articleSection":["Non classifi\u00e9(e)"],"inLanguage":"fr-CA"},{"@type":"WebPage","@id":"https:\/\/fieldhockey.ca\/fr\/les-jeunes-canadiens-se-font-valoir-avec-la-selection-pour-la-cmj\/","url":"https:\/\/fieldhockey.ca\/fr\/les-jeunes-canadiens-se-font-valoir-avec-la-selection-pour-la-cmj\/","name":"Les jeunes Canadiens se font valoir avec la s\u00e9lection pour la CMJ - Field Hockey Canada","isPartOf":{"@id":"https:\/\/fieldhockey.ca\/#website"},"primaryImageOfPage":{"@id":"https:\/\/fieldhockey.ca\/fr\/les-jeunes-canadiens-se-font-valoir-avec-la-selection-pour-la-cmj\/#primaryimage"},"image":{"@id":"https:\/\/fieldhockey.ca\/fr\/les-jeunes-canadiens-se-font-valoir-avec-la-selection-pour-la-cmj\/#primaryimage"},"thumbnailUrl":"https:\/\/fieldhockey.ca\/wp-content\/uploads\/2016\/10\/2016_1005_u21_wvfhc_web-9-e1476204011257.jpg","datePublished":"2016-10-11T16:30:31+00:00","dateModified":"2016-10-28T16:32:04+00:00","author":{"@id":"https:\/\/fieldhockey.ca\/#\/schema\/person\/50e31731c0dc1372ccbc6648eb025b69"},"breadcrumb":{"@id":"https:\/\/fieldhockey.ca\/fr\/les-jeunes-canadiens-se-font-valoir-avec-la-selection-pour-la-cmj\/#breadcrumb"},"inLanguage":"fr-CA","potentialAction":[{"@type":"ReadAction","target":["https:\/\/fieldhockey.ca\/fr\/les-jeunes-canadiens-se-font-valoir-avec-la-selection-pour-la-cmj\/"]}]},{"@type":"ImageObject","inLanguage":"fr-CA","@id":"https:\/\/fieldhockey.ca\/fr\/les-jeunes-canadiens-se-font-valoir-avec-la-selection-pour-la-cmj\/#primaryimage","url":"https:\/\/fieldhockey.ca\/wp-content\/uploads\/2016\/10\/2016_1005_u21_wvfhc_web-9-e1476204011257.jpg","contentUrl":"https:\/\/fieldhockey.ca\/wp-content\/uploads\/2016\/10\/2016_1005_u21_wvfhc_web-9-e1476204011257.jpg","width":850,"height":566,"caption":"Canada Under-21 Junior Men's National Team vs West Vancouver October 5, 2016 in West Vancouver"},{"@type":"BreadcrumbList","@id":"https:\/\/fieldhockey.ca\/fr\/les-jeunes-canadiens-se-font-valoir-avec-la-selection-pour-la-cmj\/#breadcrumb","itemListElement":[{"@type":"ListItem","position":1,"name":"Home","item":"https:\/\/fieldhockey.ca\/fr\/"},{"@type":"ListItem","position":2,"name":"Les jeunes Canadiens se font valoir avec la s\u00e9lection pour la CMJ"}]},{"@type":"WebSite","@id":"https:\/\/fieldhockey.ca\/#website","url":"https:\/\/fieldhockey.ca\/","name":"Field Hockey Canada","description":"Canada\u2019s governing body for field hockey","potentialAction":[{"@type":"SearchAction","target":{"@type":"EntryPoint","urlTemplate":"https:\/\/fieldhockey.ca\/?s={search_term_string}"},"query-input":{"@type":"PropertyValueSpecification","valueRequired":true,"valueName":"search_term_string"}}],"inLanguage":"fr-CA"},{"@type":"Person","@id":"https:\/\/fieldhockey.ca\/#\/schema\/person\/50e31731c0dc1372ccbc6648eb025b69","name":"Shaheed Devji","image":{"@type":"ImageObject","inLanguage":"fr-CA","@id":"https:\/\/fieldhockey.ca\/#\/schema\/person\/image\/","url":"https:\/\/secure.gravatar.com\/avatar\/49061c22a578dac59664dd0e0b494915a95e82e375ffbf34b9951f47077e18a9?s=96&d=mm&r=g","contentUrl":"https:\/\/secure.gravatar.com\/avatar\/49061c22a578dac59664dd0e0b494915a95e82e375ffbf34b9951f47077e18a9?s=96&d=mm&r=g","caption":"Shaheed Devji"},"url":"https:\/\/fieldhockey.ca\/fr\/author\/shaheed\/"}]}},"_links":{"self":[{"href":"https:\/\/fieldhockey.ca\/fr\/wp-json\/wp\/v2\/posts\/24709","targetHints":{"allow":["GET"]}}],"collection":[{"href":"https:\/\/fieldhockey.ca\/fr\/wp-json\/wp\/v2\/posts"}],"about":[{"href":"https:\/\/fieldhockey.ca\/fr\/wp-json\/wp\/v2\/types\/post"}],"author":[{"embeddable":true,"href":"https:\/\/fieldhockey.ca\/fr\/wp-json\/wp\/v2\/users\/4"}],"replies":[{"embeddable":true,"href":"https:\/\/fieldhockey.ca\/fr\/wp-json\/wp\/v2\/comments?post=24709"}],"version-history":[{"count":2,"href":"https:\/\/fieldhockey.ca\/fr\/wp-json\/wp\/v2\/posts\/24709\/revisions"}],"predecessor-version":[{"id":24711,"href":"https:\/\/fieldhockey.ca\/fr\/wp-json\/wp\/v2\/posts\/24709\/revisions\/24711"}],"wp:featuredmedia":[{"embeddable":true,"href":"https:\/\/fieldhockey.ca\/fr\/wp-json\/wp\/v2\/media\/24645"}],"wp:attachment":[{"href":"https:\/\/fieldhockey.ca\/fr\/wp-json\/wp\/v2\/media?parent=24709"}],"wp:term":[{"taxonomy":"category","embeddable":true,"href":"https:\/\/fieldhockey.ca\/fr\/wp-json\/wp\/v2\/categories?post=24709"},{"taxonomy":"post_tag","embeddable":true,"href":"https:\/\/fieldhockey.ca\/fr\/wp-json\/wp\/v2\/tags?post=24709"}],"curies":[{"name":"wp","href":"https:\/\/api.w.org\/{rel}","templated":true}]}}