{"id":24716,"date":"2016-10-14T09:42:53","date_gmt":"2016-10-14T16:42:53","guid":{"rendered":"http:\/\/www.fieldhockey.ca\/fr\/?p=24716"},"modified":"2016-10-28T11:04:49","modified_gmt":"2016-10-28T18:04:49","slug":"photos-retraite-de-lequipe-nationale-feminine-a-whistler","status":"publish","type":"post","link":"https:\/\/fieldhockey.ca\/fr\/photos-retraite-de-lequipe-nationale-feminine-a-whistler\/","title":{"rendered":"PHOTOS : Retraite de l\u2019\u00c9quipe nationale f\u00e9minine \u00e0 Whistler"},"content":{"rendered":"<p>Cette semaine, l\u2019\u00c9quipe canadienne f\u00e9minine de hockey sur gazon a fait un d\u00e9placement rapide de la r\u00e9gion de Vancouver vers Whistler pour une retraite de trois jours afin de d\u00e9marrer le nouveau cycle olympique de quatre ans avec style.<\/p>\n<p>Les Canadiennes ont r\u00e9sid\u00e9 au Centre des athl\u00e8tes de Whistler, un site d\u2019entra\u00eenement et d\u2019h\u00e9bergement de haute performance h\u00e9rit\u00e9 des Jeux olympiques d\u2019hiver de 2010, ou elles ont particip\u00e9 \u00e0 des s\u00e9ances d\u2019entra\u00eenement en gymnase et de conditionnement, une session de force mentale avec une psychologue du sport et ancienne joueuse canadienne de hockey sur gazon Karen MacNeill, et une session d\u2019improvisation collective avant de conclure avec une comp\u00e9tition amicale de biathlon au Parc olympique<\/p>\n\n\t\t<style type=\"text\/css\">\n\t\t\t#gallery-1 {\n\t\t\t\tmargin: auto;\n\t\t\t}\n\t\t\t#gallery-1 .gallery-item {\n\t\t\t\tfloat: left;\n\t\t\t\tmargin-top: 10px;\n\t\t\t\ttext-align: center;\n\t\t\t\twidth: 100%;\n\t\t\t}\n\t\t\t#gallery-1 img {\n\t\t\t\tborder: 2px solid #cfcfcf;\n\t\t\t}\n\t\t\t#gallery-1 .gallery-caption {\n\t\t\t\tmargin-left: 0;\n\t\t\t}\n\t\t\t\/* see gallery_shortcode() in wp-includes\/media.php *\/\n\t\t<\/style>\n\t\t<div id='gallery-1' class='gallery galleryid-24716 gallery-columns-1 gallery-size-large'><dl class='gallery-item'>\n\t\t\t<dt class='gallery-icon landscape'>\n\t\t\t\t<a href='https:\/\/fieldhockey.ca\/wp-content\/uploads\/2016\/10\/2016_1013_WNT_WhistlerBiathlon_Web-2-e1476464627194.jpg'><img loading=\"lazy\" decoding=\"async\" width=\"1024\" height=\"682\" src=\"https:\/\/fieldhockey.ca\/wp-content\/uploads\/2016\/10\/2016_1013_WNT_WhistlerBiathlon_Web-2-1024x682.jpg\" class=\"attachment-large size-large\" alt=\"\" aria-describedby=\"gallery-1-24662\" srcset=\"https:\/\/fieldhockey.ca\/wp-content\/uploads\/2016\/10\/2016_1013_WNT_WhistlerBiathlon_Web-2-1024x682.jpg 1024w, https:\/\/fieldhockey.ca\/wp-content\/uploads\/2016\/10\/2016_1013_WNT_WhistlerBiathlon_Web-2-300x200.jpg 300w, https:\/\/fieldhockey.ca\/wp-content\/uploads\/2016\/10\/2016_1013_WNT_WhistlerBiathlon_Web-2-768x512.jpg 768w, https:\/\/fieldhockey.ca\/wp-content\/uploads\/2016\/10\/2016_1013_WNT_WhistlerBiathlon_Web-2-e1476464627194.jpg 850w\" sizes=\"auto, (max-width: 1024px) 100vw, 1024px\" \/><\/a>\n\t\t\t<\/dt>\n\t\t\t\t<dd class='wp-caption-text gallery-caption' id='gallery-1-24662'>\n\t\t\t\tReady, set, go. \/ \u00c0 vos marques, pr\u00eates, partez!\n\t\t\t\t<\/dd><\/dl><br style=\"clear: both\" \/><dl class='gallery-item'>\n\t\t\t<dt class='gallery-icon landscape'>\n\t\t\t\t<a href='https:\/\/fieldhockey.ca\/wp-content\/uploads\/2016\/10\/2016_1013_WNT_WhistlerBiathlon_Web-4.jpg'><img loading=\"lazy\" decoding=\"async\" width=\"1024\" height=\"523\" src=\"https:\/\/fieldhockey.ca\/wp-content\/uploads\/2016\/10\/2016_1013_WNT_WhistlerBiathlon_Web-4-1024x523.jpg\" class=\"attachment-large size-large\" alt=\"\" aria-describedby=\"gallery-1-24664\" srcset=\"https:\/\/fieldhockey.ca\/wp-content\/uploads\/2016\/10\/2016_1013_WNT_WhistlerBiathlon_Web-4-1024x523.jpg 1024w, https:\/\/fieldhockey.ca\/wp-content\/uploads\/2016\/10\/2016_1013_WNT_WhistlerBiathlon_Web-4-300x153.jpg 300w, https:\/\/fieldhockey.ca\/wp-content\/uploads\/2016\/10\/2016_1013_WNT_WhistlerBiathlon_Web-4-768x392.jpg 768w, https:\/\/fieldhockey.ca\/wp-content\/uploads\/2016\/10\/2016_1013_WNT_WhistlerBiathlon_Web-4.jpg 1400w\" sizes=\"auto, (max-width: 1024px) 100vw, 1024px\" \/><\/a>\n\t\t\t<\/dt>\n\t\t\t\t<dd class='wp-caption-text gallery-caption' id='gallery-1-24664'>\n\t\t\t\tWhat a backdrop. \/ Quel endroit magnifique!\n\t\t\t\t<\/dd><\/dl><br style=\"clear: both\" \/><dl class='gallery-item'>\n\t\t\t<dt class='gallery-icon landscape'>\n\t\t\t\t<a href='https:\/\/fieldhockey.ca\/wp-content\/uploads\/2016\/10\/2016_1013_WNT_WhistlerBiathlon_Web-5.jpg'><img loading=\"lazy\" decoding=\"async\" width=\"1024\" height=\"682\" src=\"https:\/\/fieldhockey.ca\/wp-content\/uploads\/2016\/10\/2016_1013_WNT_WhistlerBiathlon_Web-5-1024x682.jpg\" class=\"attachment-large size-large\" alt=\"\" aria-describedby=\"gallery-1-24665\" srcset=\"https:\/\/fieldhockey.ca\/wp-content\/uploads\/2016\/10\/2016_1013_WNT_WhistlerBiathlon_Web-5-1024x682.jpg 1024w, https:\/\/fieldhockey.ca\/wp-content\/uploads\/2016\/10\/2016_1013_WNT_WhistlerBiathlon_Web-5-300x200.jpg 300w, https:\/\/fieldhockey.ca\/wp-content\/uploads\/2016\/10\/2016_1013_WNT_WhistlerBiathlon_Web-5-768x512.jpg 768w, https:\/\/fieldhockey.ca\/wp-content\/uploads\/2016\/10\/2016_1013_WNT_WhistlerBiathlon_Web-5.jpg 1400w\" sizes=\"auto, (max-width: 1024px) 100vw, 1024px\" \/><\/a>\n\t\t\t<\/dt>\n\t\t\t\t<dd class='wp-caption-text gallery-caption' id='gallery-1-24665'>\n\t\t\t\tRunning towards Tokyo 2020. \/ En route vers Tokyo 2020.\n\t\t\t\t<\/dd><\/dl><br style=\"clear: both\" \/><dl class='gallery-item'>\n\t\t\t<dt class='gallery-icon landscape'>\n\t\t\t\t<a href='https:\/\/fieldhockey.ca\/wp-content\/uploads\/2016\/10\/2016_1013_WNT_WhistlerBiathlon_Web-6.jpg'><img loading=\"lazy\" decoding=\"async\" width=\"1024\" height=\"682\" src=\"https:\/\/fieldhockey.ca\/wp-content\/uploads\/2016\/10\/2016_1013_WNT_WhistlerBiathlon_Web-6-1024x682.jpg\" class=\"attachment-large size-large\" alt=\"\" aria-describedby=\"gallery-1-24666\" srcset=\"https:\/\/fieldhockey.ca\/wp-content\/uploads\/2016\/10\/2016_1013_WNT_WhistlerBiathlon_Web-6-1024x682.jpg 1024w, https:\/\/fieldhockey.ca\/wp-content\/uploads\/2016\/10\/2016_1013_WNT_WhistlerBiathlon_Web-6-300x200.jpg 300w, https:\/\/fieldhockey.ca\/wp-content\/uploads\/2016\/10\/2016_1013_WNT_WhistlerBiathlon_Web-6-768x512.jpg 768w, https:\/\/fieldhockey.ca\/wp-content\/uploads\/2016\/10\/2016_1013_WNT_WhistlerBiathlon_Web-6.jpg 1400w\" sizes=\"auto, (max-width: 1024px) 100vw, 1024px\" \/><\/a>\n\t\t\t<\/dt>\n\t\t\t\t<dd class='wp-caption-text gallery-caption' id='gallery-1-24666'>\n\t\t\t\tFall in line. \/ Alignement.\n\t\t\t\t<\/dd><\/dl><br style=\"clear: both\" \/><dl class='gallery-item'>\n\t\t\t<dt class='gallery-icon landscape'>\n\t\t\t\t<a href='https:\/\/fieldhockey.ca\/wp-content\/uploads\/2016\/10\/2016_1013_WNT_WhistlerBiathlon_Web-7.jpg'><img loading=\"lazy\" decoding=\"async\" width=\"1024\" height=\"682\" src=\"https:\/\/fieldhockey.ca\/wp-content\/uploads\/2016\/10\/2016_1013_WNT_WhistlerBiathlon_Web-7-1024x682.jpg\" class=\"attachment-large size-large\" alt=\"\" aria-describedby=\"gallery-1-24667\" srcset=\"https:\/\/fieldhockey.ca\/wp-content\/uploads\/2016\/10\/2016_1013_WNT_WhistlerBiathlon_Web-7-1024x682.jpg 1024w, https:\/\/fieldhockey.ca\/wp-content\/uploads\/2016\/10\/2016_1013_WNT_WhistlerBiathlon_Web-7-300x200.jpg 300w, https:\/\/fieldhockey.ca\/wp-content\/uploads\/2016\/10\/2016_1013_WNT_WhistlerBiathlon_Web-7-768x512.jpg 768w, https:\/\/fieldhockey.ca\/wp-content\/uploads\/2016\/10\/2016_1013_WNT_WhistlerBiathlon_Web-7.jpg 1400w\" sizes=\"auto, (max-width: 1024px) 100vw, 1024px\" \/><\/a>\n\t\t\t<\/dt>\n\t\t\t\t<dd class='wp-caption-text gallery-caption' id='gallery-1-24667'>\n\t\t\t\tCross-training. \/ Entra\u00eenement crois\u00e9\n\t\t\t\t<\/dd><\/dl><br style=\"clear: both\" \/><dl class='gallery-item'>\n\t\t\t<dt class='gallery-icon landscape'>\n\t\t\t\t<a href='https:\/\/fieldhockey.ca\/wp-content\/uploads\/2016\/10\/2016_1013_WNT_WhistlerBiathlon_Web-8.jpg'><img loading=\"lazy\" decoding=\"async\" width=\"1024\" height=\"682\" src=\"https:\/\/fieldhockey.ca\/wp-content\/uploads\/2016\/10\/2016_1013_WNT_WhistlerBiathlon_Web-8-1024x682.jpg\" class=\"attachment-large size-large\" alt=\"\" aria-describedby=\"gallery-1-24668\" srcset=\"https:\/\/fieldhockey.ca\/wp-content\/uploads\/2016\/10\/2016_1013_WNT_WhistlerBiathlon_Web-8-1024x682.jpg 1024w, https:\/\/fieldhockey.ca\/wp-content\/uploads\/2016\/10\/2016_1013_WNT_WhistlerBiathlon_Web-8-300x200.jpg 300w, https:\/\/fieldhockey.ca\/wp-content\/uploads\/2016\/10\/2016_1013_WNT_WhistlerBiathlon_Web-8-768x512.jpg 768w, https:\/\/fieldhockey.ca\/wp-content\/uploads\/2016\/10\/2016_1013_WNT_WhistlerBiathlon_Web-8.jpg 1400w\" sizes=\"auto, (max-width: 1024px) 100vw, 1024px\" \/><\/a>\n\t\t\t<\/dt>\n\t\t\t\t<dd class='wp-caption-text gallery-caption' id='gallery-1-24668'>\n\t\t\t\tPodium shot! \/ Une place au sommet!\n\t\t\t\t<\/dd><\/dl><br style=\"clear: both\" \/><dl class='gallery-item'>\n\t\t\t<dt class='gallery-icon landscape'>\n\t\t\t\t<a href='https:\/\/fieldhockey.ca\/wp-content\/uploads\/2016\/10\/2016_1013_WNT_WhistlerBiathlon_Web-10.jpg'><img loading=\"lazy\" decoding=\"async\" width=\"1024\" height=\"768\" src=\"https:\/\/fieldhockey.ca\/wp-content\/uploads\/2016\/10\/2016_1013_WNT_WhistlerBiathlon_Web-10-1024x768.jpg\" class=\"attachment-large size-large\" alt=\"\" aria-describedby=\"gallery-1-24670\" srcset=\"https:\/\/fieldhockey.ca\/wp-content\/uploads\/2016\/10\/2016_1013_WNT_WhistlerBiathlon_Web-10-1024x768.jpg 1024w, https:\/\/fieldhockey.ca\/wp-content\/uploads\/2016\/10\/2016_1013_WNT_WhistlerBiathlon_Web-10-300x225.jpg 300w, https:\/\/fieldhockey.ca\/wp-content\/uploads\/2016\/10\/2016_1013_WNT_WhistlerBiathlon_Web-10-768x576.jpg 768w, https:\/\/fieldhockey.ca\/wp-content\/uploads\/2016\/10\/2016_1013_WNT_WhistlerBiathlon_Web-10.jpg 1400w\" sizes=\"auto, (max-width: 1024px) 100vw, 1024px\" \/><\/a>\n\t\t\t<\/dt>\n\t\t\t\t<dd class='wp-caption-text gallery-caption' id='gallery-1-24670'>\n\t\t\t\tThe winning biathlon relay team. \/ L\u2019\u00e9quipe gagnante du relais de biathlon.\n\t\t\t\t<\/dd><\/dl><br style=\"clear: both\" \/><dl class='gallery-item'>\n\t\t\t<dt class='gallery-icon landscape'>\n\t\t\t\t<a href='https:\/\/fieldhockey.ca\/wp-content\/uploads\/2016\/10\/2016_1013_WNT_WhistlerBiathlon_Web-11.jpg'><img loading=\"lazy\" decoding=\"async\" width=\"1024\" height=\"768\" src=\"https:\/\/fieldhockey.ca\/wp-content\/uploads\/2016\/10\/2016_1013_WNT_WhistlerBiathlon_Web-11-1024x768.jpg\" class=\"attachment-large size-large\" alt=\"\" aria-describedby=\"gallery-1-24671\" srcset=\"https:\/\/fieldhockey.ca\/wp-content\/uploads\/2016\/10\/2016_1013_WNT_WhistlerBiathlon_Web-11-1024x768.jpg 1024w, https:\/\/fieldhockey.ca\/wp-content\/uploads\/2016\/10\/2016_1013_WNT_WhistlerBiathlon_Web-11-300x225.jpg 300w, https:\/\/fieldhockey.ca\/wp-content\/uploads\/2016\/10\/2016_1013_WNT_WhistlerBiathlon_Web-11-768x576.jpg 768w, https:\/\/fieldhockey.ca\/wp-content\/uploads\/2016\/10\/2016_1013_WNT_WhistlerBiathlon_Web-11.jpg 1400w\" sizes=\"auto, (max-width: 1024px) 100vw, 1024px\" \/><\/a>\n\t\t\t<\/dt>\n\t\t\t\t<dd class='wp-caption-text gallery-caption' id='gallery-1-24671'>\n\t\t\t\tTeam shot! \/ Photo d\u2019\u00e9quipe!\n\t\t\t\t<\/dd><\/dl><br style=\"clear: both\" \/><dl class='gallery-item'>\n\t\t\t<dt class='gallery-icon landscape'>\n\t\t\t\t<a href='https:\/\/fieldhockey.ca\/wp-content\/uploads\/2016\/10\/2016_1013_WNT_WhistlerBiathlon_Web-1.jpg'><img loading=\"lazy\" decoding=\"async\" width=\"1024\" height=\"541\" src=\"https:\/\/fieldhockey.ca\/wp-content\/uploads\/2016\/10\/2016_1013_WNT_WhistlerBiathlon_Web-1-1024x541.jpg\" class=\"attachment-large size-large\" alt=\"\" aria-describedby=\"gallery-1-24661\" srcset=\"https:\/\/fieldhockey.ca\/wp-content\/uploads\/2016\/10\/2016_1013_WNT_WhistlerBiathlon_Web-1-1024x541.jpg 1024w, https:\/\/fieldhockey.ca\/wp-content\/uploads\/2016\/10\/2016_1013_WNT_WhistlerBiathlon_Web-1-300x158.jpg 300w, https:\/\/fieldhockey.ca\/wp-content\/uploads\/2016\/10\/2016_1013_WNT_WhistlerBiathlon_Web-1-768x405.jpg 768w, https:\/\/fieldhockey.ca\/wp-content\/uploads\/2016\/10\/2016_1013_WNT_WhistlerBiathlon_Web-1.jpg 1400w\" sizes=\"auto, (max-width: 1024px) 100vw, 1024px\" \/><\/a>\n\t\t\t<\/dt>\n\t\t\t\t<dd class='wp-caption-text gallery-caption' id='gallery-1-24661'>\n\t\t\t\tTaking aim. \/ \nViser juste.\n\n\t\t\t\t<\/dd><\/dl><br style=\"clear: both\" \/><dl class='gallery-item'>\n\t\t\t<dt class='gallery-icon landscape'>\n\t\t\t\t<a href='https:\/\/fieldhockey.ca\/wp-content\/uploads\/2016\/10\/2016_1013_WNT_WhistlerBiathlon_Web-12.jpg'><img loading=\"lazy\" decoding=\"async\" width=\"1024\" height=\"682\" src=\"https:\/\/fieldhockey.ca\/wp-content\/uploads\/2016\/10\/2016_1013_WNT_WhistlerBiathlon_Web-12-1024x682.jpg\" class=\"attachment-large size-large\" alt=\"\" aria-describedby=\"gallery-1-24672\" srcset=\"https:\/\/fieldhockey.ca\/wp-content\/uploads\/2016\/10\/2016_1013_WNT_WhistlerBiathlon_Web-12-1024x682.jpg 1024w, https:\/\/fieldhockey.ca\/wp-content\/uploads\/2016\/10\/2016_1013_WNT_WhistlerBiathlon_Web-12-300x200.jpg 300w, https:\/\/fieldhockey.ca\/wp-content\/uploads\/2016\/10\/2016_1013_WNT_WhistlerBiathlon_Web-12-768x512.jpg 768w, https:\/\/fieldhockey.ca\/wp-content\/uploads\/2016\/10\/2016_1013_WNT_WhistlerBiathlon_Web-12.jpg 1400w\" sizes=\"auto, (max-width: 1024px) 100vw, 1024px\" \/><\/a>\n\t\t\t<\/dt>\n\t\t\t\t<dd class='wp-caption-text gallery-caption' id='gallery-1-24672'>\n\t\t\t\tCoach Rutledge getting in on the action. \/ L\u2019entra\u00eeneur Rutledge participe \u00e0 la comp\u00e9tition\n\t\t\t\t<\/dd><\/dl><br style=\"clear: both\" \/><dl class='gallery-item'>\n\t\t\t<dt class='gallery-icon portrait'>\n\t\t\t\t<a href='https:\/\/fieldhockey.ca\/wp-content\/uploads\/2016\/10\/IMG_6173-e1476464428408.jpg'><img loading=\"lazy\" decoding=\"async\" width=\"768\" height=\"1024\" src=\"https:\/\/fieldhockey.ca\/wp-content\/uploads\/2016\/10\/IMG_6173-e1476464404208-768x1024.jpg\" class=\"attachment-large size-large\" alt=\"\" aria-describedby=\"gallery-1-24658\" srcset=\"https:\/\/fieldhockey.ca\/wp-content\/uploads\/2016\/10\/IMG_6173-e1476464404208-768x1024.jpg 768w, https:\/\/fieldhockey.ca\/wp-content\/uploads\/2016\/10\/IMG_6173-e1476464404208-225x300.jpg 225w\" sizes=\"auto, (max-width: 768px) 100vw, 768px\" \/><\/a>\n\t\t\t<\/dt>\n\t\t\t\t<dd class='wp-caption-text gallery-caption' id='gallery-1-24658'>\n\t\t\t\tWorking out! \/ Au travail!\n\t\t\t\t<\/dd><\/dl><br style=\"clear: both\" \/><dl class='gallery-item'>\n\t\t\t<dt class='gallery-icon landscape'>\n\t\t\t\t<a href='https:\/\/fieldhockey.ca\/wp-content\/uploads\/2016\/10\/IMG_6185-e1476464436688.jpg'><img loading=\"lazy\" decoding=\"async\" width=\"1024\" height=\"768\" src=\"https:\/\/fieldhockey.ca\/wp-content\/uploads\/2016\/10\/IMG_6185-1024x768.jpg\" class=\"attachment-large size-large\" alt=\"\" aria-describedby=\"gallery-1-24659\" srcset=\"https:\/\/fieldhockey.ca\/wp-content\/uploads\/2016\/10\/IMG_6185-1024x768.jpg 1024w, https:\/\/fieldhockey.ca\/wp-content\/uploads\/2016\/10\/IMG_6185-300x225.jpg 300w, https:\/\/fieldhockey.ca\/wp-content\/uploads\/2016\/10\/IMG_6185-768x576.jpg 768w, https:\/\/fieldhockey.ca\/wp-content\/uploads\/2016\/10\/IMG_6185-e1476464436688.jpg 850w\" sizes=\"auto, (max-width: 1024px) 100vw, 1024px\" \/><\/a>\n\t\t\t<\/dt>\n\t\t\t\t<dd class='wp-caption-text gallery-caption' id='gallery-1-24659'>\n\t\t\t\tFun and games during the improv session. \/ Du plaisir et des rires durant la session d\u2019improvisation.\n\t\t\t\t<\/dd><\/dl><br style=\"clear: both\" \/><dl class='gallery-item'>\n\t\t\t<dt class='gallery-icon landscape'>\n\t\t\t\t<a href='https:\/\/fieldhockey.ca\/wp-content\/uploads\/2016\/10\/IMG_6192-e1476464446626.jpg'><img loading=\"lazy\" decoding=\"async\" width=\"1024\" height=\"768\" src=\"https:\/\/fieldhockey.ca\/wp-content\/uploads\/2016\/10\/IMG_6192-1024x768.jpg\" class=\"attachment-large size-large\" alt=\"\" aria-describedby=\"gallery-1-24660\" srcset=\"https:\/\/fieldhockey.ca\/wp-content\/uploads\/2016\/10\/IMG_6192-1024x768.jpg 1024w, https:\/\/fieldhockey.ca\/wp-content\/uploads\/2016\/10\/IMG_6192-300x225.jpg 300w, https:\/\/fieldhockey.ca\/wp-content\/uploads\/2016\/10\/IMG_6192-768x576.jpg 768w, https:\/\/fieldhockey.ca\/wp-content\/uploads\/2016\/10\/IMG_6192-e1476464446626.jpg 850w\" sizes=\"auto, (max-width: 1024px) 100vw, 1024px\" \/><\/a>\n\t\t\t<\/dt>\n\t\t\t\t<dd class='wp-caption-text gallery-caption' id='gallery-1-24660'>\n\t\t\t\tMentally strong. \/ La \u00ab force du mental \u00bb!\n\t\t\t\t<\/dd><\/dl><br style=\"clear: both\" \/>\n\t\t<\/div>\n\n","protected":false},"excerpt":{"rendered":"<p>Cette semaine, l\u2019\u00c9quipe canadienne f\u00e9minine de hockey sur gazon a fait un d\u00e9placement rapide de la r\u00e9gion de Vancouver vers Whistler pour une retraite de trois jours afin de d\u00e9marrer le nouveau cycle olympique de quatre ans avec style.<\/p>\n","protected":false},"author":4,"featured_media":24663,"comment_status":"closed","ping_status":"open","sticky":false,"template":"","format":"standard","meta":{"footnotes":""},"categories":[365],"tags":[],"class_list":["post-24716","post","type-post","status-publish","format-standard","has-post-thumbnail","hentry","category-non-classifiee"],"yoast_head":"<!-- This site is optimized with the Yoast SEO plugin v26.8 - https:\/\/yoast.com\/product\/yoast-seo-wordpress\/ -->\n<title>PHOTOS : Retraite de l\u2019\u00c9quipe nationale f\u00e9minine \u00e0 Whistler - Field Hockey Canada<\/title>\n<meta name=\"robots\" content=\"index, follow, max-snippet:-1, max-image-preview:large, max-video-preview:-1\" \/>\n<link rel=\"canonical\" href=\"https:\/\/fieldhockey.ca\/fr\/photos-retraite-de-lequipe-nationale-feminine-a-whistler\/\" \/>\n<meta property=\"og:locale\" content=\"fr_CA\" \/>\n<meta property=\"og:type\" content=\"article\" \/>\n<meta property=\"og:title\" content=\"PHOTOS : Retraite de l\u2019\u00c9quipe nationale f\u00e9minine \u00e0 Whistler - Field Hockey Canada\" \/>\n<meta property=\"og:description\" content=\"Cette semaine, l\u2019\u00c9quipe canadienne f\u00e9minine de hockey sur gazon a fait un d\u00e9placement rapide de la r\u00e9gion de Vancouver vers Whistler pour une retraite de trois jours afin de d\u00e9marrer le nouveau cycle olympique de quatre ans avec style.\" \/>\n<meta property=\"og:url\" content=\"https:\/\/fieldhockey.ca\/fr\/photos-retraite-de-lequipe-nationale-feminine-a-whistler\/\" \/>\n<meta property=\"og:site_name\" content=\"Field Hockey Canada\" \/>\n<meta property=\"article:published_time\" content=\"2016-10-14T16:42:53+00:00\" \/>\n<meta property=\"article:modified_time\" content=\"2016-10-28T18:04:49+00:00\" \/>\n<meta property=\"og:image\" content=\"https:\/\/fieldhockey.ca\/wp-content\/uploads\/2016\/10\/2016_1013_WNT_WhistlerBiathlon_Web-3-e1476464643134.jpg\" \/>\n\t<meta property=\"og:image:width\" content=\"850\" \/>\n\t<meta property=\"og:image:height\" content=\"566\" \/>\n\t<meta property=\"og:image:type\" content=\"image\/jpeg\" \/>\n<meta name=\"author\" content=\"Shaheed Devji\" \/>\n<meta name=\"twitter:card\" content=\"summary_large_image\" \/>\n<meta name=\"twitter:label1\" content=\"\u00c9crit par\" \/>\n\t<meta name=\"twitter:data1\" content=\"Shaheed Devji\" \/>\n\t<meta name=\"twitter:label2\" content=\"Estimation du temps de lecture\" \/>\n\t<meta name=\"twitter:data2\" content=\"1 minute\" \/>\n<script type=\"application\/ld+json\" class=\"yoast-schema-graph\">{\"@context\":\"https:\/\/schema.org\",\"@graph\":[{\"@type\":\"Article\",\"@id\":\"https:\/\/fieldhockey.ca\/fr\/photos-retraite-de-lequipe-nationale-feminine-a-whistler\/#article\",\"isPartOf\":{\"@id\":\"https:\/\/fieldhockey.ca\/fr\/photos-retraite-de-lequipe-nationale-feminine-a-whistler\/\"},\"author\":{\"name\":\"Shaheed Devji\",\"@id\":\"https:\/\/fieldhockey.ca\/#\/schema\/person\/50e31731c0dc1372ccbc6648eb025b69\"},\"headline\":\"PHOTOS : Retraite de l\u2019\u00c9quipe nationale f\u00e9minine \u00e0 Whistler\",\"datePublished\":\"2016-10-14T16:42:53+00:00\",\"dateModified\":\"2016-10-28T18:04:49+00:00\",\"mainEntityOfPage\":{\"@id\":\"https:\/\/fieldhockey.ca\/fr\/photos-retraite-de-lequipe-nationale-feminine-a-whistler\/\"},\"wordCount\":146,\"image\":{\"@id\":\"https:\/\/fieldhockey.ca\/fr\/photos-retraite-de-lequipe-nationale-feminine-a-whistler\/#primaryimage\"},\"thumbnailUrl\":\"https:\/\/fieldhockey.ca\/wp-content\/uploads\/2016\/10\/2016_1013_WNT_WhistlerBiathlon_Web-3-e1476464643134.jpg\",\"articleSection\":[\"Non classifi\u00e9(e)\"],\"inLanguage\":\"fr-CA\"},{\"@type\":\"WebPage\",\"@id\":\"https:\/\/fieldhockey.ca\/fr\/photos-retraite-de-lequipe-nationale-feminine-a-whistler\/\",\"url\":\"https:\/\/fieldhockey.ca\/fr\/photos-retraite-de-lequipe-nationale-feminine-a-whistler\/\",\"name\":\"PHOTOS : Retraite de l\u2019\u00c9quipe nationale f\u00e9minine \u00e0 Whistler - Field Hockey Canada\",\"isPartOf\":{\"@id\":\"https:\/\/fieldhockey.ca\/#website\"},\"primaryImageOfPage\":{\"@id\":\"https:\/\/fieldhockey.ca\/fr\/photos-retraite-de-lequipe-nationale-feminine-a-whistler\/#primaryimage\"},\"image\":{\"@id\":\"https:\/\/fieldhockey.ca\/fr\/photos-retraite-de-lequipe-nationale-feminine-a-whistler\/#primaryimage\"},\"thumbnailUrl\":\"https:\/\/fieldhockey.ca\/wp-content\/uploads\/2016\/10\/2016_1013_WNT_WhistlerBiathlon_Web-3-e1476464643134.jpg\",\"datePublished\":\"2016-10-14T16:42:53+00:00\",\"dateModified\":\"2016-10-28T18:04:49+00:00\",\"author\":{\"@id\":\"https:\/\/fieldhockey.ca\/#\/schema\/person\/50e31731c0dc1372ccbc6648eb025b69\"},\"breadcrumb\":{\"@id\":\"https:\/\/fieldhockey.ca\/fr\/photos-retraite-de-lequipe-nationale-feminine-a-whistler\/#breadcrumb\"},\"inLanguage\":\"fr-CA\",\"potentialAction\":[{\"@type\":\"ReadAction\",\"target\":[\"https:\/\/fieldhockey.ca\/fr\/photos-retraite-de-lequipe-nationale-feminine-a-whistler\/\"]}]},{\"@type\":\"ImageObject\",\"inLanguage\":\"fr-CA\",\"@id\":\"https:\/\/fieldhockey.ca\/fr\/photos-retraite-de-lequipe-nationale-feminine-a-whistler\/#primaryimage\",\"url\":\"https:\/\/fieldhockey.ca\/wp-content\/uploads\/2016\/10\/2016_1013_WNT_WhistlerBiathlon_Web-3-e1476464643134.jpg\",\"contentUrl\":\"https:\/\/fieldhockey.ca\/wp-content\/uploads\/2016\/10\/2016_1013_WNT_WhistlerBiathlon_Web-3-e1476464643134.jpg\",\"width\":850,\"height\":566,\"caption\":\"Getting our ducks in a row. \/ \u00c0 la chasse aux canards.\"},{\"@type\":\"BreadcrumbList\",\"@id\":\"https:\/\/fieldhockey.ca\/fr\/photos-retraite-de-lequipe-nationale-feminine-a-whistler\/#breadcrumb\",\"itemListElement\":[{\"@type\":\"ListItem\",\"position\":1,\"name\":\"Home\",\"item\":\"https:\/\/fieldhockey.ca\/fr\/\"},{\"@type\":\"ListItem\",\"position\":2,\"name\":\"PHOTOS : Retraite de l\u2019\u00c9quipe nationale f\u00e9minine \u00e0 Whistler\"}]},{\"@type\":\"WebSite\",\"@id\":\"https:\/\/fieldhockey.ca\/#website\",\"url\":\"https:\/\/fieldhockey.ca\/\",\"name\":\"Field Hockey Canada\",\"description\":\"Canada\u2019s governing body for field hockey\",\"potentialAction\":[{\"@type\":\"SearchAction\",\"target\":{\"@type\":\"EntryPoint\",\"urlTemplate\":\"https:\/\/fieldhockey.ca\/?s={search_term_string}\"},\"query-input\":{\"@type\":\"PropertyValueSpecification\",\"valueRequired\":true,\"valueName\":\"search_term_string\"}}],\"inLanguage\":\"fr-CA\"},{\"@type\":\"Person\",\"@id\":\"https:\/\/fieldhockey.ca\/#\/schema\/person\/50e31731c0dc1372ccbc6648eb025b69\",\"name\":\"Shaheed Devji\",\"image\":{\"@type\":\"ImageObject\",\"inLanguage\":\"fr-CA\",\"@id\":\"https:\/\/fieldhockey.ca\/#\/schema\/person\/image\/\",\"url\":\"https:\/\/secure.gravatar.com\/avatar\/49061c22a578dac59664dd0e0b494915a95e82e375ffbf34b9951f47077e18a9?s=96&d=mm&r=g\",\"contentUrl\":\"https:\/\/secure.gravatar.com\/avatar\/49061c22a578dac59664dd0e0b494915a95e82e375ffbf34b9951f47077e18a9?s=96&d=mm&r=g\",\"caption\":\"Shaheed Devji\"},\"url\":\"https:\/\/fieldhockey.ca\/fr\/author\/shaheed\/\"}]}<\/script>\n<!-- \/ Yoast SEO plugin. -->","yoast_head_json":{"title":"PHOTOS : Retraite de l\u2019\u00c9quipe nationale f\u00e9minine \u00e0 Whistler - Field Hockey Canada","robots":{"index":"index","follow":"follow","max-snippet":"max-snippet:-1","max-image-preview":"max-image-preview:large","max-video-preview":"max-video-preview:-1"},"canonical":"https:\/\/fieldhockey.ca\/fr\/photos-retraite-de-lequipe-nationale-feminine-a-whistler\/","og_locale":"fr_CA","og_type":"article","og_title":"PHOTOS : Retraite de l\u2019\u00c9quipe nationale f\u00e9minine \u00e0 Whistler - Field Hockey Canada","og_description":"Cette semaine, l\u2019\u00c9quipe canadienne f\u00e9minine de hockey sur gazon a fait un d\u00e9placement rapide de la r\u00e9gion de Vancouver vers Whistler pour une retraite de trois jours afin de d\u00e9marrer le nouveau cycle olympique de quatre ans avec style.","og_url":"https:\/\/fieldhockey.ca\/fr\/photos-retraite-de-lequipe-nationale-feminine-a-whistler\/","og_site_name":"Field Hockey Canada","article_published_time":"2016-10-14T16:42:53+00:00","article_modified_time":"2016-10-28T18:04:49+00:00","og_image":[{"width":850,"height":566,"url":"https:\/\/fieldhockey.ca\/wp-content\/uploads\/2016\/10\/2016_1013_WNT_WhistlerBiathlon_Web-3-e1476464643134.jpg","type":"image\/jpeg"}],"author":"Shaheed Devji","twitter_card":"summary_large_image","twitter_misc":{"\u00c9crit par":"Shaheed Devji","Estimation du temps de lecture":"1 minute"},"schema":{"@context":"https:\/\/schema.org","@graph":[{"@type":"Article","@id":"https:\/\/fieldhockey.ca\/fr\/photos-retraite-de-lequipe-nationale-feminine-a-whistler\/#article","isPartOf":{"@id":"https:\/\/fieldhockey.ca\/fr\/photos-retraite-de-lequipe-nationale-feminine-a-whistler\/"},"author":{"name":"Shaheed Devji","@id":"https:\/\/fieldhockey.ca\/#\/schema\/person\/50e31731c0dc1372ccbc6648eb025b69"},"headline":"PHOTOS : Retraite de l\u2019\u00c9quipe nationale f\u00e9minine \u00e0 Whistler","datePublished":"2016-10-14T16:42:53+00:00","dateModified":"2016-10-28T18:04:49+00:00","mainEntityOfPage":{"@id":"https:\/\/fieldhockey.ca\/fr\/photos-retraite-de-lequipe-nationale-feminine-a-whistler\/"},"wordCount":146,"image":{"@id":"https:\/\/fieldhockey.ca\/fr\/photos-retraite-de-lequipe-nationale-feminine-a-whistler\/#primaryimage"},"thumbnailUrl":"https:\/\/fieldhockey.ca\/wp-content\/uploads\/2016\/10\/2016_1013_WNT_WhistlerBiathlon_Web-3-e1476464643134.jpg","articleSection":["Non classifi\u00e9(e)"],"inLanguage":"fr-CA"},{"@type":"WebPage","@id":"https:\/\/fieldhockey.ca\/fr\/photos-retraite-de-lequipe-nationale-feminine-a-whistler\/","url":"https:\/\/fieldhockey.ca\/fr\/photos-retraite-de-lequipe-nationale-feminine-a-whistler\/","name":"PHOTOS : Retraite de l\u2019\u00c9quipe nationale f\u00e9minine \u00e0 Whistler - Field Hockey Canada","isPartOf":{"@id":"https:\/\/fieldhockey.ca\/#website"},"primaryImageOfPage":{"@id":"https:\/\/fieldhockey.ca\/fr\/photos-retraite-de-lequipe-nationale-feminine-a-whistler\/#primaryimage"},"image":{"@id":"https:\/\/fieldhockey.ca\/fr\/photos-retraite-de-lequipe-nationale-feminine-a-whistler\/#primaryimage"},"thumbnailUrl":"https:\/\/fieldhockey.ca\/wp-content\/uploads\/2016\/10\/2016_1013_WNT_WhistlerBiathlon_Web-3-e1476464643134.jpg","datePublished":"2016-10-14T16:42:53+00:00","dateModified":"2016-10-28T18:04:49+00:00","author":{"@id":"https:\/\/fieldhockey.ca\/#\/schema\/person\/50e31731c0dc1372ccbc6648eb025b69"},"breadcrumb":{"@id":"https:\/\/fieldhockey.ca\/fr\/photos-retraite-de-lequipe-nationale-feminine-a-whistler\/#breadcrumb"},"inLanguage":"fr-CA","potentialAction":[{"@type":"ReadAction","target":["https:\/\/fieldhockey.ca\/fr\/photos-retraite-de-lequipe-nationale-feminine-a-whistler\/"]}]},{"@type":"ImageObject","inLanguage":"fr-CA","@id":"https:\/\/fieldhockey.ca\/fr\/photos-retraite-de-lequipe-nationale-feminine-a-whistler\/#primaryimage","url":"https:\/\/fieldhockey.ca\/wp-content\/uploads\/2016\/10\/2016_1013_WNT_WhistlerBiathlon_Web-3-e1476464643134.jpg","contentUrl":"https:\/\/fieldhockey.ca\/wp-content\/uploads\/2016\/10\/2016_1013_WNT_WhistlerBiathlon_Web-3-e1476464643134.jpg","width":850,"height":566,"caption":"Getting our ducks in a row. \/ \u00c0 la chasse aux canards."},{"@type":"BreadcrumbList","@id":"https:\/\/fieldhockey.ca\/fr\/photos-retraite-de-lequipe-nationale-feminine-a-whistler\/#breadcrumb","itemListElement":[{"@type":"ListItem","position":1,"name":"Home","item":"https:\/\/fieldhockey.ca\/fr\/"},{"@type":"ListItem","position":2,"name":"PHOTOS : Retraite de l\u2019\u00c9quipe nationale f\u00e9minine \u00e0 Whistler"}]},{"@type":"WebSite","@id":"https:\/\/fieldhockey.ca\/#website","url":"https:\/\/fieldhockey.ca\/","name":"Field Hockey Canada","description":"Canada\u2019s governing body for field hockey","potentialAction":[{"@type":"SearchAction","target":{"@type":"EntryPoint","urlTemplate":"https:\/\/fieldhockey.ca\/?s={search_term_string}"},"query-input":{"@type":"PropertyValueSpecification","valueRequired":true,"valueName":"search_term_string"}}],"inLanguage":"fr-CA"},{"@type":"Person","@id":"https:\/\/fieldhockey.ca\/#\/schema\/person\/50e31731c0dc1372ccbc6648eb025b69","name":"Shaheed Devji","image":{"@type":"ImageObject","inLanguage":"fr-CA","@id":"https:\/\/fieldhockey.ca\/#\/schema\/person\/image\/","url":"https:\/\/secure.gravatar.com\/avatar\/49061c22a578dac59664dd0e0b494915a95e82e375ffbf34b9951f47077e18a9?s=96&d=mm&r=g","contentUrl":"https:\/\/secure.gravatar.com\/avatar\/49061c22a578dac59664dd0e0b494915a95e82e375ffbf34b9951f47077e18a9?s=96&d=mm&r=g","caption":"Shaheed Devji"},"url":"https:\/\/fieldhockey.ca\/fr\/author\/shaheed\/"}]}},"_links":{"self":[{"href":"https:\/\/fieldhockey.ca\/fr\/wp-json\/wp\/v2\/posts\/24716","targetHints":{"allow":["GET"]}}],"collection":[{"href":"https:\/\/fieldhockey.ca\/fr\/wp-json\/wp\/v2\/posts"}],"about":[{"href":"https:\/\/fieldhockey.ca\/fr\/wp-json\/wp\/v2\/types\/post"}],"author":[{"embeddable":true,"href":"https:\/\/fieldhockey.ca\/fr\/wp-json\/wp\/v2\/users\/4"}],"replies":[{"embeddable":true,"href":"https:\/\/fieldhockey.ca\/fr\/wp-json\/wp\/v2\/comments?post=24716"}],"version-history":[{"count":2,"href":"https:\/\/fieldhockey.ca\/fr\/wp-json\/wp\/v2\/posts\/24716\/revisions"}],"predecessor-version":[{"id":24718,"href":"https:\/\/fieldhockey.ca\/fr\/wp-json\/wp\/v2\/posts\/24716\/revisions\/24718"}],"wp:featuredmedia":[{"embeddable":true,"href":"https:\/\/fieldhockey.ca\/fr\/wp-json\/wp\/v2\/media\/24663"}],"wp:attachment":[{"href":"https:\/\/fieldhockey.ca\/fr\/wp-json\/wp\/v2\/media?parent=24716"}],"wp:term":[{"taxonomy":"category","embeddable":true,"href":"https:\/\/fieldhockey.ca\/fr\/wp-json\/wp\/v2\/categories?post=24716"},{"taxonomy":"post_tag","embeddable":true,"href":"https:\/\/fieldhockey.ca\/fr\/wp-json\/wp\/v2\/tags?post=24716"}],"curies":[{"name":"wp","href":"https:\/\/api.w.org\/{rel}","templated":true}]}}