{"id":24885,"date":"2016-12-06T11:53:56","date_gmt":"2016-12-06T19:53:56","guid":{"rendered":"http:\/\/www.fieldhockey.ca\/fr\/?p=24885"},"modified":"2016-12-12T11:54:57","modified_gmt":"2016-12-12T19:54:57","slug":"lequipe-canadienne-se-sent-a-la-maison-a-la-coupe-du-monde-junior-en-inde","status":"publish","type":"post","link":"https:\/\/fieldhockey.ca\/fr\/lequipe-canadienne-se-sent-a-la-maison-a-la-coupe-du-monde-junior-en-inde\/","title":{"rendered":"L\u2019\u00e9quipe canadienne se sent \u00ab&nbsp;\u00e0 la maison&nbsp;\u00bb \u00e0 la Coupe du Monde Junior en Inde"},"content":{"rendered":"<p>Quand l\u2019\u00c9quipe nationale junior masculine du Canada sautera sur le terrain \u00e0 la Coupe du Monde Junior \u00e0 Lucknow en Inde jeudi, le Canada pr\u00eatera attention.<\/p>\n<p>Il n\u2019est pas surprenant que l\u2019attention soit plus grande quand une \u00e9quipe canadienne participe au tournoi. Ce qui est surprenant toutefois est quand cette \u00e9quipe ne joue pas au hockey sur glace et qu\u2019il y a toujours de l\u2019int\u00e9r\u00eat.<\/p>\n<p>C\u2019est en grande partie d\u00fb \u00e0 la grande pr\u00e9sence d\u2019Indo-Canadiens au sein de l\u2019\u00c9qiupe nationale U-21 du Canada.<\/p>\n<p>Avec deux joueurs au sein de l\u2019\u00e9quipe \u2013 Floyd Mascerenhas et Ganga Singh \u2013 qui sont n\u00e9s en Inde et plusieurs autres membres de la formation qui ont des racines en Inde, un voyage dans ce pays est sp\u00e9cial.<\/p>\n<p>\u00ab&nbsp;De ce que j\u2019ai pu voir et en parlant avec d\u2019autres qui ont d\u00e9j\u00e0 jou\u00e9 ici, c\u2019est certainement quelque chose que tout le monde a d\u00e9crit comme \u00e9tant au-del\u00e0 de toute compr\u00e9hension&nbsp;\u00bb, raconte Mascarenhas, un d\u00e9fenseur qui a d\u00e9m\u00e9nag\u00e9 au Canada \u00e0 l\u2019\u00e2ge de deux ans. \u00ab&nbsp;C\u2019est incomparable comme endroit au chapitre de la passion pour le hockey.&nbsp;\u00bb<\/p>\n<p>Cela ne surprend pas le joueur de 20 ans Parmeet Gill, n\u00e9 \u00e0 Brampton en Ontario, un coin de pays qui compte beaucoup de ressortissants indiens.<\/p>\n<p>Gill et son co\u00e9quipier de la Coupe du Monde Junior Ganga Singh ont fait le voyage en Inde l\u2019\u00e9t\u00e9 dernier et ils ont pass\u00e9 deux mois \u00e0 jouer et \u00e0 s\u2019entra\u00eener dans une \u00e9cole de hockey de l\u2019endroit.<\/p>\n<p>\u00ab&nbsp;Nous vivions dans cette acad\u00e9mie \u00e0 nous entra\u00eener deux fois par jour pendant cinq jours par semaine, nous mangions l\u00e0&nbsp;\u00bb, explique Gill. \u00ab&nbsp;Nous avons v\u00e9cu et respire le hockey pendant deux mois avec ces gars, apprenant le hockey \u00e0 l\u2019indienne.&nbsp;\u00bb<\/p>\n<p>Ce n\u2019\u00e9tait pas un voyage oblig\u00e9, mais plut\u00f4t le d\u00e9sir de deux Canadiens en raison de l\u2019importance de leurs racines indiennes.<\/p>\n<p>Depuis ce voyage, Gill s\u2019est entra\u00een\u00e9 quelques mois \u00e0 Vancouver avec l\u2019\u00c9quipe nationale junior en plus de s\u2019aligner avec le club United Brothers de Surrey, une autre ville avec une grande pr\u00e9sence indienne.<\/p>\n<p>\u00ab&nbsp;L\u2019atmosph\u00e8re indo-canadienne ici est vraiment superbe&nbsp;\u00bb, dit-il. \u00ab&nbsp;Je sens l\u2019appui de la communaut\u00e9 ici, ce que ressens d\u00e9finitivement en Inde aussi. Je me sens \u00e0 la maison ici et je vais certainement me sentir \u00e0 la maison en Inde aussi.&nbsp;\u00bb<\/p>\n<p>C\u2019est un sentiment semblable qui s\u2019est empar\u00e9 de l\u2019\u00e9quipe canadienne pour la Coupe du Monde Junior faisant du tournoi \u00e0 venir une exp\u00e9rience encore plus int\u00e9ressante.<\/p>\n<p>\u00ab&nbsp;J\u2019ai de la famille ici et en Inde qui viendra voir les matchs&nbsp;\u00bb, raconte Gill. \u00ab&nbsp;C\u2019est donc du soutien solide des deux pays.&nbsp;\u00bb<\/p>\n<p>Le Canada entreprendra la Coupe du Monde Junior 2016 contre l\u2019Inde, le 8 d\u00e9cembre \u00e0 19 h, heure locale (9 h HE \/ 6 h HP).<\/p>\n<p><a href=\"http:\/\/www.fieldhockey.ca\/event\/2016-junior-world-cup-men\/\">Cliquez ici<\/a>&nbsp;pour consulter l\u2019horaire et les r\u00e9sultats complets de l\u2019\u00e9quipe canadienne. Suivez Hockey sur Gazon Canada sur <a href=\"http:\/\/twitter.com\/fieldhockeycan\">Twitter<\/a>,&nbsp;<a href=\"http:\/\/facebook.com\/FHCanada\">Facebook<\/a> et&nbsp;<a href=\"http:\/\/instagram.com\/fieldhockeycan\">Instagram<\/a>&nbsp;pour les derni\u00e8res informations au sujet de l\u2019\u00e9quipe junior masculine du Canada en Inde.<\/p>\n","protected":false},"excerpt":{"rendered":"<p>Quand l\u2019\u00c9quipe nationale junior masculine du Canada sautera sur le terrain \u00e0 la Coupe du Monde Junior \u00e0 Lucknow en Inde jeudi, le Canada pr\u00eatera attention.<\/p>\n","protected":false},"author":4,"featured_media":24791,"comment_status":"closed","ping_status":"open","sticky":false,"template":"","format":"standard","meta":{"footnotes":""},"categories":[365],"tags":[],"class_list":["post-24885","post","type-post","status-publish","format-standard","has-post-thumbnail","hentry","category-non-classifiee"],"yoast_head":"<!-- This site is optimized with the Yoast SEO plugin v26.8 - https:\/\/yoast.com\/product\/yoast-seo-wordpress\/ -->\n<title>L\u2019\u00e9quipe canadienne se sent \u00ab&nbsp;\u00e0 la maison&nbsp;\u00bb \u00e0 la Coupe du Monde Junior en Inde - Field Hockey Canada<\/title>\n<meta name=\"robots\" content=\"index, follow, max-snippet:-1, max-image-preview:large, max-video-preview:-1\" \/>\n<link rel=\"canonical\" href=\"https:\/\/fieldhockey.ca\/fr\/lequipe-canadienne-se-sent-a-la-maison-a-la-coupe-du-monde-junior-en-inde\/\" \/>\n<meta property=\"og:locale\" content=\"fr_CA\" \/>\n<meta property=\"og:type\" content=\"article\" \/>\n<meta property=\"og:title\" content=\"L\u2019\u00e9quipe canadienne se sent \u00ab&nbsp;\u00e0 la maison&nbsp;\u00bb \u00e0 la Coupe du Monde Junior en Inde - Field Hockey Canada\" \/>\n<meta property=\"og:description\" content=\"Quand l\u2019\u00c9quipe nationale junior masculine du Canada sautera sur le terrain \u00e0 la Coupe du Monde Junior \u00e0 Lucknow en Inde jeudi, le Canada pr\u00eatera attention.\" \/>\n<meta property=\"og:url\" content=\"https:\/\/fieldhockey.ca\/fr\/lequipe-canadienne-se-sent-a-la-maison-a-la-coupe-du-monde-junior-en-inde\/\" \/>\n<meta property=\"og:site_name\" content=\"Field Hockey Canada\" \/>\n<meta property=\"article:published_time\" content=\"2016-12-06T19:53:56+00:00\" \/>\n<meta property=\"article:modified_time\" content=\"2016-12-12T19:54:57+00:00\" \/>\n<meta property=\"og:image\" content=\"https:\/\/fieldhockey.ca\/wp-content\/uploads\/2016\/12\/2016-0525-TTO_CAN-264a2-e1481053670496.jpg\" \/>\n\t<meta property=\"og:image:width\" content=\"850\" \/>\n\t<meta property=\"og:image:height\" content=\"414\" \/>\n\t<meta property=\"og:image:type\" content=\"image\/jpeg\" \/>\n<meta name=\"author\" content=\"Shaheed Devji\" \/>\n<meta name=\"twitter:card\" content=\"summary_large_image\" \/>\n<meta name=\"twitter:label1\" content=\"\u00c9crit par\" \/>\n\t<meta name=\"twitter:data1\" content=\"Shaheed Devji\" \/>\n\t<meta name=\"twitter:label2\" content=\"Estimation du temps de lecture\" \/>\n\t<meta name=\"twitter:data2\" content=\"3 minutes\" \/>\n<script type=\"application\/ld+json\" class=\"yoast-schema-graph\">{\"@context\":\"https:\/\/schema.org\",\"@graph\":[{\"@type\":\"Article\",\"@id\":\"https:\/\/fieldhockey.ca\/fr\/lequipe-canadienne-se-sent-a-la-maison-a-la-coupe-du-monde-junior-en-inde\/#article\",\"isPartOf\":{\"@id\":\"https:\/\/fieldhockey.ca\/fr\/lequipe-canadienne-se-sent-a-la-maison-a-la-coupe-du-monde-junior-en-inde\/\"},\"author\":{\"name\":\"Shaheed Devji\",\"@id\":\"https:\/\/fieldhockey.ca\/#\/schema\/person\/50e31731c0dc1372ccbc6648eb025b69\"},\"headline\":\"L\u2019\u00e9quipe canadienne se sent \u00ab&nbsp;\u00e0 la maison&nbsp;\u00bb \u00e0 la Coupe du Monde Junior en Inde\",\"datePublished\":\"2016-12-06T19:53:56+00:00\",\"dateModified\":\"2016-12-12T19:54:57+00:00\",\"mainEntityOfPage\":{\"@id\":\"https:\/\/fieldhockey.ca\/fr\/lequipe-canadienne-se-sent-a-la-maison-a-la-coupe-du-monde-junior-en-inde\/\"},\"wordCount\":564,\"image\":{\"@id\":\"https:\/\/fieldhockey.ca\/fr\/lequipe-canadienne-se-sent-a-la-maison-a-la-coupe-du-monde-junior-en-inde\/#primaryimage\"},\"thumbnailUrl\":\"https:\/\/fieldhockey.ca\/wp-content\/uploads\/2016\/12\/2016-0525-TTO_CAN-264a2-e1481053670496.jpg\",\"articleSection\":[\"Non classifi\u00e9(e)\"],\"inLanguage\":\"fr-CA\"},{\"@type\":\"WebPage\",\"@id\":\"https:\/\/fieldhockey.ca\/fr\/lequipe-canadienne-se-sent-a-la-maison-a-la-coupe-du-monde-junior-en-inde\/\",\"url\":\"https:\/\/fieldhockey.ca\/fr\/lequipe-canadienne-se-sent-a-la-maison-a-la-coupe-du-monde-junior-en-inde\/\",\"name\":\"L\u2019\u00e9quipe canadienne se sent \u00ab&nbsp;\u00e0 la maison&nbsp;\u00bb \u00e0 la Coupe du Monde Junior en Inde - Field Hockey Canada\",\"isPartOf\":{\"@id\":\"https:\/\/fieldhockey.ca\/#website\"},\"primaryImageOfPage\":{\"@id\":\"https:\/\/fieldhockey.ca\/fr\/lequipe-canadienne-se-sent-a-la-maison-a-la-coupe-du-monde-junior-en-inde\/#primaryimage\"},\"image\":{\"@id\":\"https:\/\/fieldhockey.ca\/fr\/lequipe-canadienne-se-sent-a-la-maison-a-la-coupe-du-monde-junior-en-inde\/#primaryimage\"},\"thumbnailUrl\":\"https:\/\/fieldhockey.ca\/wp-content\/uploads\/2016\/12\/2016-0525-TTO_CAN-264a2-e1481053670496.jpg\",\"datePublished\":\"2016-12-06T19:53:56+00:00\",\"dateModified\":\"2016-12-12T19:54:57+00:00\",\"author\":{\"@id\":\"https:\/\/fieldhockey.ca\/#\/schema\/person\/50e31731c0dc1372ccbc6648eb025b69\"},\"breadcrumb\":{\"@id\":\"https:\/\/fieldhockey.ca\/fr\/lequipe-canadienne-se-sent-a-la-maison-a-la-coupe-du-monde-junior-en-inde\/#breadcrumb\"},\"inLanguage\":\"fr-CA\",\"potentialAction\":[{\"@type\":\"ReadAction\",\"target\":[\"https:\/\/fieldhockey.ca\/fr\/lequipe-canadienne-se-sent-a-la-maison-a-la-coupe-du-monde-junior-en-inde\/\"]}]},{\"@type\":\"ImageObject\",\"inLanguage\":\"fr-CA\",\"@id\":\"https:\/\/fieldhockey.ca\/fr\/lequipe-canadienne-se-sent-a-la-maison-a-la-coupe-du-monde-junior-en-inde\/#primaryimage\",\"url\":\"https:\/\/fieldhockey.ca\/wp-content\/uploads\/2016\/12\/2016-0525-TTO_CAN-264a2-e1481053670496.jpg\",\"contentUrl\":\"https:\/\/fieldhockey.ca\/wp-content\/uploads\/2016\/12\/2016-0525-TTO_CAN-264a2-e1481053670496.jpg\",\"width\":850,\"height\":414,\"caption\":\"2016 Pan American Championship in Toronto in May 2016. By Yan Huckendubler\"},{\"@type\":\"BreadcrumbList\",\"@id\":\"https:\/\/fieldhockey.ca\/fr\/lequipe-canadienne-se-sent-a-la-maison-a-la-coupe-du-monde-junior-en-inde\/#breadcrumb\",\"itemListElement\":[{\"@type\":\"ListItem\",\"position\":1,\"name\":\"Home\",\"item\":\"https:\/\/fieldhockey.ca\/fr\/\"},{\"@type\":\"ListItem\",\"position\":2,\"name\":\"L\u2019\u00e9quipe canadienne se sent \u00ab&nbsp;\u00e0 la maison&nbsp;\u00bb \u00e0 la Coupe du Monde Junior en Inde\"}]},{\"@type\":\"WebSite\",\"@id\":\"https:\/\/fieldhockey.ca\/#website\",\"url\":\"https:\/\/fieldhockey.ca\/\",\"name\":\"Field Hockey Canada\",\"description\":\"Canada\u2019s governing body for field hockey\",\"potentialAction\":[{\"@type\":\"SearchAction\",\"target\":{\"@type\":\"EntryPoint\",\"urlTemplate\":\"https:\/\/fieldhockey.ca\/?s={search_term_string}\"},\"query-input\":{\"@type\":\"PropertyValueSpecification\",\"valueRequired\":true,\"valueName\":\"search_term_string\"}}],\"inLanguage\":\"fr-CA\"},{\"@type\":\"Person\",\"@id\":\"https:\/\/fieldhockey.ca\/#\/schema\/person\/50e31731c0dc1372ccbc6648eb025b69\",\"name\":\"Shaheed Devji\",\"image\":{\"@type\":\"ImageObject\",\"inLanguage\":\"fr-CA\",\"@id\":\"https:\/\/fieldhockey.ca\/#\/schema\/person\/image\/\",\"url\":\"https:\/\/secure.gravatar.com\/avatar\/49061c22a578dac59664dd0e0b494915a95e82e375ffbf34b9951f47077e18a9?s=96&d=mm&r=g\",\"contentUrl\":\"https:\/\/secure.gravatar.com\/avatar\/49061c22a578dac59664dd0e0b494915a95e82e375ffbf34b9951f47077e18a9?s=96&d=mm&r=g\",\"caption\":\"Shaheed Devji\"},\"url\":\"https:\/\/fieldhockey.ca\/fr\/author\/shaheed\/\"}]}<\/script>\n<!-- \/ Yoast SEO plugin. -->","yoast_head_json":{"title":"L\u2019\u00e9quipe canadienne se sent \u00ab&nbsp;\u00e0 la maison&nbsp;\u00bb \u00e0 la Coupe du Monde Junior en Inde - Field Hockey Canada","robots":{"index":"index","follow":"follow","max-snippet":"max-snippet:-1","max-image-preview":"max-image-preview:large","max-video-preview":"max-video-preview:-1"},"canonical":"https:\/\/fieldhockey.ca\/fr\/lequipe-canadienne-se-sent-a-la-maison-a-la-coupe-du-monde-junior-en-inde\/","og_locale":"fr_CA","og_type":"article","og_title":"L\u2019\u00e9quipe canadienne se sent \u00ab&nbsp;\u00e0 la maison&nbsp;\u00bb \u00e0 la Coupe du Monde Junior en Inde - Field Hockey Canada","og_description":"Quand l\u2019\u00c9quipe nationale junior masculine du Canada sautera sur le terrain \u00e0 la Coupe du Monde Junior \u00e0 Lucknow en Inde jeudi, le Canada pr\u00eatera attention.","og_url":"https:\/\/fieldhockey.ca\/fr\/lequipe-canadienne-se-sent-a-la-maison-a-la-coupe-du-monde-junior-en-inde\/","og_site_name":"Field Hockey Canada","article_published_time":"2016-12-06T19:53:56+00:00","article_modified_time":"2016-12-12T19:54:57+00:00","og_image":[{"width":850,"height":414,"url":"https:\/\/fieldhockey.ca\/wp-content\/uploads\/2016\/12\/2016-0525-TTO_CAN-264a2-e1481053670496.jpg","type":"image\/jpeg"}],"author":"Shaheed Devji","twitter_card":"summary_large_image","twitter_misc":{"\u00c9crit par":"Shaheed Devji","Estimation du temps de lecture":"3 minutes"},"schema":{"@context":"https:\/\/schema.org","@graph":[{"@type":"Article","@id":"https:\/\/fieldhockey.ca\/fr\/lequipe-canadienne-se-sent-a-la-maison-a-la-coupe-du-monde-junior-en-inde\/#article","isPartOf":{"@id":"https:\/\/fieldhockey.ca\/fr\/lequipe-canadienne-se-sent-a-la-maison-a-la-coupe-du-monde-junior-en-inde\/"},"author":{"name":"Shaheed Devji","@id":"https:\/\/fieldhockey.ca\/#\/schema\/person\/50e31731c0dc1372ccbc6648eb025b69"},"headline":"L\u2019\u00e9quipe canadienne se sent \u00ab&nbsp;\u00e0 la maison&nbsp;\u00bb \u00e0 la Coupe du Monde Junior en Inde","datePublished":"2016-12-06T19:53:56+00:00","dateModified":"2016-12-12T19:54:57+00:00","mainEntityOfPage":{"@id":"https:\/\/fieldhockey.ca\/fr\/lequipe-canadienne-se-sent-a-la-maison-a-la-coupe-du-monde-junior-en-inde\/"},"wordCount":564,"image":{"@id":"https:\/\/fieldhockey.ca\/fr\/lequipe-canadienne-se-sent-a-la-maison-a-la-coupe-du-monde-junior-en-inde\/#primaryimage"},"thumbnailUrl":"https:\/\/fieldhockey.ca\/wp-content\/uploads\/2016\/12\/2016-0525-TTO_CAN-264a2-e1481053670496.jpg","articleSection":["Non classifi\u00e9(e)"],"inLanguage":"fr-CA"},{"@type":"WebPage","@id":"https:\/\/fieldhockey.ca\/fr\/lequipe-canadienne-se-sent-a-la-maison-a-la-coupe-du-monde-junior-en-inde\/","url":"https:\/\/fieldhockey.ca\/fr\/lequipe-canadienne-se-sent-a-la-maison-a-la-coupe-du-monde-junior-en-inde\/","name":"L\u2019\u00e9quipe canadienne se sent \u00ab&nbsp;\u00e0 la maison&nbsp;\u00bb \u00e0 la Coupe du Monde Junior en Inde - Field Hockey Canada","isPartOf":{"@id":"https:\/\/fieldhockey.ca\/#website"},"primaryImageOfPage":{"@id":"https:\/\/fieldhockey.ca\/fr\/lequipe-canadienne-se-sent-a-la-maison-a-la-coupe-du-monde-junior-en-inde\/#primaryimage"},"image":{"@id":"https:\/\/fieldhockey.ca\/fr\/lequipe-canadienne-se-sent-a-la-maison-a-la-coupe-du-monde-junior-en-inde\/#primaryimage"},"thumbnailUrl":"https:\/\/fieldhockey.ca\/wp-content\/uploads\/2016\/12\/2016-0525-TTO_CAN-264a2-e1481053670496.jpg","datePublished":"2016-12-06T19:53:56+00:00","dateModified":"2016-12-12T19:54:57+00:00","author":{"@id":"https:\/\/fieldhockey.ca\/#\/schema\/person\/50e31731c0dc1372ccbc6648eb025b69"},"breadcrumb":{"@id":"https:\/\/fieldhockey.ca\/fr\/lequipe-canadienne-se-sent-a-la-maison-a-la-coupe-du-monde-junior-en-inde\/#breadcrumb"},"inLanguage":"fr-CA","potentialAction":[{"@type":"ReadAction","target":["https:\/\/fieldhockey.ca\/fr\/lequipe-canadienne-se-sent-a-la-maison-a-la-coupe-du-monde-junior-en-inde\/"]}]},{"@type":"ImageObject","inLanguage":"fr-CA","@id":"https:\/\/fieldhockey.ca\/fr\/lequipe-canadienne-se-sent-a-la-maison-a-la-coupe-du-monde-junior-en-inde\/#primaryimage","url":"https:\/\/fieldhockey.ca\/wp-content\/uploads\/2016\/12\/2016-0525-TTO_CAN-264a2-e1481053670496.jpg","contentUrl":"https:\/\/fieldhockey.ca\/wp-content\/uploads\/2016\/12\/2016-0525-TTO_CAN-264a2-e1481053670496.jpg","width":850,"height":414,"caption":"2016 Pan American Championship in Toronto in May 2016. By Yan Huckendubler"},{"@type":"BreadcrumbList","@id":"https:\/\/fieldhockey.ca\/fr\/lequipe-canadienne-se-sent-a-la-maison-a-la-coupe-du-monde-junior-en-inde\/#breadcrumb","itemListElement":[{"@type":"ListItem","position":1,"name":"Home","item":"https:\/\/fieldhockey.ca\/fr\/"},{"@type":"ListItem","position":2,"name":"L\u2019\u00e9quipe canadienne se sent \u00ab&nbsp;\u00e0 la maison&nbsp;\u00bb \u00e0 la Coupe du Monde Junior en Inde"}]},{"@type":"WebSite","@id":"https:\/\/fieldhockey.ca\/#website","url":"https:\/\/fieldhockey.ca\/","name":"Field Hockey Canada","description":"Canada\u2019s governing body for field hockey","potentialAction":[{"@type":"SearchAction","target":{"@type":"EntryPoint","urlTemplate":"https:\/\/fieldhockey.ca\/?s={search_term_string}"},"query-input":{"@type":"PropertyValueSpecification","valueRequired":true,"valueName":"search_term_string"}}],"inLanguage":"fr-CA"},{"@type":"Person","@id":"https:\/\/fieldhockey.ca\/#\/schema\/person\/50e31731c0dc1372ccbc6648eb025b69","name":"Shaheed Devji","image":{"@type":"ImageObject","inLanguage":"fr-CA","@id":"https:\/\/fieldhockey.ca\/#\/schema\/person\/image\/","url":"https:\/\/secure.gravatar.com\/avatar\/49061c22a578dac59664dd0e0b494915a95e82e375ffbf34b9951f47077e18a9?s=96&d=mm&r=g","contentUrl":"https:\/\/secure.gravatar.com\/avatar\/49061c22a578dac59664dd0e0b494915a95e82e375ffbf34b9951f47077e18a9?s=96&d=mm&r=g","caption":"Shaheed Devji"},"url":"https:\/\/fieldhockey.ca\/fr\/author\/shaheed\/"}]}},"_links":{"self":[{"href":"https:\/\/fieldhockey.ca\/fr\/wp-json\/wp\/v2\/posts\/24885","targetHints":{"allow":["GET"]}}],"collection":[{"href":"https:\/\/fieldhockey.ca\/fr\/wp-json\/wp\/v2\/posts"}],"about":[{"href":"https:\/\/fieldhockey.ca\/fr\/wp-json\/wp\/v2\/types\/post"}],"author":[{"embeddable":true,"href":"https:\/\/fieldhockey.ca\/fr\/wp-json\/wp\/v2\/users\/4"}],"replies":[{"embeddable":true,"href":"https:\/\/fieldhockey.ca\/fr\/wp-json\/wp\/v2\/comments?post=24885"}],"version-history":[{"count":2,"href":"https:\/\/fieldhockey.ca\/fr\/wp-json\/wp\/v2\/posts\/24885\/revisions"}],"predecessor-version":[{"id":24887,"href":"https:\/\/fieldhockey.ca\/fr\/wp-json\/wp\/v2\/posts\/24885\/revisions\/24887"}],"wp:featuredmedia":[{"embeddable":true,"href":"https:\/\/fieldhockey.ca\/fr\/wp-json\/wp\/v2\/media\/24791"}],"wp:attachment":[{"href":"https:\/\/fieldhockey.ca\/fr\/wp-json\/wp\/v2\/media?parent=24885"}],"wp:term":[{"taxonomy":"category","embeddable":true,"href":"https:\/\/fieldhockey.ca\/fr\/wp-json\/wp\/v2\/categories?post=24885"},{"taxonomy":"post_tag","embeddable":true,"href":"https:\/\/fieldhockey.ca\/fr\/wp-json\/wp\/v2\/tags?post=24885"}],"curies":[{"name":"wp","href":"https:\/\/api.w.org\/{rel}","templated":true}]}}